{"id":37300,"date":"2011-05-05T13:22:14","date_gmt":"2011-05-05T18:22:14","guid":{"rendered":"http:\/\/www.bibula.com\/?p=37300"},"modified":"2011-05-05T13:22:14","modified_gmt":"2011-05-05T18:22:14","slug":"usama-ibn-ladin-i-zachodniactwo-adam-danek","status":"publish","type":"post","link":"https:\/\/www.bibula.com\/?p=37300","title":{"rendered":"Usama ibn Ladin i zachodniactwo &#8211; <em>Adam Danek<\/em>"},"content":{"rendered":"<p style=\"padding-left: 60px;\"><em>Pij\u0105 mieszczanie i \u017cebracy,<\/em><strong><\/strong><br \/> <em>\u0179o\u0142dacy odstawili w\u0142\u00f3cznie<\/em><br \/> <em>I pij\u0105 te\u017c po ci\u0119\u017ckiej pracy;<\/em><br \/> <em>Bawi si\u0119 ca\u0142e miasto hucznie.<\/em><br \/> Jacek Kaczmarski<\/p>\r\n<p>Stacje telewizyjne i gazety tryumfalnym tonem obwie\u015bci\u0142y \u015bmier\u0107 Usamy  ibn Ladina, dzi\u0119ki j\u0119zykowemu niechlujstwu anglosaskich medi\u00f3w znanego  na ca\u0142ym \u015bwiecie jako Osama bin Laden &#8211; domniemanego organizatora  domniemanego ataku muzu\u0142ma\u0144skich terroryst\u00f3w na World Trade Center. (W  \u015bwietle fakt\u00f3w i obserwacji przytaczanych przez rzecznik\u00f3w tzw. hipotezy  <em>inside job <\/em>oficjalna wersja wydarze\u0144 z 11 IX 2001 r. wygl\u0105da,  delikatnie m\u00f3wi\u0105c, w\u0105tpliwie &#8211; ale to osobny temat, zas\u0142uguj\u0105cy na  znacznie obszerniejszy artyku\u0142.) Saudyjczyk zgin\u0105\u0142 w Pakistanie w nocy z  1 na 2 maja bie\u017c\u0105cego roku, od kul si\u0142 specjalnych ameryka\u0144skiej  marynarki wojennej.<\/p>\r\n<p>To zastanawiaj\u0105ce, \u017ce komandosi otrzymali rozkaz natychmiastowego  zabicia Araba. W\u0142adze USA rozmy\u015blnie zrezygnowa\u0142y wi\u0119c tym razem z tak  dobrze nam znanego scenariusza, z\u0142o\u017conego z pojmania celu i postawienia  go przed s\u0105dem, nawet tak marionetkowym, jak na przyk\u0142ad Mi\u0119dzynarodowy  Trybuna\u0142 Karny dla By\u0142ej Jugos\u0142awii, za kt\u00f3rego fasad\u0105 pakuj\u0105 do wi\u0119zie\u0144  cz\u0142onk\u00f3w elit politycznych i wojskowych Serbii oraz Chorwacji. Czy\u017cby  obawia\u0142y si\u0119 tego, co Usama ibn Ladin m\u00f3g\u0142by powiedzie\u0107 podczas uwa\u017cnie  \u015bledzonego przez \u015bwiat procesu? \u0179eby zepsu\u0107 zaplanowany efekt,  wystarczy\u0142oby samo przypomnienie, i\u017c owego terroryst\u0119 wykreowa\u0142y na  prze\u0142omie lat siedemdziesi\u0105tych i osiemdziesi\u0105tych ubieg\u0142ego wieku  s\u0142u\u017cby specjalne Stan\u00f3w Zjednoczonych, jako narz\u0119dzie przydatne w\u00f3wczas w  walce z uwik\u0142anym w wojn\u0119 w Afganistanie Zwi\u0105zkiem Sowieckim.  Zaszkodzi\u0107 mog\u0142aby nawet sama postawa Saudyjczyka. Poprzednie procesy  pokazowe da\u0142y przecie\u017c efekt niezupe\u0142nie zgodny z zamierzonym. Godne i  dumne zachowanie Saddama Husseina przed zmontowanym napr\u0119dce s\u0105dem  sprawi\u0142o, \u017ce jego proces wzbudzi\u0142 sympati\u0119 bardziej dla oskar\u017conego ni\u017c  dla tych, kt\u00f3rym w scenariuszu wyznaczono rol\u0119 szlachetnych pogromc\u00f3w  z\u0142a. Nagranie egzekucji by\u0142ego dyktatora Iraku i rozpowszechnienie jej  za pomoc\u0105 massmedi\u00f3w zamiast poczucia zwyci\u0119stwa sprawiedliwo\u015bci  wywo\u0142a\u0142o niesmak. Proces Slobodana Milo\u0161evicia, po d\u0142ugich i  bezskutecznych pr\u00f3bach skazania zako\u0144czony wreszcie jego podejrzan\u0105  \u015bmierci\u0105 w wi\u0119zieniu, przyni\u00f3s\u0142 w rezultacie jedynie spadek wiary w  oficjalne komunikaty. W obu wypadkach samozwa\u0144czy \u201eglobalny szeryf\u201d zza  swojej dobrotliwej maski z dopracowanym przez specjalist\u00f3w od PR  hollywoodzkim u\u015bmiechem wychyli\u0142 oblicze zwyk\u0142ego oprycha. Czy\u017cby nie  chcia\u0142 powt\u00f3rzy\u0107 tego taktycznego b\u0142\u0119du? A mo\u017ce Arab nie by\u0142 mu wi\u0119cej  potrzebny, nie nadawa\u0142 si\u0119 ju\u017c do dalszego propagandowego wykorzystania?<\/p>\r\n<p>Usama ibn Ladin zosta\u0142 zastrzelony na terytorium suwerennego (?)  pa\u0144stwa pakista\u0144skiego &#8211; nie przez jego w\u0142asne si\u0142y bezpiecze\u0144stwa, lecz  przez \u017co\u0142nierzy USA, obcego pa\u0144stwa, w \u017caden spos\u00f3b nie uprawnionych do  dzia\u0142ania na terenie Pakistanu. Dotychczas podobne incydenty uznawano  dot\u0105d za zwyczajne morderstwa polityczne. I cho\u0107 potajemnie r\u00f3\u017cne  pa\u0144stwa dokonywa\u0142y akcji tego rodzaju, nigdy si\u0119 nimi nie chwalono, a  je\u017celi sprawa mimo wszystko wyp\u0142yn\u0119\u0142a &#8211; publicznie zaprzeczano, \u017ce  oskar\u017cane pa\u0144stwo ma z ni\u0105 cokolwiek wsp\u00f3lnego (inaczej m\u00f3wi\u0105c, k\u0142amano w  \u017cywe oczy). \u015ap. genera\u0142 August Pinochet wys\u0142a\u0142 funkcjonariuszy  Narodowej Dyrekcji Wywiadu (DINA) na terytorium USA, gdzie w 1976 r.  zorganizowali oni (cudzymi r\u0119kami) udany zamach na \u017cycie Orlando  Leteliera, chilijskiego lewaka i by\u0142ego ministra obrony,  wsp\u00f3\u0142odpowiedzialnego za przygotowania do pr\u00f3by wprowadzenia w Chile  systemu komunistycznego. Na arenie mi\u0119dzynarodowej rozla\u0142o si\u0119  oburzenie, a w stosunkach ameryka\u0144sko-chilijskich dosz\u0142o do napi\u0119\u0107, cho\u0107  Stany Zjednoczone popiera\u0142y wcze\u015bniej dyktatur\u0119 Pinocheta.<\/p>\r\n<p>Wok\u00f3\u0142 zab\u00f3jstwa Usamy ibn Ladina natychmiast po fakcie zaistnia\u0142a  zupe\u0142nie inna otoczka. Wszystkie kana\u0142y telewizyjne nieustannie pokazuj\u0105  t\u0142umy Amerykan\u00f3w, imprezuj\u0105cych na ulicach z okazji \u015bmierci  Saudyjczyka. Hucz\u0105 \u015bmiechy i oklaski, w obiektywy kamer wciskaj\u0105 si\u0119 co  chwil\u0119 d\u0142onie z wyci\u0105gni\u0119tym do g\u00f3ry kciukiem lub palcami z\u0142o\u017conymi w  znak <em>victory<\/em>. W telewizji i Internecie dost\u0119pne s\u0105 komputerowe  rekonstrukcje zabicia Araba przez \u201enaszych dzielnych ch\u0142opc\u00f3w\u201d, kt\u00f3re  setki tysi\u0119cy podtatusia\u0142ych mieszczuch\u00f3w mog\u0105 ogl\u0105da\u0107, nie wstaj\u0105c od  stanowiska pracy czy domowego sto\u0142u. W atmosferze festynu ameryka\u0144scy  oficjele z min\u0105 pe\u0142n\u0105 wystudiowanej powagi, jak przysta\u0142o na  przemawiaj\u0105c\u0105 sprawiedliwo\u015b\u0107, opowiadaj\u0105 na konferencjach prasowych o  przygotowaniach do operacji, jej przebiegu i zwi\u0105zanym z ni\u0105 procesie  decyzyjnym (tzn. podaj\u0105 ich wersj\u0119 oficjaln\u0105), okraszaj\u0105c swoje  wypowiedzi wyg\u0142aszanymi patetycznym tonem bana\u0142ami o tym, \u017ce \u201ez\u0142o nigdy  nie uchodzi bezkarnie\u201d i tak dalej. Z ca\u0142ego globu, od siedmiu dekad  oplecionego atlantyckim polipem, nap\u0142ywaj\u0105 entuzjastyczne (czyt.  wazeliniarskie) gratulacje udanego \u201epolowania\u201d i zachwyty nad skutecznym  odstrzeleniem Saudyjczyka. Wiernopodda\u0144czych ho\u0142d\u00f3w nie omieszka\u0142a  oczywi\u015bcie z\u0142o\u017cy\u0107 i Republika Okr\u0105g\u0142ego Sto\u0142u, ustami swojego  prezydenta, premiera oraz ministra spraw zagranicznych.<\/p>\r\n<p>W rzeczywisto\u015bci jednak dla USA polityczne korzy\u015bci z morderstwa na  Usamie ibn Ladinie s\u0105 \u017cadne. Wed\u0142ug do\u015b\u0107 zgodnej opinii analityk\u00f3w jego  \u015bmier\u0107 z r\u0119ki Amerykan\u00f3w mo\u017ce tylko rozbudzi\u0107 w \u015bwiecie islamskim  pragnienie zemsty i zach\u0119ci\u0107 go do podj\u0119cia dzia\u0142a\u0144 odwetowych. W takim  razie, po co to zrobili? C\u00f3\u017c za pytanie &#8211; s\u0142yszymy w odpowiedzi &#8211;  przecie\u017c tego po 11 wrze\u015bnia domaga\u0142y si\u0119 miliony Amerykan\u00f3w. Innymi  s\u0142owy, by\u0142o to morderstwo prawdziwie demokratyczne, a skoro  demokratyczne, to s\u0142uszne.<\/p>\r\n<p>Nie sympatyzowa\u0142em dot\u0105d i nadal nie sympatyzuj\u0119 ani z Usam\u0105 ibn  Ladinem, ani z radykalnymi ruchami muzu\u0142ma\u0144skimi, ani z islamem jako  takim, ani te\u017c z cywilizacj\u0105 arabsk\u0105 &#8211; niemniej w planie doczesnym ma  ona takie samo prawo istnie\u0107 i rozwija\u0107 si\u0119, jak pozosta\u0142e cywilizacje.  Ba, jestem przekonany, \u017ce pod wzgl\u0119dem duchowym, religijnym,  intelektualnym czy moralnym niezaprzeczalnie ust\u0119puje ona cywilizacji  chrze\u015bcija\u0144skiej, opartej na fundamencie plato\u0144skim i hellenistycznym,  wsp\u00f3lnym dla Wschodu i (prawdziwego) Zachodu. Ale polityczne i umys\u0142owe  elity USA, a tak\u017ce podlizuj\u0105cych si\u0119 Ameryce pa\u0144stw Europy, nie  reprezentuj\u0105 tej ostatniej. Reprezentuj\u0105 one jedynie produkt gnicia i  rozk\u0142adu kultur tradycyjnych zwany \u201ecywilizacj\u0105 zachodni\u0105\u201d: \u015bciek  protestanckiej rewolucji religijnej, kultury mieszcza\u0144skiej,  indywidualizmu, libertynizmu, ideologii \u201eo\u015bwiecenia\u201d, ideologii \u201epraw  cz\u0142owieka i obywatela\u201d, liberalizmu, atomizmu spo\u0142ecznego, ekonomizmu,  materializmu, demokracji, parlamentaryzmu i partyjnictwa.<\/p>\r\n<p>\u015amier\u0107 Usamy ibn Ladina zas\u0142uguje na odnotowanie z jednego powodu.  Nad\u0119tymi od samozadowolenia g\u0119bami swoich politykier\u00f3w, ulicznymi  podrygami swojego mot\u0142ochu, bezwstydem swoich medi\u00f3w &#8211; \u201ecywilizacja  zachodnia\u201d obna\u017cy\u0142a swoj\u0105 moraln\u0105 nico\u015b\u0107. Rosyjski my\u015bliciel polityczny  prof. Aleksander Dugin zauwa\u017cy\u0142 kiedy\u015b, \u017ce nie przez przypadek w j\u0119zyku  czeskim s\u0142owo <em>zachod<\/em> oznacza \u201ewychodek\u201d, czyli kloak\u0119. Najwy\u017cszy czas zlikwidowa\u0107 to \u017ar\u00f3d\u0142o smrodu.<\/p>\r\n<h3><em>Adam Danek<\/em><\/h3>","protected":false},"excerpt":{"rendered":"Pij\u0105 mieszczanie i \u017cebracy, \u0179o\u0142dacy odstawili w\u0142\u00f3cznie I pij\u0105 te\u017c po ci\u0119\u017ckiej pracy; Bawi si\u0119 ca\u0142e miasto hucznie. Jacek Kaczmarski Stacje telewizyjne i gazety tryumfalnym tonem obwie\u015bci\u0142y \u015bmier\u0107 Usamy ibn Ladina, dzi\u0119ki j\u0119zykowemu niechlujstwu anglosaskich medi\u00f3w znanego na ca\u0142ym \u015bwiecie jako Osama bin Laden &#8211; domniemanego organizatora domniemanego ataku muzu\u0142ma\u0144skich terroryst\u00f3w na World Trade Center. [&hellip;]","protected":false},"author":1,"featured_media":0,"comment_status":"closed","ping_status":"closed","sticky":false,"template":"","format":"standard","meta":{"_acf_changed":false,"_monsterinsights_skip_tracking":false,"_monsterinsights_sitenote_active":false,"_monsterinsights_sitenote_note":"","_monsterinsights_sitenote_category":0,"ngg_post_thumbnail":0,"footnotes":"","_wp_rev_ctl_limit":""},"categories":[9],"tags":[69,21,126],"acf":[],"_links":{"self":[{"href":"https:\/\/www.bibula.com\/index.php?rest_route=\/wp\/v2\/posts\/37300"}],"collection":[{"href":"https:\/\/www.bibula.com\/index.php?rest_route=\/wp\/v2\/posts"}],"about":[{"href":"https:\/\/www.bibula.com\/index.php?rest_route=\/wp\/v2\/types\/post"}],"author":[{"embeddable":true,"href":"https:\/\/www.bibula.com\/index.php?rest_route=\/wp\/v2\/users\/1"}],"replies":[{"embeddable":true,"href":"https:\/\/www.bibula.com\/index.php?rest_route=%2Fwp%2Fv2%2Fcomments&post=37300"}],"version-history":[{"count":0,"href":"https:\/\/www.bibula.com\/index.php?rest_route=\/wp\/v2\/posts\/37300\/revisions"}],"wp:attachment":[{"href":"https:\/\/www.bibula.com\/index.php?rest_route=%2Fwp%2Fv2%2Fmedia&parent=37300"}],"wp:term":[{"taxonomy":"category","embeddable":true,"href":"https:\/\/www.bibula.com\/index.php?rest_route=%2Fwp%2Fv2%2Fcategories&post=37300"},{"taxonomy":"post_tag","embeddable":true,"href":"https:\/\/www.bibula.com\/index.php?rest_route=%2Fwp%2Fv2%2Ftags&post=37300"}],"curies":[{"name":"wp","href":"https:\/\/api.w.org\/{rel}","templated":true}]}}