{"id":373,"date":"2006-05-24T00:00:00","date_gmt":"2006-05-24T00:00:00","guid":{"rendered":""},"modified":"2016-05-24T09:29:18","modified_gmt":"2016-05-24T13:29:18","slug":"pod-sad-wojskowy-za-modlitwe-do-jezusa-w-afganistanie-w-chinach-nie-w-amerykanskiej-marynarce-wojennej","status":"publish","type":"post","link":"https:\/\/www.bibula.com\/?p=373","title":{"rendered":"Pod S\u0105d Wojskowy za modlitw\u0119 do Jezusa. W Afganistanie? W Chinach? Nie, w ameryka\u0144skiej Marynarce Wojennej"},"content":{"rendered":"<p>Kapelan wojskowy Marynarki Wojennej <em>US Navy, <\/em>porucznik Gordon James Klingenschmitt zosta\u0142 oficjalnie postawiony w stan oskar\u017cenia na wniosek Sekretarza <em>US Navy <\/em>Donalda C. Winter, za publiczn\u0105 modlitw\u0119, w kt\u00f3rej u\u017cy\u0142 imienia Jezus. Jakkolwiek &#8211; jak twierdzi rzecznik prasowy <em>US Navy<\/em> &#8211; przepisy Marynarki Wojennej wprost nie zabraniaj\u0105 modlitwy z wypowiadaniem imienia Jezus, to zalecane i praktykowane s\u0105 modlitwy jedynie do bezimiennego boga.<\/p><p>Aktywi\u015bci przygotowuj\u0105 akcj\u0119 popieraj\u0105c\u0105 kapelana Klingenschmitta, kt\u00f3ry stanie przed s\u0105dem wojskowym, i naciskaj\u0105c\u0105 na prezydenta George W. Busha jako Dow\u00f3dc\u0119 Armii Ameryka\u0144skiej, aby zmieniono przepisy, kt\u00f3re &#8211; jak m\u00f3wi\u0105 &#8211; s\u0105 tyrani\u0105 i nie maj\u0105 z wolno\u015bci\u0105 religijn\u0105 nic wsp\u00f3lnego.<\/p><p>37-letni porucznik Klingenschmitt opr\u00f3cz ostatniej publicznej modliwy do Jezusa, kt\u00f3ra mia\u0142a miejsce przed Bialym Domem 30 marca br., ju\u017c kilka lat temu mia\u0142 wielkie k\u0142opoty, bowiem podczas pogrzebu jednego z marynarzy u\u017cy\u0142 s\u0142owa &#8222;Piek\u0142o&#8221;, a p\u00f3\u017aniej odm\u00f3wi\u0142 wraz z grup\u0105 marynarzy uczestnictwa w liturgii sprawowanej przez pastora-homoseksualist\u0119. W grudniu zesz\u0142ego roku, por. Klingenschmitt og\u0142osi\u0142 strajk g\u0142odowy na znak protestu za zakazywanie mu modlitw do Jezusa. <a class=\"content_sz\" href=\"http:\/\/www.washingtonpost.com\/wp-dyn\/content\/article\/2006\/01\/09\/AR2006010901812.html\" target=\"_blank\">18-dniowy strajk<\/a> doprowadzi\u0142 do &#8211; wydawa\u0142o si\u0119 wtedy &#8211; pozytywnych rozwi\u0105za\u0144. Okaza\u0142o si\u0119 jednak, \u017ce tylko tymczasowych.<\/p>","protected":false},"excerpt":{"rendered":"Kapelan wojskowy Marynarki Wojennej US Navy, porucznik Gordon James Klingenschmitt zosta\u0142 oficjalnie postawiony w stan oskar\u017cenia na wniosek Sekretarza US Navy Donalda C. Winter, za publiczn\u0105 modlitw\u0119, w kt\u00f3rej u\u017cy\u0142 imienia Jezus. Jakkolwiek &#8211; jak twierdzi rzecznik prasowy US Navy &#8211; przepisy Marynarki Wojennej wprost nie zabraniaj\u0105 modlitwy z wypowiadaniem imienia Jezus, to zalecane i [&hellip;]","protected":false},"author":1,"featured_media":0,"comment_status":"closed","ping_status":"open","sticky":false,"template":"","format":"standard","meta":{"_acf_changed":false,"_monsterinsights_skip_tracking":false,"ngg_post_thumbnail":0,"footnotes":"","_wp_rev_ctl_limit":""},"categories":[7],"tags":[100,84,221],"acf":[],"_links":{"self":[{"href":"https:\/\/www.bibula.com\/index.php?rest_route=\/wp\/v2\/posts\/373"}],"collection":[{"href":"https:\/\/www.bibula.com\/index.php?rest_route=\/wp\/v2\/posts"}],"about":[{"href":"https:\/\/www.bibula.com\/index.php?rest_route=\/wp\/v2\/types\/post"}],"author":[{"embeddable":true,"href":"https:\/\/www.bibula.com\/index.php?rest_route=\/wp\/v2\/users\/1"}],"replies":[{"embeddable":true,"href":"https:\/\/www.bibula.com\/index.php?rest_route=%2Fwp%2Fv2%2Fcomments&post=373"}],"version-history":[{"count":0,"href":"https:\/\/www.bibula.com\/index.php?rest_route=\/wp\/v2\/posts\/373\/revisions"}],"wp:attachment":[{"href":"https:\/\/www.bibula.com\/index.php?rest_route=%2Fwp%2Fv2%2Fmedia&parent=373"}],"wp:term":[{"taxonomy":"category","embeddable":true,"href":"https:\/\/www.bibula.com\/index.php?rest_route=%2Fwp%2Fv2%2Fcategories&post=373"},{"taxonomy":"post_tag","embeddable":true,"href":"https:\/\/www.bibula.com\/index.php?rest_route=%2Fwp%2Fv2%2Ftags&post=373"}],"curies":[{"name":"wp","href":"https:\/\/api.w.org\/{rel}","templated":true}]}}