{"id":3727,"date":"2008-12-01T10:02:37","date_gmt":"2008-12-01T15:02:37","guid":{"rendered":"http:\/\/www.bibula.com\/?p=3727"},"modified":"2008-12-01T09:03:58","modified_gmt":"2008-12-01T14:03:58","slug":"podatnik-lozy-na-imprezy-z-upa-w-tle","status":"publish","type":"post","link":"https:\/\/www.bibula.com\/?p=3727","title":{"rendered":"Podatnik \u0142o\u017cy na imprezy z UPA w tle"},"content":{"rendered":"<p><strong>Na stronach internetowych przemyskiego ko\u0142a Zwi\u0105zku Ukrai\u0144c\u00f3w w Polsce mo\u017cna by\u0142o do niedawna zobaczy\u0107 fotografie z uroczysto\u015bci odznaczenia &#8222;kombatant\u00f3w&#8221; Ukrai\u0144skiej Powsta\u0144czej Armii, odpowiedzialnej za ludob\u00f3jstwo ludno\u015bci polskiej na Kresach Wschodnich Rzeczypospolitej w latach czterdziestych ubieg\u0142ego wieku. Po naszej interwencji okre\u015blenie &#8222;wojacy z UPA&#8221; zosta\u0142o usuni\u0119te. Wkr\u00f3tce potem usuni\u0119to kompromituj\u0105ce zdj\u0119cia. Problem jednak pozosta\u0142. Tym bardziej \u017ce Zwi\u0105zek jest organizacj\u0105 dotowan\u0105 z bud\u017cetu pa\u0144stwa. Mamy wi\u0119c oto kuriozaln\u0105 sytuacj\u0119, w kt\u00f3rej z jednej strony podatnicy \u0142o\u017c\u0105 na funkcjonowanie struktury gloryfikuj\u0105cej formacj\u0119 odpowiedzialn\u0105 za ludob\u00f3jstwo (UPA), a z drugiej na organizowanie uroczysto\u015bci upami\u0119tniaj\u0105cej jej ofiary. To nienormalne.<\/strong><\/p>\r\n\r\n<p>&#8211; W przemyskim oddziale Zwi\u0105zku Ukrai\u0144c\u00f3w w Polsce odby\u0142y si\u0119 uroczysto\u015bci z okazji 65. rocznicy powstania UPA i stulecia urodzin Romana Szuchewycza, dow\u00f3dcy tej organizacji, kt\u00f3ry wyda\u0142 rozkazy o ludob\u00f3jstwie &#8211; m\u00f3wi europose\u0142 Andrzej Zapa\u0142owski, kt\u00f3ry m.in. w tej sprawie na wniosek organizacji kresowych wystosowa\u0142 protest do premiera Donalda Tuska. Na stronie internetowej ZUwP znajduje si\u0119 link pt. &#8222;UPA &#8211; tak&#8221;, kt\u00f3ry gloryfikuje zbrodniarzy. &#8211; To dla mnie rzecz skandaliczna, \u017ce oficjalna organizacja ZUwP, kt\u00f3ra jest dotowana przez rz\u0105d polski, po prostu wychwala szowinizm, nienawi\u015b\u0107, gloryfikuje organizacj\u0119 faszyzuj\u0105c\u0105 w czasie wojny. To jedno wielkie nieporozumienie &#8211; twierdzi Zapa\u0142owski. <br \/>\r\n Przemyskie ko\u0142o Zwi\u0105zku Ukrai\u0144c\u00f3w w Polsce nie chcia\u0142o komentowa\u0107 ca\u0142ego zdarzenia. &#8211; Nie udzielamy komentarza w tej kwestii &#8211; us\u0142yszeli\u015bmy w biurze organizacji. Osoba rozmawiaj\u0105ca z nami nie chcia\u0142a si\u0119 nawet przedstawi\u0107. Na uwag\u0119, \u017ce skoro zamieszczaj\u0105 fotografie, to bior\u0105 za nie odpowiedzialno\u015b\u0107 i jako organizacja utrzymywana z pieni\u0119dzy publicznych s\u0105 zobowi\u0105zani do udzielenia informacji prasie, powiedziano nam: &#8222;Nie komentujemy tego&#8221;. Po up\u0142ywie kilku chwil od tej rozmowy napis o odznaczeniu \u017co\u0142nierzy UPA znikn\u0105\u0142 ze strony, pozosta\u0142y tylko fotografie, ale i one zosta\u0142y wycofane. Czy\u017cby jednak by\u0142o si\u0119 czego wstydzi\u0107? &#8211; Nie administruj\u0119 tym serwisem i zmian nie dokonywa\u0142am &#8211; o\u015bwiadczy\u0142a nam lakonicznie ta sama osoba z przemyskiego ZUwP.<br \/>\r\n &#8211; Powinno by\u0107 napisane: &#8222;odznaczenie bandyt\u00f3w z UPA&#8221;, a nie \u017co\u0142nierzy. Nikogo tam innego nie mog\u0142o by\u0107 &#8211; komentuje kr\u00f3tko ca\u0142\u0105 spraw\u0119 mjr Tadeusz Wolak, \u017co\u0142nierz 27. Wo\u0142y\u0144skiej Dywizji Piechoty Armii Krajowej, prezes Okr\u0119gu &#8222;Wo\u0142y\u0144&#8221; \u015awiatowego Zwi\u0105zku \u0179o\u0142nierzy Armii Krajowej.<br \/>\r\n W opinii Stanis\u0142awa \u0179\u00f3\u0142kiewicza, prezesa Stowarzyszenia Pami\u0119ci Orl\u0105t Przemyskich, spotkanie zorganizowali &#8222;niby-kombatanci, kt\u00f3rzy za\u0142o\u017cyli stowarzyszenie z siedzib\u0105 g\u0142\u00f3wn\u0105 w Koszalinie, a tutaj, w Przemy\u015blu, posiadaj\u0105ce sw\u00f3j oddzia\u0142&#8221;. &#8211; Jest to Zwi\u0105zek Ukrai\u0144c\u00f3w &#8211; Wi\u0119\u017ani\u00f3w Politycznych Okresu Stalinowskiego, kt\u00f3rego nazw\u0119 p\u00f3\u017aniej zmieniono na: Zwi\u0105zek Ukrai\u0144c\u00f3w &#8211; Wi\u0119\u017ani\u00f3w Politycznych i Represjonowanych, czyli obj\u0119\u0142o ono tych niby &#8222;represjonowanych&#8221; w czasie akcji &#8222;Wis\u0142a&#8221; &#8211; twierdzi \u0179\u00f3\u0142kiewicz.<br \/>\r\n O szczeg\u00f3\u0142ach imprezy, podczas kt\u00f3rej dosz\u0142o do odznaczenia by\u0142ych cz\u0142onk\u00f3w UPA, informuje nas Krystian Antoch\u00f3w, dyrektor biura europos\u0142a Zapa\u0142owskiego. &#8211; W imprezie bra\u0142y udzia\u0142 m.in. dzieci ze szko\u0142y z ukrai\u0144skim jako g\u0142\u00f3wnym j\u0119zykiem nauczania. Jeden z uczni\u00f3w wyg\u0142osi\u0142 referat pt. &#8222;UPA oczami mojego dziadka&#8221; &#8211; m\u00f3wi. Josyf Myca wr\u0119czy\u0142 siedmiu by\u0142ym wojakom UPA jubileuszowe dyplomy.<br \/>\r\n Mimo \u017ce oddzia\u0142y UPA s\u0105 odpowiedzialne za dokonanie ludob\u00f3jstwa na ludno\u015bci polskiej Kres\u00f3w i Ma\u0142opolski Wschodniej, to jednak, wed\u0142ug prawnik\u00f3w, trudno uzna\u0107 wspomniane zaj\u015bcie za gloryfikacj\u0119 faszyzmu lub organizacji przest\u0119pczej. &#8211; Organizacja Ukrai\u0144skich Nacjonalist\u00f3w, kt\u00f3rej zbrojnym ramieniem by\u0142a UPA, wprawdzie czerpa\u0142a z faszyzmu niemieckiego i w\u0142oskiego, ale by\u0142 to odr\u0119bny tw\u00f3r. Nie ma u nas obecnie przepisu karnego, kt\u00f3ry uznawa\u0142by jej nielegalno\u015b\u0107 &#8211; podkre\u015bla prokurator Piotr Zaj\u0105c z Oddzia\u0142owej Komisji \u015acigania Zbrodni przeciwko Narodowi Polskiemu Instytutu Pami\u0119ci Narodowej w Lublinie. Natomiast, jak zaznacza, prokuratorzy \u015bcigaj\u0105cy zbrodnie pope\u0142nione przez t\u0119 organizacj\u0119 na ludno\u015bci polskiej pos\u0142uguj\u0105 si\u0119 aktualnie obowi\u0105zuj\u0105cym prawem. &#8211; Bierzemy pod uwag\u0119 indywidualn\u0105 odpowiedzialno\u015b\u0107 os\u00f3b, kt\u00f3re bra\u0142y udzia\u0142 w zbrodni ludob\u00f3jstwa &#8211; np. na Wo\u0142yniu. Akurat tym si\u0119 zajmuj\u0119, tj. art. 118 kodeksu karnego odwo\u0142uj\u0105cego si\u0119 tak\u017ce do prawa mi\u0119dzynarodowego, a kt\u00f3ry m\u00f3wi o zbrodni ludob\u00f3jstwa &#8211; oznajmia Zaj\u0105c. Jednocze\u015bnie zauwa\u017ca, \u017ce historycy nadali OUN nie tyle prawne, ile historyczno-polityczne okre\u015blenie jako &#8222;nacjonalizm integralny&#8221;. <br \/>\r\n Natomiast prokurator dr Antoni Kura, naczelnik Wydzia\u0142u Nadzoru nad \u015aledztwami G\u0142\u00f3wnej Komisji \u015acigania Zbrodni przeciwko Narodowi Polskiemu IPN, zastrzega, \u017ce zajmuje si\u0119 UPA w sensie sprawstwa pope\u0142nionych przez ni\u0105 zbrodni. &#8211; Co do statusu UPA, mo\u017cna przyj\u0105\u0107 tak, \u017ce je\u017celi po wojnie byli skazywani na podstawie art. 86-88 ma\u0142ego kodeksu karnego jako ludzie, kt\u00f3rzy przemoc\u0105 chcieli oderwa\u0107 cz\u0119\u015b\u0107 terytorium &#8211; i tu akurat w\u0142adza si\u0119 specjalnie nie myli\u0142a, kwalifikuj\u0105c ich zachowania w ten spos\u00f3b &#8211; to nale\u017ca\u0142oby ich nazwa\u0107 rebeliantami. Natomiast nie jest mi znany przepis kodeksu karnego, kt\u00f3ry by zakazywa\u0142 jej gloryfikowania. Mo\u017ce na zasadach og\u00f3lnych, je\u017celi by\u015bmy &#8222;podci\u0105gn\u0119li&#8221; to pod jak\u0105\u015b organizacj\u0119 faszystowsk\u0105 &#8211; konstatuje Kura.<br \/>\r\n <em><strong>Jacek Dytkowski<\/strong><\/em><\/p>\r\n\r\n<p><br class=\"spacer_\" \/><\/p>\r\n\r\n<p><br class=\"spacer_\" \/><\/p>\r\n\r\n\r\n<div class=\"podpis\">\r\n<h4><strong>Projekt: M\u00f3j dziadek by\u0142 w UPA<\/strong><\/h4>\r\n\r\n\r\n<p><strong>Z dr. Andrzejem Zapa\u0142owskim, pos\u0142em do Parlamentu Europejskiego, rozmawia Jacek Dytkowski<\/strong><\/p>\r\n\r\n<p><strong>Na stronach internetowych przemyskiego ko\u0142a Zwi\u0105zku Ukrai\u0144c\u00f3w w Polsce widnia\u0142y do niedawna fotografie &#8222;kombatant\u00f3w&#8221; z UPA.<\/strong><br \/>\r\n &#8211; To dla mnie rzecz skandaliczna, \u017ce oficjalna organizacja ZUwP, kt\u00f3ra jest dotowana przez rz\u0105d polski, po prostu wychwala szowinizm, nienawi\u015b\u0107, gloryfikuje organizacj\u0119 faszyzuj\u0105c\u0105 w czasie wojny. To jedno wielkie nieporozumienie. Zreszt\u0105 w tej samej uroczysto\u015bci uczestniczy\u0142 oficer stra\u017cy granicznej &#8211; wprawdzie nie w mundurze &#8211; co uwa\u017cam za swoisty skandal, poniewa\u017c upowcy mordowali gremialnie Wojska Ochrony Pogranicza. Nie wiem, czy jest pa\u0144stwo, kt\u00f3re toleruje udzia\u0142 swoich oficer\u00f3w w uroczysto\u015bciach na cze\u015b\u0107 terrorystycznej formacji morduj\u0105cej ich starszych koleg\u00f3w. Zgin\u0119\u0142o ich wielu, a ta osoba uczestniczy\u0142a w jubileuszu powstania UPA.<\/p>\r\n\r\n<p><strong>Ten incydent mia\u0142 swoj\u0105, nazwijmy to, opraw\u0119 artystyczn\u0105?<\/strong><br \/>\r\n &#8211; W spotkaniu bra\u0142a r\u00f3wnie\u017c udzia\u0142 m\u0142odzie\u017c ze szko\u0142y publicznej z ukrai\u0144skim j\u0119zykiem wyk\u0142adowym, kt\u00f3ra recytowa\u0142a wiersze, \u015bpiewa\u0142a piosenki i wyg\u0142asza\u0142a referaty na cze\u015b\u0107 UPA (program &#8222;M\u00f3j dziadek by\u0142 w UPA&#8221;). Czyli mamy tu do czynienia z wychowywaniem m\u0142odzie\u017cy w duchu szowinizmu narodowego. A przecie\u017c od lat zwraca si\u0119 uwag\u0119 na to, \u017ce tak nie powinno by\u0107, \u017ce jest to bardzo niebezpieczna praktyka i \u017cadne pa\u0144stwo na \u015bwiecie by sobie na co\u015b takiego nie pozwoli\u0142o. Nale\u017cy si\u0119 tu zapyta\u0107, gdzie jest nadz\u00f3r pedagogiczny i czy wychowawcy tej szko\u0142y w tre\u015bciach wychowawczych popieraj\u0105 wychowywanie m\u0142odzie\u017cy w takim duchu.<\/p>\r\n\r\n<p><strong>Interweniowa\u0142 Pan w tej sprawie u premiera Donalda Tuska. Jaka by\u0142a reakcja?<\/strong><br \/>\r\n &#8211; Kolejne rz\u0105dy zbywaj\u0105 to wszystko milczeniem. Chcia\u0142bym jeszcze podkre\u015bli\u0107, \u017ce w\u0142a\u015bnie owi &#8222;kombatanci&#8221; z UPA przyznaj\u0105, \u017ce wznosz\u0105 nielegalne pomniki ku czci tej organizacji. Budowali, buduj\u0105 i m\u00f3wi\u0105, \u017ce b\u0119d\u0105 dalej nielegalnie budowa\u0107 te monumenty, kt\u00f3re powstaj\u0105 przez ca\u0142y czas na Podkarpaciu, a w\u0142adze zajmuj\u0105 si\u0119 tylko ich spisywaniem bez \u017cadnej odno\u015bnej decyzji. <br \/>\r\n Od wielu lat s\u0142u\u017cby maj\u0105ce sta\u0107 na stra\u017cy porz\u0105dku prawnego w Polsce nie mog\u0105 znale\u017a\u0107 sprawc\u00f3w, kt\u00f3rzy masowo stawiaj\u0105 nielegalne pomniki UPA w Polsce. Tymczasem sami cz\u0142onkowie Zwi\u0105zku Ukrai\u0144c\u00f3w w Polsce i Zwi\u0105zku Wi\u0119\u017ani\u00f3w Politycznych i Represjonowanych (UPA) na \u0142amach &#8222;Naszego S\u0142owa&#8221; przyznaj\u0105 si\u0119, i\u017c to oni buduj\u0105 nielegalne pomniki, oraz zapowiadaj\u0105, \u017ce b\u0119d\u0105 budowa\u0107 nast\u0119pne. Je\u017celi kto\u015b dokona\u0142 samowoli budowlanej, to pope\u0142ni\u0142 wykroczenie, je\u017celi za\u015b jaka\u015b organizacja z premedytacj\u0105 na przestrzeni lat \u0142amie prawo i o\u015bwiadcza, i\u017c je b\u0119dzie nadal \u0142ama\u0107, to jest to organizacja o charakterze przest\u0119pczym.<\/p>\r\n\r\n<p><strong>Dzi\u0119kuj\u0119 za rozmow\u0119.<\/strong><\/p>\r\n\r\n<p>Za: <a href=\"http:\/\/www.naszdziennik.pl\/index.php?typ=po&amp;dat=20081201&amp;id=po15.txt\" target=\"_blank\">Nasz Dziennik,\u00a0 Poniedzia\u0142ek, 1 grudnia 2008, Nr 280 (3297)<\/a>","protected":false},"excerpt":{"rendered":"Na stronach internetowych przemyskiego ko\u0142a Zwi\u0105zku Ukrai\u0144c\u00f3w w Polsce mo\u017cna by\u0142o do niedawna zobaczy\u0107 fotografie z uroczysto\u015bci odznaczenia &#8222;kombatant\u00f3w&#8221; Ukrai\u0144skiej Powsta\u0144czej Armii, odpowiedzialnej za ludob\u00f3jstwo ludno\u015bci polskiej na Kresach Wschodnich Rzeczypospolitej w latach czterdziestych ubieg\u0142ego wieku. Po naszej interwencji okre\u015blenie &#8222;wojacy z UPA&#8221; zosta\u0142o usuni\u0119te. Wkr\u00f3tce potem usuni\u0119to kompromituj\u0105ce zdj\u0119cia. Problem jednak pozosta\u0142. Tym bardziej [&hellip;]","protected":false},"author":1,"featured_media":0,"comment_status":"closed","ping_status":"closed","sticky":false,"template":"","format":"standard","meta":{"_acf_changed":false,"_monsterinsights_skip_tracking":false,"_monsterinsights_sitenote_active":false,"_monsterinsights_sitenote_note":"","_monsterinsights_sitenote_category":0,"ngg_post_thumbnail":0,"footnotes":"","_wp_rev_ctl_limit":""},"categories":[8],"tags":[17],"acf":[],"_links":{"self":[{"href":"https:\/\/www.bibula.com\/index.php?rest_route=\/wp\/v2\/posts\/3727"}],"collection":[{"href":"https:\/\/www.bibula.com\/index.php?rest_route=\/wp\/v2\/posts"}],"about":[{"href":"https:\/\/www.bibula.com\/index.php?rest_route=\/wp\/v2\/types\/post"}],"author":[{"embeddable":true,"href":"https:\/\/www.bibula.com\/index.php?rest_route=\/wp\/v2\/users\/1"}],"replies":[{"embeddable":true,"href":"https:\/\/www.bibula.com\/index.php?rest_route=%2Fwp%2Fv2%2Fcomments&post=3727"}],"version-history":[{"count":0,"href":"https:\/\/www.bibula.com\/index.php?rest_route=\/wp\/v2\/posts\/3727\/revisions"}],"wp:attachment":[{"href":"https:\/\/www.bibula.com\/index.php?rest_route=%2Fwp%2Fv2%2Fmedia&parent=3727"}],"wp:term":[{"taxonomy":"category","embeddable":true,"href":"https:\/\/www.bibula.com\/index.php?rest_route=%2Fwp%2Fv2%2Fcategories&post=3727"},{"taxonomy":"post_tag","embeddable":true,"href":"https:\/\/www.bibula.com\/index.php?rest_route=%2Fwp%2Fv2%2Ftags&post=3727"}],"curies":[{"name":"wp","href":"https:\/\/api.w.org\/{rel}","templated":true}]}}