{"id":371,"date":"2006-05-23T00:00:00","date_gmt":"2006-05-23T00:00:00","guid":{"rendered":""},"modified":"2016-05-23T16:38:11","modified_gmt":"2016-05-23T20:38:11","slug":"papiez-benedykt-xvi-rozdzial-kosciola-i-panstwa-jest-wielkim-osiagnieciem-ludzkosci","status":"publish","type":"post","link":"https:\/\/www.bibula.com\/?p=371","title":{"rendered":"Papie\u017c Benedykt XVI: rozdzia\u0142 Ko\u015bcio\u0142a i Pa\u0144stwa jest &#8222;wielkim osi\u0105gni\u0119ciem ludzko\u015bci&#8221;"},"content":{"rendered":"<p>Papie\u017c Benedykt XVI podczas przem\u00f3wienia do biskup\u00f3w w\u0142oskich zgromadzonych na Konferencji Biskup\u00f3w powiedzia\u0142 18 maja br, \u017ce rozdzia\u0142 Ko\u015bcio\u0142a i Pa\u0144stwa jest &#8222;wielkim osi\u0105gni\u0119ciem ludzko\u015bci&#8221;. Papie\u017c m\u00f3wi\u0105c o rozdziale pomi\u0119dzy tym &#8222;co nale\u017cy do Ko\u015bcio\u0142a, a co do Cesarza&#8221;, powiedzia\u0142 r\u00f3wnie\u017c, \u017ce: &#8222;Ko\u015bci\u00f3\u0142 nie tylko uznaje i respektuje te r\u00f3\u017cnice i niezale\u017cno\u015b\u0107, ale wita j\u0105, uwa\u017caj\u0105c j\u0105 jako wielkie osi\u0105gni\u0119cie dla ludzko\u015bci i podstawowy warunek dla jej wolno\u015bci i dla spe\u0142nienia jej uniwersalnej misji zbawienia ludzi.&#8221; &#8211; podaje agencja ZENIT.<\/p><blockquote><p><strong>KOMENTARZ <em>BIBU\u0141Y<\/em><\/strong>: Nale\u017cy poczeka\u0107 z autoryzowanym przek\u0142adem (bezpo\u015brednio z w\u0142oskiego na polski), bowiem a\u017c trudno uwierzy\u0107 w takie stwierdzenie, nawet je\u015bli podawane jest przez sk\u0105din\u0105d dobrze zorientowan\u0105 agencj\u0119 katolick\u0105. Zatem<em> je\u015bli<\/em> s\u0142owa te oka\u017c\u0105 si\u0119 prawdziwe, b\u0119dziemy \u015bwiadkami, \u017ce Benedykt XVI kontynuuje w spos\u00f3b bezwzgl\u0119dny lini\u0119 ksi\u0119dza, a p\u00f3\u017aniej kardyna\u0142a J\u00f3zefa Ratzingera, kt\u00f3ry wielokrotnie stwierdza\u0142, \u017ce Ko\u015bci\u00f3\u0142 rozpocz\u0105\u0142 Soborem Watyka\u0144skim II reform\u0119, kt\u00f3r\u0105 mo\u017cna por\u00f3wna\u0107 tylko do Rewolucji Francuskiej. B\u0119dzie to potwierdzenie &#8211; z ust samego Papie\u017ca &#8211; \u017ce ma za nic najostrzejsze przestrogi swych poprzednik\u00f3w, \u017ce odrzuca ich nauczanie i <em>odwraca<\/em> Nauk\u0119 Ko\u015bcio\u0142a. <em>Je\u015bli <\/em> te s\u0142owa oka\u017c\u0105 si\u0119 prawdziwe, b\u0119dzie mo\u017cna nazwa\u0107 papie\u017ca Benedykta XVI prawdziwym anty-Piusem X.<\/p><\/blockquote>","protected":false},"excerpt":{"rendered":"Papie\u017c Benedykt XVI podczas przem\u00f3wienia do biskup\u00f3w w\u0142oskich zgromadzonych na Konferencji Biskup\u00f3w powiedzia\u0142 18 maja br, \u017ce rozdzia\u0142 Ko\u015bcio\u0142a i Pa\u0144stwa jest &#8222;wielkim osi\u0105gni\u0119ciem ludzko\u015bci&#8221;. Papie\u017c m\u00f3wi\u0105c o rozdziale pomi\u0119dzy tym &#8222;co nale\u017cy do Ko\u015bcio\u0142a, a co do Cesarza&#8221;, powiedzia\u0142 r\u00f3wnie\u017c, \u017ce: &#8222;Ko\u015bci\u00f3\u0142 nie tylko uznaje i respektuje te r\u00f3\u017cnice i niezale\u017cno\u015b\u0107, ale wita j\u0105, [&hellip;]","protected":false},"author":1,"featured_media":0,"comment_status":"closed","ping_status":"open","sticky":false,"template":"","format":"standard","meta":{"_acf_changed":false,"_monsterinsights_skip_tracking":false,"_monsterinsights_sitenote_active":false,"_monsterinsights_sitenote_note":"","_monsterinsights_sitenote_category":0,"ngg_post_thumbnail":0,"footnotes":"","_wp_rev_ctl_limit":""},"categories":[3],"tags":[207,41,33],"acf":[],"_links":{"self":[{"href":"https:\/\/www.bibula.com\/index.php?rest_route=\/wp\/v2\/posts\/371"}],"collection":[{"href":"https:\/\/www.bibula.com\/index.php?rest_route=\/wp\/v2\/posts"}],"about":[{"href":"https:\/\/www.bibula.com\/index.php?rest_route=\/wp\/v2\/types\/post"}],"author":[{"embeddable":true,"href":"https:\/\/www.bibula.com\/index.php?rest_route=\/wp\/v2\/users\/1"}],"replies":[{"embeddable":true,"href":"https:\/\/www.bibula.com\/index.php?rest_route=%2Fwp%2Fv2%2Fcomments&post=371"}],"version-history":[{"count":0,"href":"https:\/\/www.bibula.com\/index.php?rest_route=\/wp\/v2\/posts\/371\/revisions"}],"wp:attachment":[{"href":"https:\/\/www.bibula.com\/index.php?rest_route=%2Fwp%2Fv2%2Fmedia&parent=371"}],"wp:term":[{"taxonomy":"category","embeddable":true,"href":"https:\/\/www.bibula.com\/index.php?rest_route=%2Fwp%2Fv2%2Fcategories&post=371"},{"taxonomy":"post_tag","embeddable":true,"href":"https:\/\/www.bibula.com\/index.php?rest_route=%2Fwp%2Fv2%2Ftags&post=371"}],"curies":[{"name":"wp","href":"https:\/\/api.w.org\/{rel}","templated":true}]}}