{"id":36927,"date":"2011-04-27T22:02:21","date_gmt":"2011-04-28T03:02:21","guid":{"rendered":"http:\/\/www.bibula.com\/?p=36927"},"modified":"2021-01-11T16:21:28","modified_gmt":"2021-01-11T21:21:28","slug":"gabriel-garcia-moreno-sebastian-skowronek","status":"publish","type":"post","link":"https:\/\/www.bibula.com\/?p=36927","title":{"rendered":"Gabriel Garc\u00eda Moreno &#8211; <em>Sebastian Skowronek<\/em>"},"content":{"rendered":"<p><strong><em>Ca\u0142y chrze\u015bcija\u0144ski \u015bwiat op\u0142akiwa\u0142 jego \u015bmier\u0107. Papie\u017c Pius IX, okre\u015bli\u0142 go jako umieraj\u0105cego \u201e\u015bmierci\u0105 m\u0119czennika, ofiar\u0119 za swoj\u0105 wiar\u0119 i chrze\u015bcija\u0144skie mi\u0142osierdzie\u201d. W tym samym czasie od Ekwadoru po Berlin odbywa\u0142y si\u0119 uroczysto\u015bci w lo\u017cach maso\u0144skich.<\/em><\/strong><\/p>\r\n<p>W po\u0142udnie 6 sierpnia 1875 roku, w zaciszu katedry w Quito, Gabriel Garc\u00eda Moreno w wielkim skupieniu modli\u0142 si\u0119 przed Naj\u015bwi\u0119tszym Sakramentem. \u201eEkscelencjo, kto\u015b na zewn\u0105trz pilnie potrzebuje z panem rozmawia\u0107!\u201d &#8211; nadbieg\u0142 nagle jego sekretarz. Po wyj\u015bciu na plac katedralny prezydent zosta\u0142 nagle otoczony przez grup\u0119 zamachowc\u00f3w, kt\u00f3rzy pod wodz\u0105 wolnomularskiego fanatyka Faustyna Rayo dobywszy maczet zar\u017cn\u0119li prezydenta Moreno, a nast\u0119pnie dobijaj\u0105c go strza\u0142ami z pistoletu krzyczeli: \u201eGi\u0144, wrogu wolno\u015bci!\u201d. Konaj\u0105cego zrozpaczeni przechodnie przenie\u015bli do wn\u0119trza katedry, gdzie u st\u00f3p o\u0142tarza Matki Boskiej wyzion\u0105\u0142 ducha. Ostatnie s\u0142owa prezydenta brzmia\u0142y: \u201eWrogowie Boga i Ko\u015bcio\u0142a mog\u0105 mnie zabi\u0107, ale B\u00f3g nie umrze nigdy (<em>Dios no muere!<\/em>)\u201d. Ca\u0142y chrze\u015bcija\u0144ski \u015bwiat op\u0142akiwa\u0142 jego \u015bmier\u0107. Papie\u017c Pius IX okre\u015bli\u0142 go jako umieraj\u0105cego \u201e\u015bmierci\u0105 m\u0119czennika, (&#8230;) ofiar\u0119 za swoj\u0105 wiar\u0119 i chrze\u015bcija\u0144skie mi\u0142osierdzie\u201d. W tym samym czasie od Ekwadoru po Berlin odbywa\u0142y si\u0119 uroczysto\u015bci w lo\u017cach maso\u0144skich, a ich cz\u0142onkowie cieszyli si\u0119 zej\u015bciem z tego \u015bwiata znienawidzonego katolickiego polityka.<\/p>\r\n<p>Gabriel Garc\u00eda Moreno urodzi\u0142 si\u0119 25 XII 1821 roku w mie\u015bcie Guayaquil w Ekwadorze, w tym czasie jeszcze hiszpa\u0144skiej kolonii, kt\u00f3ra 10 VIII 1819 roku proklamowa\u0142a niepodleg\u0142o\u015b\u0107 na kongresie w Angosturze (obecnie Ciudad Bolivar nad rzek\u0105 Orinoko). By\u0142 to burzliwy czas uniezale\u017cniania si\u0119 kolonii hiszpa\u0144skich w Ameryce Po\u0142udniowej, ostatecznie zako\u0144czony wygran\u0105 przez kolonist\u00f3w bitw\u0105 pod Ayacucho w Peru 9 XII 1824 roku. Jednak po wkroczeniu do Ekwadoru oddzia\u0142\u00f3w Simona Bolivara (<em>El Libertador<\/em> &#8211; Wyzwoliciela) pa\u0144stwo to zosta\u0142o przy\u0142\u0105czone do Republiki Wielkiej Kolumbii, a faktyczn\u0105 niepodleg\u0142o\u015b\u0107 uzyska\u0142o dopiero po \u015bmierci \u201eoswobodziciela Ameryki\u201d i po wyst\u0105pieniu z federacji 13 V 1830 roku. Pierwszym prezydentem Ekwadoru zosta\u0142 katolicki konserwatysta gen. Juan Jos\u00c3\u00a9 Flores (1830-35, 1839-45), z czasem po 1845 roku do w\u0142adzy doszli libera\u0142owie (Vicente Rocafuerte), a cz\u0142onkowie ich rz\u0105du byli zarazem aktywnymi dzia\u0142aczami l\u00f3\u017c maso\u0144skich. Na ka\u017cdym niemal kroku widoczna by\u0142a silna polaryzacja i konflikty pomi\u0119dzy antyklerykalnymi, wp\u0142ywowymi i skorumpowanymi \u201eelitami\u201d w\u0142adzy a katolickim ludem, przy czym warto mie\u0107 na uwadze, \u017ce ten niewielki, licz\u0105cy zaledwie 12 milion\u00f3w ludzi nar\u00f3d w 95% sk\u0142ada\u0142 si\u0119 z katolik\u00f3w.<\/p>\r\n<p>Ojciec prezydenta, don Gabriel Garc\u00eda Gomez, opu\u015bci\u0142 rodzinn\u0105 Kastyli\u0119 i przeni\u00f3s\u0142 si\u0119 z Hiszpanii do odleg\u0142ego Ekwadoru, gdzie zacz\u0105\u0142 z powodzeniem trudni\u0107 si\u0119 handlem. Osiad\u0142 na sta\u0142e w Guayaquil wraz z matk\u0105 przysz\u0142ego prezydenta Mercedes Moreno, pochodz\u0105c\u0105 z arystokratycznej rodziny ze stolicy pa\u0144stwa Quito. Ojciec zmar\u0142, kiedy Gabriel by\u0142 jeszcze dzieckiem. Ca\u0142y trud wychowania spad\u0142 na jego pobo\u017cn\u0105 matk\u0119, kt\u00f3ra dzi\u0119ki wyj\u0105tkowej sile woli doskonale sprosta\u0142a temu trudnemu zadaniu, tym trudniejszemu, \u017ce pod jej opiek\u0105 pozostawa\u0142o pi\u0119ciu syn\u00f3w i trzy c\u00f3rki, a dodatkowo interesy jej m\u0119\u017ca nie sz\u0142y w\u00f3wczas najlepiej. Uda\u0142o jej si\u0119 zapewni\u0107 synowi prywatne lekcje u znajomego ksi\u0119dza don Jos\u00c3\u00a9 Betancourt, kt\u00f3ry wielce zdziwi\u0142 si\u0119, kiedy jego m\u0142ody wychowanek zacz\u0105\u0142 bezb\u0142\u0119dnie pos\u0142ugiwa\u0107 si\u0119 \u0142acin\u0105 ju\u017c po dziesi\u0119ciu miesi\u0105cach nauki. Przekonany o powo\u0142aniu do kap\u0142a\u0144stwa, Gabriel rozpocz\u0105\u0142 studia teologiczne, przyj\u0105\u0142 tonsur\u0119 i ni\u017csze \u015bwi\u0119cenia duchowne, wkr\u00f3tce jednak wyst\u0105pi\u0142 z seminarium. 26 pa\u017adziernika 1844 roku uko\u0144czy\u0142 studia prawnicze na uniwersytecie w Quito i otworzy\u0142 kancelari\u0119 adwokack\u0105. Rozpocz\u0105\u0142 tak\u017ce karier\u0119 polityczn\u0105 w Partii Konserwatywnej. W 1853 zacz\u0105\u0142 publikowa\u0107 w pi\u015bmie \u201eNar\u00f3d\u201d, kt\u00f3re ze wzgl\u0119du na antyrz\u0105dowy charakter i ostr\u0105 krytyk\u0119 sytuacji politycznej zosta\u0142o zamkni\u0119te przez w\u0142adze tu\u017c przed ukazaniem si\u0119 trzeciego numeru. Gdy zosta\u0142 wybrany senatorem, ujawni\u0142 korupcj\u0119 rz\u0105du libera\u0142\u00f3w, w wyniku czego zosta\u0142 aresztowany i deportowany z kraju.<\/p>\r\n<p>Pobyt we Francji sta\u0142 si\u0119 punktem zwrotnym w jego \u017cyciu duchowym. Gdy bowiem podczas jednej z dysput z paryskimi antykleryka\u0142ami broni\u0142 Ko\u015bcio\u0142a, zarzucono mu, \u017ce m\u00f3wi bardzo \u0142adnie, lecz wydaje si\u0119, \u017ce sam nie praktykuje tej pi\u0119knej religii. Zaskoczony Garc\u00eda Moreno odrzek\u0142: \u201eTw\u00f3j argument mo\u017ce dzi\u015b jest trafny, lecz daj\u0119 s\u0142owo, \u017ce jutro b\u0119dzie bezwarto\u015bciowy!\u201d. Moreno postanowi\u0142 powr\u00f3ci\u0107 do dawnej, wyniesionej z domu rodzinnego pobo\u017cno\u015bci, kt\u00f3r\u0105 w ostatnim czasie nieco zaniedba\u0142. Znany XIX-wieczny pisarz i dziennikarz katolicki Louis Veuillot tak napisa\u0142 na temat atmosfery Pary\u017ca w tym czasie:<\/p>\r\n<blockquote>\r\n<p>Pary\u017c, katolicy z jednej strony, a z drugiej barbarzy\u0144cy, ukazuj\u0105 przed \u015bwiatem spektakularn\u0105 walk\u0119 pomi\u0119dzy dwoma przeciwstawiaj\u0105cymi si\u0119 elementami. Pary\u017c jest szko\u0142\u0105 kap\u0142an\u00f3w i m\u0119czennik\u00f3w, a z drugiej strony antychryst\u00f3w i kat\u00f3w. Przysz\u0142y prezydent i m\u0119czennik Ekwadoru mia\u0142 stale przed oczami dobro i z\u0142o. I kiedy wr\u00f3ci\u0142 do odleg\u0142ego kraju, jego wyb\u00f3r by\u0142 ju\u017c dokonany. Ju\u017c wiedzia\u0142, gdzie znale\u017a\u0107 prawdziw\u0105 chwa\u0142\u0119, prawdziw\u0105 si\u0142\u0119 i jak sta\u0107 si\u0119 prawdziwym s\u0142ug\u0105 Boga (\u201eL\u2019Univers\u201d, wrzesie\u0144 1875 r.).<\/p>\r\n<\/blockquote>\r\n<p>U\u015bwiadomi\u0142 sobie tak\u017ce, \u017ce powinien wr\u00f3ci\u0107 do Ekwadoru i uczyni\u0107 co\u015b dla ukochanego kraju: \u201eB\u00f3g nie stworzy\u0142 mnie po to, abym czyni\u0142 dobro gdziekolwiek indziej ni\u017c w Ekwadorze\u201d.<\/p>\r\n<p>W 1856 roku powr\u00f3ci\u0142 do Ameryki Po\u0142udniowej i ponownie zaanga\u017cowa\u0142 si\u0119 w dzia\u0142alno\u015b\u0107 polityczn\u0105. Zosta\u0142 rektorem uniwersytetu w Quito, burmistrzem stolicy, szefem Partii Konserwatywnej, senatorem, a po upadku skorumpowanego, prze\u015bladuj\u0105cego katolik\u00f3w re\u017cimu Robleza &#8211; szefem rz\u0105du tymczasowego. W 1861 roku zosta\u0142 wybrany przyt\u0142aczaj\u0105c\u0105 wi\u0119kszo\u015bci\u0105 g\u0142os\u00f3w w wyborach powszechnych na prezydenta republiki. Moreno, \u015bwiadom spoczywaj\u0105cej na\u0144 odpowiedzialno\u015bci, da\u0142 pierwsze\u0144stwo ponownemu uprzywilejowaniu religii katolickiej. Rz\u0105d zrezygnowa\u0142 z ustanowionego przez libera\u0142\u00f3w prawa do mianowania biskup\u00f3w i zezwoli\u0142 na powr\u00f3t wyp\u0119dzonych w czasie prze\u015bladowa\u0144 jezuit\u00f3w. Zainicjowa\u0142 napraw\u0119 stosunk\u00f3w pa\u0144stwa z Rzymem, podpisuj\u0105c 22 IV 1863 roku konkordat pomi\u0119dzy Republik\u0105 Ekwadoru a Stolic\u0105 Apostolsk\u0105. Zni\u00f3s\u0142 za rekompensat\u0105 istniej\u0105ce w Ekwadorze niewolnictwo, zlikwidowa\u0142 domy publiczne. Uda\u0142o mu si\u0119 tak\u017ce ograniczy\u0107 korupcj\u0119; gospodarka zacz\u0119\u0142a si\u0119 pomy\u015blnie rozwija\u0107. Zosta\u0142 jednak zmuszony do ust\u0105pienia z urz\u0119du przed ko\u0144cem kadencji, mi\u0119dzy innymi z powodu kr\u0119puj\u0105cej jego poczynania laickiej konstytucji. Odda\u0142 ster rz\u0105d\u00f3w w r\u0119ce Jeronimo Carriony, kt\u00f3ry pozwoli\u0142 doj\u015b\u0107 do w\u0142adzy dawnym zdemoralizowanym elitom i zaprzepa\u015bci\u0142 wszystkie dokonania poprzednika.<\/p>\r\n<p>W wyniku pogorszenia si\u0119 sytuacji w kraju w 1869 roku Gabriel Garc\u00eda Moreno ponownie zosta\u0142 wybrany prezydentem. Tym razem postanowi\u0142 dzia\u0142a\u0107 z wi\u0119ksz\u0105 determinacj\u0105. Opieraj\u0105c sw\u00f3j program na encyklikach papie\u017ca Piusa IX, ustanowi\u0142 now\u0105 konstytucj\u0119, kt\u00f3ra uznawa\u0142a katolicyzm za religi\u0119 pa\u0144stwow\u0105, a innym religiom zapewnia\u0142a tolerancj\u0119, czyli prawo do kultu prywatnego. Odt\u0105d tylko katolicy mogli by\u0107 wybierani i obsadzani przez katolik\u00f3w na urz\u0119dy pa\u0144stwowe. Gabriel Garc\u00eda zaprzysi\u0105g\u0142 now\u0105 konstytucj\u0119 tymi s\u0142owami:<\/p>\r\n<blockquote>\r\n<p>Przysi\u0119gam na Boga i \u015bwi\u0119t\u0105 Ewangeli\u0119 wykonywa\u0107 wiernie swe obowi\u0105zki prezydenta tej republiki, wyznawa\u0107 wiar\u0119 rzymskokatolick\u0105, zachowa\u0107 integralno\u015b\u0107 i niepodleg\u0142o\u015b\u0107 pa\u0144stwa, przestrzega\u0107 i czuwa\u0107 nad przestrzeganiem tej konstytucji i praw. Je\u015bli to osi\u0105gn\u0119, stanie si\u0119 tak tylko dzi\u0119ki Bogu, kt\u00f3ry jest moim oparciem i obron\u0105, je\u017celi nie, niech moimi s\u0119dziami b\u0119d\u0105 B\u00f3g i Ojczyzna.<\/p>\r\n<\/blockquote>\r\n<p>Podczas rz\u0105d\u00f3w prezydenta Moreno, przede wszystkim dzi\u0119ki dobremu zarz\u0105dzaniu, poszanowaniu prawa, sprawiedliwo\u015bci i porz\u0105dku, nast\u0105pi\u0142 szybki wzrost gospodarczy. Wybudowano pi\u0119\u0107 dr\u00f3g w niedost\u0119pnych dotychczas Andach, kraj pokryto sieci\u0105 linii kolejowych, wybrukowano ulice miejskie i rozbudowano wodoci\u0105gi, w ka\u017cdym wi\u0119kszym mie\u015bcie wybudowano szpital, rozwini\u0119to us\u0142ugi pocztowe i telegraficzne. Armia zosta\u0142a zreformowana, oficer\u00f3w wys\u0142ano na szkolenie do Prus, a rekrut\u00f3w obj\u0119to nowym programem szkoleniowym. Edukacja, kt\u00f3r\u0105 powierzono duchowie\u0144stwu, obj\u0119\u0142a nakazem wszystkie dzieci. Zwi\u0119kszono liczb\u0119 szk\u00f3\u0142 podstawowych z 200 do 500, liczba uczni\u00f3w wzros\u0142a z 8000 do 32000. \u0179adne z pa\u0144stw Ameryki \u0141aci\u0144skiej nie poczyni\u0142o tak szybkich post\u0119p\u00f3w w edukacji jak Ekwador. Rozbudowano szkolnictwo wy\u017csze, obok istniej\u0105cego ju\u017c uniwersytetu za\u0142o\u017cono politechnik\u0119, akademi\u0119 wojskow\u0105 i uczelni\u0119 rolnicz\u0105. Dzi\u0119ki bardzo dobremu zarz\u0105dzaniu uda\u0142o si\u0119 zrobi\u0107 to, co by\u0142o uwa\u017cane za niemo\u017cliwe: rz\u0105d zmniejszy\u0142 podatki oraz zredukowa\u0142 wydatki, jednocze\u015bnie zwi\u0119kszaj\u0105c \u015bwiadczenia!<\/p>\r\n<p>O ogromnym wzro\u015bcie pobo\u017cno\u015bci ludno\u015bci, poci\u0105gni\u0119tej przyk\u0142adem ukochanego prezydenta, \u015bwiadczy reakcja na dramatyczne wie\u015bci z P\u00f3\u0142wyspu Apeni\u0144skiego. Kiedy w 1870 roku armia Garibaldiego napad\u0142a na Rzym, w ca\u0142ym Ekwadorze zawrza\u0142o na wie\u015b\u0107 o ataku \u201emaso\u0144skich armii w\u0142oskich i prze\u015bladowaniu papie\u017ca\u201d. Ekwador jako jedyny kraj zaoferowa\u0142 wys\u0142anie swych oddzia\u0142\u00f3w wojskowych w obronie Jego \u015awi\u0105tobliwo\u015bci, a parlament tego kraju uchwali\u0142 fundusze na rzecz wsparcia Piusa IX, kt\u00f3ry zosta\u0142 faktycznym wi\u0119\u017aniem Watykanu. Prawdziwym zwie\u0144czeniem zaprowadzenia katolickiego \u0142adu w kraju by\u0142o og\u0142oszenie w 1873 roku aktu po\u015bwi\u0119cenia Ekwadoru Naj\u015bwi\u0119tszemu Sercu Pana Jezusa, a nast\u0119pnie ratyfikowanie tego aktu przez Kongres Narodowy.<\/p>\r\n<p>Wielki sukces katolickiego prezydenta sp\u0119dza\u0142 sen z powiek zajad\u0142ym wrogom Ko\u015bcio\u0142a w lo\u017cach maso\u0144skich na ca\u0142ym \u015bwiecie i ju\u017c w po\u0142owie lat sze\u015b\u0107dziesi\u0105tych XIX w. zaprzysi\u0119gano mu \u015bmier\u0107. W 1875 roku Gabriel Garc\u00eda Moreno zosta\u0142 wybrany ponownie na trzeci\u0105 ju\u017c kadencj\u0119, lecz urz\u0105d prezydenta piastowa\u0142 jedynie przez 36 godzin. Jak wielk\u0105 nienawi\u015bci\u0105 musieli pa\u0142a\u0107 jego wrogowie! Okrucie\u0144stwo zamachowc\u00f3w by\u0142o tak ogromne, \u017ce zadali prezydentowi Moreno czterna\u015bcie cios\u00f3w maczet\u0105 i oddali do niego sze\u015b\u0107 strza\u0142\u00f3w z pistolet\u00f3w. Tego tragicznego dnia, kiedy zosta\u0142 bestialsko zamordowany, znaleziono w jego kieszeni odr\u0119cznie napisan\u0105 notatk\u0119, kt\u00f3ra streszcza\u0142a ca\u0142e jego \u017cycie: \u201ePanie Jezu, obdarz mnie pokor\u0105 i prawdziw\u0105 mi\u0142o\u015bci\u0105 Ciebie i naucz mnie, co mam czyni\u0107 dzisiaj w Twojej s\u0142u\u017cbie. Amen\u201d.<\/p>\r\n<p>Gabriel Garc\u00eda Moreno \u015bwiadectwem swojego \u017cycia, nade wszystko godnym na\u015bladowania, udowodni\u0142 na przek\u00f3r wszystkim mo\u017cliwo\u015b\u0107 zaprowadzenia katolickiego \u0142adu w dziedzinie \u017cycia pa\u0144stwowego. Ponadto wykaza\u0142, \u017ce dobremu rozwojowi pa\u0144stwa nie musi towarzyszy\u0107 stosowanie brutalnych metod policyjnych czy biurokratycznego terroru. Ten wybitny m\u0105\u017c stanu pokaza\u0142, \u017ce g\u0142owa pa\u0144stwa jest zobowi\u0105zana da\u0107 przyk\u0142ad innym, a czyni\u0142 to na ka\u017cdym kroku, chocia\u017cby co roku w Wielki Pi\u0105tek, d\u017awigaj\u0105c boso ci\u0119\u017cki drewniany krzy\u017c podczas nabo\u017ce\u0144stwa Drogi Krzy\u017cowej. Prezydent Moreno cz\u0119sto widywany by\u0142 w\u015br\u00f3d t\u0142umu oddanych mu rodak\u00f3w, otaczaj\u0105cych swojego kochanego prezydenta, gdy wraca\u0142 pieszo z biura do domu i rozmawia\u0142 z nimi o ich problemach. Zapytany przez rodzin\u0119, czy w swojej pracy nie przem\u0119cza si\u0119 i czy nie powinien troch\u0119 wi\u0119cej odpoczywa\u0107, odpowiedzia\u0142: \u201eGdyby B\u00f3g chcia\u0142, abym wi\u0119cej odpoczywa\u0142, zes\u0142a\u0142by na mnie chorob\u0119 albo \u015bmier\u0107\u201d.<\/p>\r\n<p>Gabriel Garc\u00eda Moreno uczestniczy\u0142 we Mszy \u015bwi\u0119tej ka\u017cdego dnia, codziennie odmawia\u0142 R\u00f3\u017caniec i sp\u0119dza\u0142 p\u00f3\u0142 godziny w katedrze na medytacji przez Naj\u015bwi\u0119tszym Sakramentem. Zachowa\u0142a si\u0119 bardzo cenna pami\u0105tka, b\u0119d\u0105ca \u015bwiadectwem wielkiej pobo\u017cno\u015bci prezydenta Moreno. Jest ni\u0105 znaleziona przy jego zw\u0142okach ksi\u0105\u017ceczka <em>O na\u015bladowaniu Chrystusa<\/em> Tomasza a Kempis, wraz z odr\u0119cznie zapisanymi na marginesach jego przemy\u015bleniami. Oto ich fragmenty: \u201eKa\u017cdego poranka przed rozpocz\u0119ciem pracy zapisz\u0119, co b\u0119d\u0119 mia\u0142 do zrobienia, musz\u0119 by\u0107 bardzo ostro\u017cnym, by dobrze rozdysponowa\u0107 m\u00f3j czas, aby zleci\u0107 sobie tylko przydatne i konieczne zadania i czyni\u0107 je z zapa\u0142em i wytrwa\u0142o\u015bci\u0105. B\u0119d\u0119 skrupulatnie zachowywa\u0142 prawa, sprawiedliwo\u015b\u0107 i prawd\u0119, wzbudz\u0119 intencj\u0119, by wszystkie moje czyny by\u0142y zapisane na wi\u0119ksz\u0105 chwa\u0142\u0119 Boga\u201d. \u201eKa\u017cdego poranka, kiedy odmawiam modlitwy, b\u0119d\u0119 prosi\u0142 specjalnie o cnot\u0119 pokory\u201d. \u201eB\u0119d\u0119 robi\u0142 dwukrotnie w ci\u0105gu dnia rachunek sumienia z w\u0142a\u015bciwego praktykowania chrze\u015bcija\u0144skich cn\u00f3t i generalny ka\u017cdego wieczora. B\u0119d\u0119 ucz\u0119szcza\u0142 do spowiedzi ka\u017cdego tygodnia\u201d.<\/p>\r\n<p>Papie\u017c Pius IX 20 wrze\u015bnia 1875 roku wyrazi\u0142 \u017cal z powodu \u015bmierci tego wybitnego cz\u0142owieka, pisz\u0105c:<\/p>\r\n<blockquote>\r\n<p>Republika Ekwadoru by\u0142a oczarowana wybitnym duchem, sprawiedliwym i niezachwianym w wierze Prezydentem, kt\u00f3ry pokaza\u0142, jak powinien \u017cy\u0107 pos\u0142uszny syn Ko\u015bcio\u0142a, pe\u0142en oddania dla Hostii \u015bwi\u0119tej i pe\u0142en zapa\u0142u, by rozkrzewia\u0107 religi\u0119 i nabo\u017cno\u015b\u0107 w ca\u0142ym narodzie. (&#8230;) Wtedy to w lo\u017cach mroku zorganizowanych przez sekty mordercy postanowili zg\u0142adzi\u0107 szlachetnego Prezydenta. Zgin\u0105\u0142 pod ciosami zamachowc\u00f3w, jako ofiara za swoj\u0105 wiar\u0119 i chrze\u015bcija\u0144skie mi\u0142osierdzie. (&#8230;) Dla Piusa IX tak\u017ce \u015bmier\u0107 Garc\u00eda Moreno jest \u015bmierci\u0105 m\u0119czennika.<strong>\u03a9<\/strong><\/p>\r\n<\/blockquote>\r\n<p><strong><em>Sebastian Skowronek<\/em><\/strong><\/p>\r\n<p style=\"padding-left: 30px;\">Opracowano m.in. na podstawie: J. Bartyzel, \u201eGarc\u00eda Moreno Gabriel\u201d, [w:] <em>Encyklopedia \u201eBia\u0142ych Plam\u201d<\/em> pod red. A. Winiarczyk, s. 261-262; P. Folley,&nbsp;<em>Garc\u00eda Moreno: katolik, prezydent i m\u0119czennik<\/em>, \u201eViewpoint\u201d (czasopismo TFP), t\u0142um. S\u0142awomir Olejniczak (Internet); Charles A. Coulombe, <em>Quest for the Catholic state<\/em>, \u201eThe Angelus\u201d 1994, nr 6, s. 25\u201d\u201d33.<\/p>","protected":false},"excerpt":{"rendered":"Ca\u0142y chrze\u015bcija\u0144ski \u015bwiat op\u0142akiwa\u0142 jego \u015bmier\u0107. Papie\u017c Pius IX, okre\u015bli\u0142 go jako umieraj\u0105cego \u201e\u015bmierci\u0105 m\u0119czennika, ofiar\u0119 za swoj\u0105 wiar\u0119 i chrze\u015bcija\u0144skie mi\u0142osierdzie\u201d. W tym samym czasie od Ekwadoru po Berlin odbywa\u0142y si\u0119 uroczysto\u015bci w lo\u017cach maso\u0144skich. W po\u0142udnie 6 sierpnia 1875 roku, w zaciszu katedry w Quito, Gabriel Garc\u00eda Moreno w wielkim skupieniu modli\u0142 si\u0119 [&hellip;]","protected":false},"author":1,"featured_media":0,"comment_status":"closed","ping_status":"closed","sticky":false,"template":"","format":"standard","meta":{"_acf_changed":false,"_monsterinsights_skip_tracking":false,"_monsterinsights_sitenote_active":false,"_monsterinsights_sitenote_note":"","_monsterinsights_sitenote_category":0,"ngg_post_thumbnail":0,"footnotes":"","_wp_rev_ctl_limit":""},"categories":[9],"tags":[131],"acf":[],"_links":{"self":[{"href":"https:\/\/www.bibula.com\/index.php?rest_route=\/wp\/v2\/posts\/36927"}],"collection":[{"href":"https:\/\/www.bibula.com\/index.php?rest_route=\/wp\/v2\/posts"}],"about":[{"href":"https:\/\/www.bibula.com\/index.php?rest_route=\/wp\/v2\/types\/post"}],"author":[{"embeddable":true,"href":"https:\/\/www.bibula.com\/index.php?rest_route=\/wp\/v2\/users\/1"}],"replies":[{"embeddable":true,"href":"https:\/\/www.bibula.com\/index.php?rest_route=%2Fwp%2Fv2%2Fcomments&post=36927"}],"version-history":[{"count":2,"href":"https:\/\/www.bibula.com\/index.php?rest_route=\/wp\/v2\/posts\/36927\/revisions"}],"predecessor-version":[{"id":121953,"href":"https:\/\/www.bibula.com\/index.php?rest_route=\/wp\/v2\/posts\/36927\/revisions\/121953"}],"wp:attachment":[{"href":"https:\/\/www.bibula.com\/index.php?rest_route=%2Fwp%2Fv2%2Fmedia&parent=36927"}],"wp:term":[{"taxonomy":"category","embeddable":true,"href":"https:\/\/www.bibula.com\/index.php?rest_route=%2Fwp%2Fv2%2Fcategories&post=36927"},{"taxonomy":"post_tag","embeddable":true,"href":"https:\/\/www.bibula.com\/index.php?rest_route=%2Fwp%2Fv2%2Ftags&post=36927"}],"curies":[{"name":"wp","href":"https:\/\/api.w.org\/{rel}","templated":true}]}}