{"id":3692,"date":"2008-11-29T20:02:34","date_gmt":"2008-11-30T01:02:34","guid":{"rendered":"http:\/\/www.bibula.com\/?p=3692"},"modified":"2008-11-29T20:02:34","modified_gmt":"2008-11-30T01:02:34","slug":"muzeum-historii-europy-bez-historii-polski","status":"publish","type":"post","link":"https:\/\/www.bibula.com\/?p=3692","title":{"rendered":"Muzeum historii Europy bez historii Polski"},"content":{"rendered":"<p>Tvp.info dotar\u0142 do dokumentu koncepcyjnego instytucji, kt\u00f3ra ma by\u0107 wsp\u00f3lnym dla ca\u0142ej UE muzeum historii Europy. Jak poda\u0142 serwis &#8211; &#8222;w za\u0142o\u017ceniach pomini\u0119to wiele element\u00f3w historii Polski\u201d (szkoda, \u017ce redaktor\u00f3w nie oburzy\u0142 sam pomys\u0142 marnowania publicznych pieni\u0119dzy\u2026)<\/p>\r\n\r\n<p>Koncepcyjny dokument planowanej instytucji opracowa\u0142o dziewi\u0119ciu historyk\u00f3w, na kt\u00f3rych czele sta\u0142 Niemiec, profesor Hans Walter Heter. Decyzja o powo\u0142aniu muzeum ma zapa\u015b\u0107 ju\u017c w grudniu.<\/p>\r\n\r\n<p>W projekcie mowa na przyk\u0142ad o pot\u0119dze militarnej Prus i Rosji ale nie ma nawet wzmianki na temat zabor\u00f3w. Nie wspomina si\u0119 o konfliktach polsko-krzy\u017cackich ani o bitwie pod Grunwaldem. W cz\u0119\u015bci dotycz\u0105cej historii II wojny \u015bwiatowej jest mowa o tym, \u017ce &#8222;hitlerowska okupacja du\u017cych cz\u0119\u015bci Europy jest dla wielu ludzi traumatycznym prze\u017cyciem\u201d &#8211; relacjonuje TVP Info.<\/p>\r\n\r\n<p>Wedle autor\u00f3w dokumentu, na pocz\u0105tku pa\u017adziernika 1939 r. ostatecznie usta\u0142 op\u00f3r Polski wobec nazist\u00f3w. Ani s\u0142owa o Armii Krajowej czy Powstaniu Warszawskim. Podobnie wygl\u0105da historia wsp\u00f3\u0142czesna<\/p>\r\n\r\n<p>Ci\u0105gle nie wiadomo, gdzie plac\u00f3wka ma mie\u0107 swoj\u0105 siedzib\u0119, ale za\u0142o\u017cenie jest takie, \u017ce ma to by\u0107 jeden z centralnych kraj\u00f3w Unii. Wiadomo za to na pewno, \u017ce za nikomu niepotrzebne muzeum zap\u0142ac\u0105 podatnicy kraj\u00f3w cz\u0142onkowskich\u2026<\/p>\r\n\r\n<p><br class=\"spacer_\" \/><\/p>\r\n\r\n<p>Za: <a href=\"http:\/\/nczas.com\/wiadomosci\/europa\/muzeum-historii-europy-bez-historii-polski\/\" target=\"_blank\">Najwy\u017cszy Czas!<\/a><\/p>\r\n\r\n<p><br class=\"spacer_\" \/><\/p>","protected":false},"excerpt":{"rendered":"Tvp.info dotar\u0142 do dokumentu koncepcyjnego instytucji, kt\u00f3ra ma by\u0107 wsp\u00f3lnym dla ca\u0142ej UE muzeum historii Europy. Jak poda\u0142 serwis &#8211; &#8222;w za\u0142o\u017ceniach pomini\u0119to wiele element\u00f3w historii Polski\u201d (szkoda, \u017ce redaktor\u00f3w nie oburzy\u0142 sam pomys\u0142 marnowania publicznych pieni\u0119dzy\u2026) Koncepcyjny dokument planowanej instytucji opracowa\u0142o dziewi\u0119ciu historyk\u00f3w, na kt\u00f3rych czele sta\u0142 Niemiec, profesor Hans Walter Heter. Decyzja o [&hellip;]","protected":false},"author":1,"featured_media":0,"comment_status":"closed","ping_status":"closed","sticky":false,"template":"","format":"standard","meta":{"_acf_changed":false,"_monsterinsights_skip_tracking":false,"_monsterinsights_sitenote_active":false,"_monsterinsights_sitenote_note":"","_monsterinsights_sitenote_category":0,"ngg_post_thumbnail":0,"footnotes":"","_wp_rev_ctl_limit":""},"categories":[8],"tags":[23,25],"acf":[],"_links":{"self":[{"href":"https:\/\/www.bibula.com\/index.php?rest_route=\/wp\/v2\/posts\/3692"}],"collection":[{"href":"https:\/\/www.bibula.com\/index.php?rest_route=\/wp\/v2\/posts"}],"about":[{"href":"https:\/\/www.bibula.com\/index.php?rest_route=\/wp\/v2\/types\/post"}],"author":[{"embeddable":true,"href":"https:\/\/www.bibula.com\/index.php?rest_route=\/wp\/v2\/users\/1"}],"replies":[{"embeddable":true,"href":"https:\/\/www.bibula.com\/index.php?rest_route=%2Fwp%2Fv2%2Fcomments&post=3692"}],"version-history":[{"count":0,"href":"https:\/\/www.bibula.com\/index.php?rest_route=\/wp\/v2\/posts\/3692\/revisions"}],"wp:attachment":[{"href":"https:\/\/www.bibula.com\/index.php?rest_route=%2Fwp%2Fv2%2Fmedia&parent=3692"}],"wp:term":[{"taxonomy":"category","embeddable":true,"href":"https:\/\/www.bibula.com\/index.php?rest_route=%2Fwp%2Fv2%2Fcategories&post=3692"},{"taxonomy":"post_tag","embeddable":true,"href":"https:\/\/www.bibula.com\/index.php?rest_route=%2Fwp%2Fv2%2Ftags&post=3692"}],"curies":[{"name":"wp","href":"https:\/\/api.w.org\/{rel}","templated":true}]}}