{"id":36725,"date":"2011-04-21T21:41:30","date_gmt":"2011-04-22T02:41:30","guid":{"rendered":"http:\/\/www.bibula.com\/?p=36725"},"modified":"2020-09-21T15:59:25","modified_gmt":"2020-09-21T19:59:25","slug":"obowiazkowe-czerwone-flagi-nad-ukraina-9-maja","status":"publish","type":"post","link":"https:\/\/www.bibula.com\/?p=36725","title":{"rendered":"Obowi\u0105zkowe czerwone flagi nad Ukrain\u0105 9 maja"},"content":{"rendered":"<p><strong>Obowi\u0105zek wywieszania czerwonej flagi w obchodzonym 9 maja Dniu Zwyci\u0119stwa nad hitlerowskimi Niemcami wprowadzi\u0142 w czwartek ukrai\u0144ski parlament. Ustaw\u0119 w tej sprawie poparli pos\u0142owie koalicji, zdominowanej przez Parti\u0119 Region\u00f3w prezydenta Wiktora Janukowycza.<\/strong><br \/>\r\n<br \/>\r\nW zwi\u0105zku z tym, \u017ce czerwona flaga ma wisie\u0107 wsz\u0119dzie tam, gdzie niebiesko-\u017c\u00f3\u0142ta flaga pa\u0144stwowa, opozycja orzek\u0142a, \u017ce rz\u0105dz\u0105ca wi\u0119kszo\u015b\u0107 zr\u00f3wna\u0142a w prawach symbol komunizmu, oraz symbol ukrai\u0144skiej pa\u0144stwowo\u015bci i niepodleg\u0142o\u015bci.<br \/>\r\n<br \/>\r\n&#8211; <em>Ta flaga nie mo\u017ce wisie\u0107 na naszych domach! Chcecie zasia\u0107 podzia\u0142 w spo\u0142ecze\u0144stwie. To jest w\u0142a\u015bnie zadaniem Kremla, komunist\u00f3w i Partii Region\u00f3w: 9 maja chcecie sk\u0142\u00f3ci\u0107 weteran\u00f3w z ukrai\u0144skimi patriotami<\/em> &#8211; powiedzia\u0142, pochodz\u0105cy z obwodu lwowskiego, deputowany opozycyjnego bloku Nasza Ukraina-Ludowa Samoobrona, Andrij Parubij.<br \/>\r\n<br \/>\r\nTymczasem Rada Miejska Lwowa przyj\u0119\u0142a w czwartek uchwa\u0142\u0119, kt\u00f3r\u0105 zakaza\u0142a wykorzystywanie w tym mie\u015bcie symboliki by\u0142ego Zwi\u0105zku Radzieckiego i jego partii komunistycznej. Cho\u0107 jeden z radnych proponowa\u0142, by zakaza\u0107 tak\u017ce korzystania z symboliki faszystowskiej, kt\u00f3ra cz\u0119sto pojawia si\u0119 na stadionach pi\u0142karskich, pomys\u0142 ten nie uzyska\u0142 poparcia.<br \/>\r\n<br \/>\r\nPartia Region\u00f3w prezydenta Janukowycza okre\u015blana jest jako <a id=\"anchorbbtBubble188\"><\/a>si\u0142a prorosyjska. Sam szef pa\u0144stwa deklaruje, \u017ce kamieniem w\u0119gielnym ukrai\u0144skiej polityki zagranicznej jest integracja z Uni\u0105 Europejsk\u0105.<br \/>\r\n<br \/>\r\n&#8211;<em> Odradzanie si\u0119 komunistycznych symboli przeczy deklaracjom w\u0142adz, i\u017c pragn\u0105 doprowadzi\u0107 Ukrain\u0119 do cz\u0142onkostwa w UE<\/em> &#8211; oceni\u0142 opozycyjny deputowany i by\u0142y minister spraw zagranicznych Borys Tarasiuk w przes\u0142anym PAP komentarzu.<\/p>","protected":false},"excerpt":{"rendered":"Obowi\u0105zek wywieszania czerwonej flagi w obchodzonym 9 maja Dniu Zwyci\u0119stwa nad hitlerowskimi Niemcami wprowadzi\u0142 w czwartek ukrai\u0144ski parlament. Ustaw\u0119 w tej sprawie poparli pos\u0142owie koalicji, zdominowanej przez Parti\u0119 Region\u00f3w prezydenta Wiktora Janukowycza. W zwi\u0105zku z tym, \u017ce czerwona flaga ma wisie\u0107 wsz\u0119dzie tam, gdzie niebiesko-\u017c\u00f3\u0142ta flaga pa\u0144stwowa, opozycja orzek\u0142a, \u017ce rz\u0105dz\u0105ca wi\u0119kszo\u015b\u0107 zr\u00f3wna\u0142a w prawach [&hellip;]","protected":false},"author":1,"featured_media":0,"comment_status":"closed","ping_status":"closed","sticky":false,"template":"","format":"standard","meta":{"_acf_changed":false,"_monsterinsights_skip_tracking":false,"_monsterinsights_sitenote_active":false,"_monsterinsights_sitenote_note":"","_monsterinsights_sitenote_category":0,"ngg_post_thumbnail":0,"footnotes":"","_wp_rev_ctl_limit":""},"categories":[6],"tags":[66,167],"acf":[],"_links":{"self":[{"href":"https:\/\/www.bibula.com\/index.php?rest_route=\/wp\/v2\/posts\/36725"}],"collection":[{"href":"https:\/\/www.bibula.com\/index.php?rest_route=\/wp\/v2\/posts"}],"about":[{"href":"https:\/\/www.bibula.com\/index.php?rest_route=\/wp\/v2\/types\/post"}],"author":[{"embeddable":true,"href":"https:\/\/www.bibula.com\/index.php?rest_route=\/wp\/v2\/users\/1"}],"replies":[{"embeddable":true,"href":"https:\/\/www.bibula.com\/index.php?rest_route=%2Fwp%2Fv2%2Fcomments&post=36725"}],"version-history":[{"count":1,"href":"https:\/\/www.bibula.com\/index.php?rest_route=\/wp\/v2\/posts\/36725\/revisions"}],"predecessor-version":[{"id":118637,"href":"https:\/\/www.bibula.com\/index.php?rest_route=\/wp\/v2\/posts\/36725\/revisions\/118637"}],"wp:attachment":[{"href":"https:\/\/www.bibula.com\/index.php?rest_route=%2Fwp%2Fv2%2Fmedia&parent=36725"}],"wp:term":[{"taxonomy":"category","embeddable":true,"href":"https:\/\/www.bibula.com\/index.php?rest_route=%2Fwp%2Fv2%2Fcategories&post=36725"},{"taxonomy":"post_tag","embeddable":true,"href":"https:\/\/www.bibula.com\/index.php?rest_route=%2Fwp%2Fv2%2Ftags&post=36725"}],"curies":[{"name":"wp","href":"https:\/\/api.w.org\/{rel}","templated":true}]}}