{"id":36513,"date":"2011-04-18T18:56:03","date_gmt":"2011-04-18T23:56:03","guid":{"rendered":"http:\/\/www.bibula.com\/?p=36513"},"modified":"2011-04-20T15:42:01","modified_gmt":"2011-04-20T20:42:01","slug":"prezydent-katyn-ludobojstwo-apel","status":"publish","type":"post","link":"https:\/\/www.bibula.com\/?p=36513","title":{"rendered":"Apel do Prezydenta RP w sprawie ludob\u00f3jstwa w Katyniu"},"content":{"rendered":"<p><strong>Kilkudziesi\u0119ciu naukowc\u00f3w, publicyst\u00f3w, artyst\u00f3w i polityk\u00f3w, zwr\u00f3ci\u0142o si\u0119 z apelem do prezydenta Bronis\u0142awa Komorowskiego, o wydanie deklaracji potwierdzaj\u0105cej polskie stanowisko &#8222;w sprawie ludob\u00f3jstwa sowieckiego w Katyniu i w innych miejscach&#8221;.<\/strong><\/p>\r\n<p>Sygnatariusze listu pisz\u0105, \u017ce Polska o prawd\u0119 o Katyniu walczy od lat. Podkre\u015blaj\u0105, \u017ce Katy\u0144 by\u0142 ludob\u00f3jstwem zar\u00f3wno bezpo\u015brednio, jako akt eksterminacji polskiej inteligencji, jak r\u00f3wnie\u017c jako cz\u0119\u015b\u0107 ludob\u00f3jczej polityki na ziemiach anektowanych przez Zwi\u0105zek Sowiecki po 17 wrze\u015bnia 1939 roku.<\/p>\r\n<p>W li\u015bcie czytamy, \u017ce kwalifikacja zbrodni katy\u0144skiej wynika z artyku\u0142u II Konwencji ONZ w sprawie zapobiegania i karania zbrodni ludob\u00f3jstwa. Autorzy listu przypominaj\u0105, \u017ce jest to nie tylko stanowisko polskiego pa\u0144stwa i polskiej opinii publicznej, ale r\u00f3wnie\u017c mi\u0119dzy innymi rosyjskich autor\u00f3w Orzeczenia komisji ekspert\u00f3w Naczelnej Prokuratury Wojskowej Federacji Rosyjskiej z 2 sierpnia 1993 roku.<\/p>\r\n<p>&#8211; Prawda o katy\u0144skim ludob\u00f3jstwie potrzebna jest Polsce i Europie. Potrzebna jest narodom naszego regionu: narodom ba\u0142tyckim przypominaj\u0105cym cierpienia sowieckiej okupacji i Ukrainie, walcz\u0105cej o uznanie prawdy o g\u0142odzie lat 30-tych &#8211; napisano w li\u015bcie.<\/p>\r\n<p>Zdaniem autor\u00f3w apelu do prezydenta Komorowskiego pomniejszanie prawdy o sowieckim komunizmie nie s\u0142u\u017cy dialogowi polsko-rosyjskiemu. Zaznaczaj\u0105 oni, \u017ce komunizm by\u0142 najpierw nieszcz\u0119\u015bciem Rosji i to Rosja by\u0142a jego pierwsz\u0105 ofiar\u0105. Jednak, jak pisz\u0105, uznanie dla prawdy mo\u017cna osi\u0105ga\u0107 etapowo &#8211; ale na \u017cadnym etapie nie wolno zaprzesta\u0107 jej \u017c\u0105dania i g\u0142oszenia.<\/p>\r\n<p>Dlatego te\u017c sygnatariusze listu zwracaj\u0105 si\u0119 do Bronis\u0142awa Komorowskiego, by autorytet sprawowanego przez niego urz\u0119du by\u0142 gwarancj\u0105 szacunku dla prawdy i ci\u0105g\u0142o\u015bci polskiej polityki w tej sprawie, tak wa\u017cnej dla wype\u0142nienia polskich obowi\u0105zk\u00f3w pami\u0119ci, ale r\u00f3wnie\u017c dla \u0142adu moralnego, na kt\u00f3rym chcemy oprze\u0107 przysz\u0142o\u015b\u0107 Europy i wsp\u00f3\u0142prac\u0119 jej narod\u00f3w.<\/p>\r\n<p>Pod listem podpisali si\u0119 Lena Cichocka-D\u0105bkowska, Marek Cichocki, Maria Dzielska, Dariusz Gawin, Magdalena Gawin, Jan Maria Jackowski, Igor Janke, Janina Jankowska, El\u017cbieta Jakubiak, Marek Jurek, Krzysztof Kaw\u0119cki, Dariusz Kar\u0142owicz, Piotr Kaznowski, Bogus\u0142aw Kiernicki, Jacek Kloczkowski, Grzegorz Kucharczyk, Pawe\u0142 Kukiz, W\u0142odzimierz Marciniak, Mateusz Matyszkowicz, Pawe\u0142 Milcarek, Jan Musia\u0142, Andrzej Nowak, Jan O\u0142dakowski, Marian Pi\u0142ka, Wojciech Roszkowski, Arkady Rzegocki, Piotr Semka, Maciej Strzembosz, Piotr Strzembosz, Konrad Szyma\u0144ski, Tomasz Terlikowski, Bronis\u0142aw Wildstein, Lucyna Wi\u015bniewska oraz Rafa\u0142 Ziemkiewicz.<\/p>\r\n<p>List mo\u017cna podpisywa\u0107 na stronie <a href=\"http:\/\/lubczasopismo.salon24.pl\/teksty\/post\/299270,apel-do-prezydenta-rp-w-sprawie-ludobojstwa-w-katyniu\">www.salon24.pl<\/a>.<\/p>\r\n<p>Informacyjna Agencja Radiowa\/IAR\/\/kl\/nyg<\/p>\r\n<p>&nbsp;<\/p>\r\n<blockquote>\r\n<h2>Apel do Prezydenta RP w sprawie ludob\u00f3jstwa w Katyniu<\/h2>\r\n<p>Szanowny Panie Prezydencie,<\/p>\r\n<p>Zwracamy si\u0119 do Pana z apelem o deklaracj\u0119  potwierdzaj\u0105c\u0105 stanowisko Rzeczypospolitej w sprawie ludob\u00f3jstwa  sowieckiego w Katyniu i w innych miejscach. Polska o t\u0119 prawd\u0119 walczy od  lat. Katy\u0144 by\u0142 ludob\u00f3jstwem zar\u00f3wno bezpo\u015brednio (jako akt  eksterminacji polskiej inteligencji), jak r\u00f3wnie\u017c jako cz\u0119\u015b\u0107 ludob\u00f3jczej  polityki na ziemiach anektowanych przez Zwi\u0105zek Sowiecki po 17 wrze\u015bnia  1939 roku. Kwalifikacja tej zbrodni wynika z artyku\u0142u II Konwencji ONZ  w sprawie zapobiegania i karania zbrodni ludob\u00f3jstwa. To nie tylko  stanowisko naszego Pa\u0144stwa i polskiej opinii publicznej, ale r\u00f3wnie\u017c  m.in. rosyjskich autor\u00f3w Orzeczenia komisji ekspert\u00f3w Naczelnej  Prokuratury Wojskowej Federacji Rosyjskiej z 2 sierpnia 1993 roku.<\/p>\r\n<p>Prawda o katy\u0144skim ludob\u00f3jstwie potrzebna jest  Polsce i Europie. Potrzebna jest narodom naszego regionu: narodom  ba\u0142tyckim przypominaj\u0105cym cierpienia sowieckiej okupacji i Ukrainie,  walcz\u0105cej o uznanie prawdy o g\u0142odzie lat 30-tych.<\/p>\r\n<p>Pomniejszanie prawdy o sowieckim komunizmie nie  s\u0142u\u017cy dialogowi polsko-rosyjskiemu. Komunizm by\u0142 najpierw nieszcz\u0119\u015bciem  Rosji. To Rosja by\u0142a jego pierwsz\u0105 ofiar\u0105. Uznanie dla prawdy mo\u017cna  osi\u0105ga\u0107 etapowo &#8211; ale na \u017cadnym etapie nie wolno zaprzesta\u0107 jej \u017c\u0105dania i  g\u0142oszenia.<\/p>\r\n<p>Panie Prezydencie!<\/p>\r\n<p>Niech autorytet sprawowanego przez Pana urz\u0119du  b\u0119dzie gwarancj\u0105 szacunku dla prawdy i ci\u0105g\u0142o\u015bci polskiej polityki w tej  sprawie, tak wa\u017cnej dla wype\u0142nienia polskich obowi\u0105zk\u00f3w pami\u0119ci, ale  r\u00f3wnie\u017c dla \u0142adu moralnego, na kt\u00f3rym chcemy oprze\u0107 przysz\u0142o\u015b\u0107 Europy i  wsp\u00f3\u0142prac\u0119 jej narod\u00f3w.<\/p>\r\n<\/blockquote>","protected":false},"excerpt":{"rendered":"Kilkudziesi\u0119ciu naukowc\u00f3w, publicyst\u00f3w, artyst\u00f3w i polityk\u00f3w, zwr\u00f3ci\u0142o si\u0119 z apelem do prezydenta Bronis\u0142awa Komorowskiego, o wydanie deklaracji potwierdzaj\u0105cej polskie stanowisko &#8222;w sprawie ludob\u00f3jstwa sowieckiego w Katyniu i w innych miejscach&#8221;. Sygnatariusze listu pisz\u0105, \u017ce Polska o prawd\u0119 o Katyniu walczy od lat. Podkre\u015blaj\u0105, \u017ce Katy\u0144 by\u0142 ludob\u00f3jstwem zar\u00f3wno bezpo\u015brednio, jako akt eksterminacji polskiej inteligencji, jak [&hellip;]","protected":false},"author":3,"featured_media":0,"comment_status":"closed","ping_status":"closed","sticky":false,"template":"","format":"standard","meta":{"_acf_changed":false,"_monsterinsights_skip_tracking":false,"_monsterinsights_sitenote_active":false,"_monsterinsights_sitenote_note":"","_monsterinsights_sitenote_category":0,"ngg_post_thumbnail":0,"footnotes":"","_wp_rev_ctl_limit":""},"categories":[8],"tags":[144,50,59],"acf":[],"_links":{"self":[{"href":"https:\/\/www.bibula.com\/index.php?rest_route=\/wp\/v2\/posts\/36513"}],"collection":[{"href":"https:\/\/www.bibula.com\/index.php?rest_route=\/wp\/v2\/posts"}],"about":[{"href":"https:\/\/www.bibula.com\/index.php?rest_route=\/wp\/v2\/types\/post"}],"author":[{"embeddable":true,"href":"https:\/\/www.bibula.com\/index.php?rest_route=\/wp\/v2\/users\/3"}],"replies":[{"embeddable":true,"href":"https:\/\/www.bibula.com\/index.php?rest_route=%2Fwp%2Fv2%2Fcomments&post=36513"}],"version-history":[{"count":0,"href":"https:\/\/www.bibula.com\/index.php?rest_route=\/wp\/v2\/posts\/36513\/revisions"}],"wp:attachment":[{"href":"https:\/\/www.bibula.com\/index.php?rest_route=%2Fwp%2Fv2%2Fmedia&parent=36513"}],"wp:term":[{"taxonomy":"category","embeddable":true,"href":"https:\/\/www.bibula.com\/index.php?rest_route=%2Fwp%2Fv2%2Fcategories&post=36513"},{"taxonomy":"post_tag","embeddable":true,"href":"https:\/\/www.bibula.com\/index.php?rest_route=%2Fwp%2Fv2%2Ftags&post=36513"}],"curies":[{"name":"wp","href":"https:\/\/api.w.org\/{rel}","templated":true}]}}