{"id":3651,"date":"2008-11-28T21:46:13","date_gmt":"2008-11-29T02:46:13","guid":{"rendered":"http:\/\/www.bibula.com\/?p=3651"},"modified":"2008-11-28T19:47:34","modified_gmt":"2008-11-29T00:47:34","slug":"barcelona-general-jezuitow-wstawia-sie-za-teologia-wyzwolenia","status":"publish","type":"post","link":"https:\/\/www.bibula.com\/?p=3651","title":{"rendered":"Barcelona: Genera\u0142 jezuit\u00f3w wstawia si\u0119 za teologi\u0105 wyzwolenia"},"content":{"rendered":"<p>O.  Adolfo Nicolas SI, genera\u0142 Jezuit\u00f3w w wywiadzie dla hiszpa\u0144skiej prasy  stwierdzi\u0142, \u017ce teologii wyzwolenia nale\u017ca\u0142oby da\u0107 wi\u0119cej czasu.<\/p>\r\n\r\n<p>Ojciec  Adolfo Nicolas SI, prze\u0142o\u017cony Towarzystwa Jezusowego, wyrazi\u0142 \u017cal \u201ez  powodu kontrowersji wok\u00f3\u0142 teologii wyzwolenia\u201d oraz \u201ebraku kredytu  zaufania dla tego nurtu\u201d. Wezwa\u0142, aby \u201eda\u0107 jej wi\u0119cej czasu na  dojrzewanie\u201d.<\/p>\r\n\r\n<p>W rozmowie z redakcj\u0105 czasopisma \u201eEl  Peri\u00f3dico\u201d, genera\u0142 stwierdzi\u0142, \u017ce \u201eteologia wyzwolenia daje odwa\u017cne i  tw\u00f3rcze odpowiedzi na sytuacje trudnych do zaakceptowania  niesprawiedliwo\u015bci w Ameryce \u0141aci\u0144skiej.\u201d \u201ePodobnie  jak ka\u017cdy nurt teologii, potrzeba lat, aby sta\u0142 si\u0119 dojrza\u0142y. To nie  dobrze, \u017ce nie otrzyma\u0142a kredytu zaufania i nie pozwolono rozwin\u0105\u0107 jej  skrzyde\u0142. Musimy da\u0107 jej czas.\u201d<\/p>\r\n\r\n<p>W  wywiadzie o. Adolfo Nicolas SI przyzna\u0142, \u017ce zmala\u0142a liczba jezuit\u00f3w,  ale \u201ew liczbach bezwzgl\u0119dnych\u201d. Zaznaczy\u0142 jednocze\u015bnie, \u017ce jezuici s\u0105  nadal widocznym, silnym, o\u015brodkiem teologicznym i doktrynalnym w  Ko\u015bciele. \u201dTo naturalne, \u017ce w zwi\u0105zku z tym, skupiamy na sobie du\u017c\u0105  uwag\u0119\u201d &#8211; powiedzia\u0142 genera\u0142 zakonu w nawi\u0105zaniu do podnoszonej ostatnio  sprawy zwi\u0119kszonego nadzoru nad zakonem ze strony Rzymu i Papie\u017ca.<\/p>\r\n\r\n<p>Zapytany  o odczucie, \u017ce wielu z jezuit\u00f3w \u201epatrzy z g\u00f3ry na inne zgromadzenia\u201d,  o. Nicolas stwierdzi\u0142, \u017ce \u201ejest to do\u015b\u0107 powszechna ludzka s\u0142abo\u015b\u0107\u201d. \u201eTo  wyp\u0142ywa z faktu, \u017ce Towarzystwo Jezusowe zawsze bardzo wysoko stawia\u0142o  poprzeczk\u0119 w zakresie jako\u015bci i pog\u0142\u0119biania doktryny\u201d. \u201ePowodem jest  wi\u0119c to, \u017ce jeste\u015bmy tylko lud\u017ami, a przecie\u017c charyzmat zosta\u0142 nam  dany, nie z powodu pi\u0119kna naszych twarzy.\u201d<\/p>\r\n\r\n<p>O.  Nicolas skomentowa\u0142 te\u017c spraw\u0119 wrogo\u015bci obecnego socjalistycznego rz\u0105du  Hiszpanii w stosunku do Ko\u015bcio\u0142a: \u201eJestem przyzwyczajony do klimatu  umiarkowanego sekularyzmu jaki panuje na przyk\u0142ad w Japonii, gdzie  mieszka\u0142em przez wiele lat\u201d. Tymczasem, zdaniem genera\u0142a jezuit\u00f3w,  hiszpa\u0144scy socjali\u015bci okazuj\u0105 si\u0119 by\u0107 niedojrzali do rz\u0105dzenia, \u201ew tym  sensie, \u017ce wobec ogromnych problem\u00f3w w zakresie bezrobocia, edukacji i  fali imigracji, oni marnuj\u0105 czas na konflikty z Ko\u015bcio\u0142em\u201d.<\/p>\r\n\r\n<p>Ojciec Nicolas stwierdzi\u0142, \u017ce \u00a0by\u0107  mo\u017ce Ko\u015bci\u00f3\u0142 hiszpa\u0144ski ma \u201etendencj\u0119 do pouczania\u201d. \u201eZawsze  odczytywa\u0142em to jako przykre i niezrozumia\u0142e, gdy kap\u0142an karci  wiernych. Jakim prawem to robi? To pomy\u0142ka.\u201d<\/p>\r\n\r\n<p>CHR za Aciprensa<\/p>\r\n\r\n<p>Tekst \u017ar\u00f3d\u0142owy: <a href=\"http:\/\/www.aciprensa.com\/noticia.php?n=23495\">http:\/\/www.aciprensa.com\/noticia.php?n=23495<\/a><\/p>\r\n\r\n<p>Za: <a href=\"http:\/\/www.christianitas.pl\/?sr=!czytaj&amp;dz=11&amp;id=226\" target=\"_blank\">christianitas.pl<\/a><\/p>\r\n\r\n<p><br class=\"spacer_\" \/><\/p>","protected":false},"excerpt":{"rendered":"O. Adolfo Nicolas SI, genera\u0142 Jezuit\u00f3w w wywiadzie dla hiszpa\u0144skiej prasy stwierdzi\u0142, \u017ce teologii wyzwolenia nale\u017ca\u0142oby da\u0107 wi\u0119cej czasu. Ojciec Adolfo Nicolas SI, prze\u0142o\u017cony Towarzystwa Jezusowego, wyrazi\u0142 \u017cal \u201ez powodu kontrowersji wok\u00f3\u0142 teologii wyzwolenia\u201d oraz \u201ebraku kredytu zaufania dla tego nurtu\u201d. Wezwa\u0142, aby \u201eda\u0107 jej wi\u0119cej czasu na dojrzewanie\u201d. W rozmowie z redakcj\u0105 czasopisma \u201eEl [&hellip;]","protected":false},"author":1,"featured_media":0,"comment_status":"closed","ping_status":"closed","sticky":false,"template":"","format":"standard","meta":{"_acf_changed":false,"_monsterinsights_skip_tracking":false,"_monsterinsights_sitenote_active":false,"_monsterinsights_sitenote_note":"","_monsterinsights_sitenote_category":0,"ngg_post_thumbnail":0,"footnotes":"","_wp_rev_ctl_limit":""},"categories":[3],"tags":[33],"acf":[],"_links":{"self":[{"href":"https:\/\/www.bibula.com\/index.php?rest_route=\/wp\/v2\/posts\/3651"}],"collection":[{"href":"https:\/\/www.bibula.com\/index.php?rest_route=\/wp\/v2\/posts"}],"about":[{"href":"https:\/\/www.bibula.com\/index.php?rest_route=\/wp\/v2\/types\/post"}],"author":[{"embeddable":true,"href":"https:\/\/www.bibula.com\/index.php?rest_route=\/wp\/v2\/users\/1"}],"replies":[{"embeddable":true,"href":"https:\/\/www.bibula.com\/index.php?rest_route=%2Fwp%2Fv2%2Fcomments&post=3651"}],"version-history":[{"count":0,"href":"https:\/\/www.bibula.com\/index.php?rest_route=\/wp\/v2\/posts\/3651\/revisions"}],"wp:attachment":[{"href":"https:\/\/www.bibula.com\/index.php?rest_route=%2Fwp%2Fv2%2Fmedia&parent=3651"}],"wp:term":[{"taxonomy":"category","embeddable":true,"href":"https:\/\/www.bibula.com\/index.php?rest_route=%2Fwp%2Fv2%2Fcategories&post=3651"},{"taxonomy":"post_tag","embeddable":true,"href":"https:\/\/www.bibula.com\/index.php?rest_route=%2Fwp%2Fv2%2Ftags&post=3651"}],"curies":[{"name":"wp","href":"https:\/\/api.w.org\/{rel}","templated":true}]}}