{"id":36418,"date":"2011-04-15T22:14:15","date_gmt":"2011-04-16T03:14:15","guid":{"rendered":"http:\/\/www.bibula.com\/?p=36418"},"modified":"2011-04-15T22:14:15","modified_gmt":"2011-04-16T03:14:15","slug":"sikorski-dal-przyzwolenie-na-podmiane","status":"publish","type":"post","link":"https:\/\/www.bibula.com\/?p=36418","title":{"rendered":"Sikorski da\u0142 przyzwolenie na podmian\u0119"},"content":{"rendered":"<p><strong>Z pos\u0142em Karolem Karskim (Prawo i Sprawiedliwo\u015b\u0107),  wiceprzewodnicz\u0105cym sejmowej Komisji Spraw Zagranicznych, rozmawia Artur  Kowalski<\/strong><br \/><br \/><strong>Wiceminister Henryk Litwin t\u0142umaczy\u0142 Komisji  Spraw Zagranicznych, \u017ce polskie MSZ nie by\u0142o stron\u0105 w sprawie tablicy na  miejscu katastrofy smole\u0144skiej. Jak Pan ocenia to o\u015bwiadczenie,  zw\u0142aszcza w kontek\u015bcie tego, \u017ce stron\u0105 okazali si\u0119 przecie\u017c Rosjanie,  kt\u00f3rzy z MSZ nie tylko w tej sprawie si\u0119 kontaktowali, ale w ko\u0144cu  tablic\u0119 podmienili?<\/strong><\/p>\r\n<p>&#8211; To bardzo dziwne stanowisko. Tak naprawd\u0119  oznacza\u0142o ono wys\u0142anie stronie rosyjskiej sygna\u0142u, powiedzenie Rosjanom,  \u017ce &#8222;co prawda protestujemy, ale nie jeste\u015bmy stron\u0105, wi\u0119c nie b\u0119dziemy  obra\u017ceni&#8221;. To by\u0142o takie po\u015brednie przyzwolenie na podmian\u0119 tych tablic.  Nie jest to dobre stanowisko.<br \/><br \/><strong>Gdy sprawa zamiany tablic  wysz\u0142a na \u015bwiat\u0142o dzienne, minister Rados\u0142aw Sikorski nakre\u015bli\u0142 przekaz,  kt\u00f3ry poszed\u0142 do opinii publicznej: &#8222;Nie my tablic\u0119 zak\u0142adali\u015bmy, nie  my j\u0105 zdejmowali\u015bmy&#8221;, czyli \u017ce faktycznie polskiemu ministerstwu nic do  tego, co si\u0119 sta\u0142o. Czy rzeczywi\u015bcie?<\/strong><\/p>\r\n<p>&#8211; Tu chodzi o polsk\u0105 dum\u0119  narodow\u0105, o pami\u0119\u0107 o polskich obywatelach, o katastrof\u0119, w kt\u00f3rej zgin\u0105\u0142  prezydent Rzeczypospolitej, i to nie jest tak, \u017ce MSZ powinno si\u0119  wycofa\u0107 z tych spraw. A postawa w sprawie tablicy by\u0142a rzeczywi\u015bcie na  pocz\u0105tku asekurancka. Dano sygna\u0142 stronie rosyjskiej, \u017ce jak zdejmiecie  tablic\u0119, to my si\u0119 nie obrazimy. Rosjanie wyeskalowali to w spos\u00f3b  najmocniejszy z mo\u017cliwych, dokonuj\u0105c tej podmiany tablic na dzie\u0144 przed  wizyt\u0105 prezydenta Bronis\u0142awa Komorowskiego. To niebywa\u0142y policzek dla  strony polskiej, poniewa\u017c wiadomo by\u0142o, \u017ce musi to zosta\u0107 dostrze\u017cone  zar\u00f3wno przez media, jak r\u00f3wnie\u017c b\u0119d\u0105 musieli si\u0119 odnosi\u0107 do tego  najwy\u017csi przedstawiciele pa\u0144stwa polskiego, \u0142\u0105cznie z prezydentem  Rzeczypospolitej.<br \/><br \/><strong>MSZ powinno w takim razie stanowczo stwierdzi\u0107, i\u017c nie zgadza si\u0119 na jak\u0105kolwiek zmian\u0119 tablicy?<\/strong><\/p>\r\n<p>&#8211; Tak, MSZ powinno wyrazi\u0107 takie stanowisko, a nie po\u015brednio przyzwala\u0107 na to, co w ko\u0144cu zrobi\u0142a strona rosyjska.<br \/><br \/><strong>Minister  Sikorski ponownie nie pojawi\u0142 si\u0119 na posiedzeniu Komisji Spraw  Zagranicznych, aby osobi\u015bcie wyja\u015bni\u0107 t\u0119 spraw\u0119. B\u0119dzie go\u015bciem  kolejnego posiedzenia?<\/strong><\/p>\r\n<p>&#8211; Pan minister ju\u017c dwa razy by\u0142 nieobecny.  M\u00f3wi si\u0119: do trzech razy sztuka. Trudno powiedzie\u0107, jak wygl\u0105da jego  grafik wyjazd\u00f3w zagranicznych. Ale na pewno to nie przewodnicz\u0105cy  Andrzej Halicki jednoosobowo zwo\u0142uje posiedzenia komisji, tylko jednak  konsultuje si\u0119 z MSZ. By\u0142a informacja, i\u017c na posiedzeniu \u015brodowym mia\u0142  by\u0107 obecny minister Sikorski. Okaza\u0142o si\u0119 to niemo\u017cliwe. Spotkanie to  przesuni\u0119to na dzisiaj z informacj\u0105, \u017ce b\u0119dzie szef MSZ. Nast\u0119pnie  okaza\u0142o si\u0119, \u017ce r\u00f3wnie\u017c dzisiaj nie by\u0142o to mo\u017cliwe. Ja to postrzegam  jako polityk\u0119 unik\u00f3w ze strony ministra Sikorskiego, kt\u00f3ry w r\u00f3\u017cnych  kluczowych momentach po prostu znika.<br \/><br \/><strong>B\u0119dziecie Pa\u0144stwo  chcieli jeszcze us\u0142ysze\u0107 wyja\u015bnienia w sprawie okoliczno\u015bci zamiany  przez Rosjan tablicy bezpo\u015brednio od Rados\u0142awa Sikorskiego?<\/strong><\/p>\r\n<p>&#8211;  Zapewne jeszcze niejednokrotnie b\u0119dziemy zadawa\u0107 pytania w tej sprawie,  bo to si\u0119 wpisuje w pewien ci\u0105g wydarze\u0144 w stosunkach polsko-rosyjskich.  Nale\u017cy zastanowi\u0107 si\u0119 te\u017c, czy takie posiedzenie powinno by\u0107 powt\u00f3rzone  z udzia\u0142em ministra Sikorskiego. Wida\u0107, nie chce on tutaj by\u0107 i  odpowiada\u0107 na te trudne pytania, woli si\u0119 zas\u0142ania\u0107 swoimi  wsp\u00f3\u0142pracownikami, kt\u00f3rzy nadrabiaj\u0105 min\u0105 i pr\u00f3buj\u0105 wyt\u0142umaczy\u0107 si\u0119 z  rzeczy, z kt\u00f3rych wyt\u0142umaczy\u0107 si\u0119 nie da.<br \/><br \/><strong>Dzi\u0119kuj\u0119 za rozmow\u0119.<\/strong><\/p>","protected":false},"excerpt":{"rendered":"Z pos\u0142em Karolem Karskim (Prawo i Sprawiedliwo\u015b\u0107), wiceprzewodnicz\u0105cym sejmowej Komisji Spraw Zagranicznych, rozmawia Artur KowalskiWiceminister Henryk Litwin t\u0142umaczy\u0142 Komisji Spraw Zagranicznych, \u017ce polskie MSZ nie by\u0142o stron\u0105 w sprawie tablicy na miejscu katastrofy smole\u0144skiej. Jak Pan ocenia to o\u015bwiadczenie, zw\u0142aszcza w kontek\u015bcie tego, \u017ce stron\u0105 okazali si\u0119 przecie\u017c Rosjanie, kt\u00f3rzy z MSZ nie tylko w [&hellip;]","protected":false},"author":1,"featured_media":0,"comment_status":"closed","ping_status":"closed","sticky":false,"template":"","format":"standard","meta":{"_acf_changed":false,"_monsterinsights_skip_tracking":false,"_monsterinsights_sitenote_active":false,"_monsterinsights_sitenote_note":"","_monsterinsights_sitenote_category":0,"ngg_post_thumbnail":0,"footnotes":"","_wp_rev_ctl_limit":""},"categories":[139],"tags":[98,137,141],"acf":[],"_links":{"self":[{"href":"https:\/\/www.bibula.com\/index.php?rest_route=\/wp\/v2\/posts\/36418"}],"collection":[{"href":"https:\/\/www.bibula.com\/index.php?rest_route=\/wp\/v2\/posts"}],"about":[{"href":"https:\/\/www.bibula.com\/index.php?rest_route=\/wp\/v2\/types\/post"}],"author":[{"embeddable":true,"href":"https:\/\/www.bibula.com\/index.php?rest_route=\/wp\/v2\/users\/1"}],"replies":[{"embeddable":true,"href":"https:\/\/www.bibula.com\/index.php?rest_route=%2Fwp%2Fv2%2Fcomments&post=36418"}],"version-history":[{"count":0,"href":"https:\/\/www.bibula.com\/index.php?rest_route=\/wp\/v2\/posts\/36418\/revisions"}],"wp:attachment":[{"href":"https:\/\/www.bibula.com\/index.php?rest_route=%2Fwp%2Fv2%2Fmedia&parent=36418"}],"wp:term":[{"taxonomy":"category","embeddable":true,"href":"https:\/\/www.bibula.com\/index.php?rest_route=%2Fwp%2Fv2%2Fcategories&post=36418"},{"taxonomy":"post_tag","embeddable":true,"href":"https:\/\/www.bibula.com\/index.php?rest_route=%2Fwp%2Fv2%2Ftags&post=36418"}],"curies":[{"name":"wp","href":"https:\/\/api.w.org\/{rel}","templated":true}]}}