{"id":36412,"date":"2011-04-15T22:03:50","date_gmt":"2011-04-16T03:03:50","guid":{"rendered":"http:\/\/www.bibula.com\/?p=36412"},"modified":"2011-04-15T22:03:50","modified_gmt":"2011-04-16T03:03:50","slug":"macierewicz-rosyjskie-dokumenty-sa-sfalszowane","status":"publish","type":"post","link":"https:\/\/www.bibula.com\/?p=36412","title":{"rendered":"Macierewicz: Rosyjskie dokumenty s\u0105 sfa\u0142szowane"},"content":{"rendered":"<p><strong>Materia\u0142y ze \u015bledztwa smole\u0144skiego, kt\u00f3re przekazali nam  Rosjanie, s\u0105 sfa\u0142szowane &#8211; uwa\u017ca Antoni Macierewicz, szef zespo\u0142u  parlamentarnego wyja\u015bniaj\u0105cego katastrof\u0119 smole\u0144sk\u0105.<\/strong><br \/> <br \/> &#8211; W oparciu o relacj\u0119 pe\u0142nomocnik\u00f3w rodzin i relacje rodzin, zesp\u00f3\u0142  przygotowuje wyst\u0105pienie do prokuratury. Mamy g\u0142\u0119bok\u0105 \u015bwiadomo\u015b\u0107, \u017ce  \u015bledztwo polskie znalaz\u0142o si\u0119 w jakim\u015b \u015blepym zau\u0142ku. Jest ju\u017c pe\u0142na  \u015bwiadomo\u015b\u0107, \u017ce materia\u0142y, kt\u00f3re przekazali Rosjanie s\u0105 sfa\u0142szowane &#8211;  m\u00f3wi\u0142 Macierewicz podczas pi\u0105tkowego posiedzenia zespo\u0142u.<br \/> <br \/> Tak\u017ce przedstawiciele niekt\u00f3rych rodzin ofiar katastrofy smole\u0144skiej  m\u00f3wili, \u017ce fakty nie zgadza\u0142y si\u0119 z danymi wpisywanymi w protoko\u0142ach z  sekcji zw\u0142ok.<br \/> &#8211; Ze zdumieniem czytaj\u0105c protok\u00f3\u0142 doszed\u0142em do wniosku, \u017ce nie dotyczy  on absolutnie Stefana &#8211; m\u00f3wi\u0142 Andrzej Melak, brat przewodnicz\u0105cego  Komitetu Katy\u0144skiego Stefana Melaka. &#8211; St\u0105d by\u0142 m\u00f3j wniosek o ekshumacj\u0119  i dziwi\u0119 si\u0119, \u017ce polska prokuratura tak beztrosko i nieludzko traktuje  nasze obawy.<br \/> <br \/> Dariusz Fedorowicz, brat t\u0142umacza j\u0119zyka rosyjskiego Aleksandra  Fedorowicza, zaznaczy\u0142 z kolei, \u017ce ca\u0142y czas oczekuje na skompletowanie  dokumentacji s\u0105dowo-lekarskiej.<br \/> &#8211; Z rozm\u00f3w z rodzinami wiem, \u017ce s\u0105 tak gigantyczne rozbie\u017cno\u015bci w stanie  faktycznym a tym co jest zawarte w materia\u0142ach z sekcji, \u017ce wyklucza to  ca\u0142kowicie mo\u017cliwo\u015b\u0107, \u017ce sekcje by\u0142y wykonywane we w\u0142a\u015bciwy spos\u00f3b. Tam  s\u0105 rozbie\u017cno\u015bci o znaczeniu kardynalnym &#8211; uwa\u017ca Fedorowicz.<br \/> Jak powiedzia\u0142, w protoko\u0142ach s\u0105 dowody, kt\u00f3re &#8222;\u015bwiadcz\u0105 o tym, \u017ce \u015bledztwo w w\u0105tku bada\u0144 sekcyjnych jest zafa\u0142szowane&#8221;.<br \/> &#8211; Nie mamy co do tego najmniejszych w\u0105tpliwo\u015bci &#8211; powiedzia\u0142.<br \/> <br \/> Senator Alicja Zaj\u0105c, wdowa po senatorze PiS Stanis\u0142awie Zaj\u0105cu m\u00f3wi\u0142a  natomiast, \u017ce nale\u017cy do tych rodzin, kt\u00f3rym nie uda\u0142o si\u0119 odnale\u017a\u0107 cia\u0142a  bliskiej osoby.<br \/> &#8211; Mogli\u015bmy si\u0119 opiera\u0107 tylko na wynikach bada\u0144 DNA i wierzy\u0107, \u017ce w trumnie spoczywaj\u0105 szcz\u0105tki mojego m\u0119\u017ca &#8211; podkre\u015bli\u0142a.<br \/> <br \/> &#8211; Wydaje si\u0119, \u017ce je\u015bli rz\u0105d polski w spos\u00f3b jasny i jednoznaczny nie  zwr\u00f3ci si\u0119 do strony rosyjskiej o ujawnienie prawdziwych materia\u0142\u00f3w,  prawdziwej, zapewne filmowej dokumentacji, jak\u0105 z pewno\u015bci\u0105 strona  rosyjska posiada, to \u015bledztwo polskie b\u0119dzie tak samo niewiarygodne, jak  stanowisko w sprawie czarnych skrzynek bez czarnych skrzynek &#8211; doda\u0142  Macierewicz.<\/p>","protected":false},"excerpt":{"rendered":"Materia\u0142y ze \u015bledztwa smole\u0144skiego, kt\u00f3re przekazali nam Rosjanie, s\u0105 sfa\u0142szowane &#8211; uwa\u017ca Antoni Macierewicz, szef zespo\u0142u parlamentarnego wyja\u015bniaj\u0105cego katastrof\u0119 smole\u0144sk\u0105. &#8211; W oparciu o relacj\u0119 pe\u0142nomocnik\u00f3w rodzin i relacje rodzin, zesp\u00f3\u0142 przygotowuje wyst\u0105pienie do prokuratury. Mamy g\u0142\u0119bok\u0105 \u015bwiadomo\u015b\u0107, \u017ce \u015bledztwo polskie znalaz\u0142o si\u0119 w jakim\u015b \u015blepym zau\u0142ku. Jest ju\u017c pe\u0142na \u015bwiadomo\u015b\u0107, \u017ce materia\u0142y, kt\u00f3re przekazali [&hellip;]","protected":false},"author":1,"featured_media":0,"comment_status":"closed","ping_status":"closed","sticky":false,"template":"","format":"standard","meta":{"_acf_changed":false,"_monsterinsights_skip_tracking":false,"_monsterinsights_sitenote_active":false,"_monsterinsights_sitenote_note":"","_monsterinsights_sitenote_category":0,"ngg_post_thumbnail":0,"footnotes":"","_wp_rev_ctl_limit":""},"categories":[139],"tags":[137,141],"acf":[],"_links":{"self":[{"href":"https:\/\/www.bibula.com\/index.php?rest_route=\/wp\/v2\/posts\/36412"}],"collection":[{"href":"https:\/\/www.bibula.com\/index.php?rest_route=\/wp\/v2\/posts"}],"about":[{"href":"https:\/\/www.bibula.com\/index.php?rest_route=\/wp\/v2\/types\/post"}],"author":[{"embeddable":true,"href":"https:\/\/www.bibula.com\/index.php?rest_route=\/wp\/v2\/users\/1"}],"replies":[{"embeddable":true,"href":"https:\/\/www.bibula.com\/index.php?rest_route=%2Fwp%2Fv2%2Fcomments&post=36412"}],"version-history":[{"count":0,"href":"https:\/\/www.bibula.com\/index.php?rest_route=\/wp\/v2\/posts\/36412\/revisions"}],"wp:attachment":[{"href":"https:\/\/www.bibula.com\/index.php?rest_route=%2Fwp%2Fv2%2Fmedia&parent=36412"}],"wp:term":[{"taxonomy":"category","embeddable":true,"href":"https:\/\/www.bibula.com\/index.php?rest_route=%2Fwp%2Fv2%2Fcategories&post=36412"},{"taxonomy":"post_tag","embeddable":true,"href":"https:\/\/www.bibula.com\/index.php?rest_route=%2Fwp%2Fv2%2Ftags&post=36412"}],"curies":[{"name":"wp","href":"https:\/\/api.w.org\/{rel}","templated":true}]}}