{"id":36409,"date":"2011-04-15T21:59:33","date_gmt":"2011-04-16T02:59:33","guid":{"rendered":"http:\/\/www.bibula.com\/?p=36409"},"modified":"2011-04-15T21:59:33","modified_gmt":"2011-04-16T02:59:33","slug":"rosja-wobec-rocznicy-smolenskiej-katastrofy-%e2%80%93-wspolczucie-obluda-i-pragmatyzm","status":"publish","type":"post","link":"https:\/\/www.bibula.com\/?p=36409","title":{"rendered":"Rosja wobec rocznicy smole\u0144skiej katastrofy \u2013 wsp\u00f3\u0142czucie, ob\u0142uda i pragmatyzm"},"content":{"rendered":"<p><strong>Milkn\u0105 powoli echa rocznicy katastrofy smole\u0144skiej w Rosji. Rocznicowe wydarzenia nosi\u0142y tam bardzo r\u00f3\u017cnorodny charakter.<\/strong><\/p>\r\n<p>Rocznica katastrofy z 10 kwietnia ponownie spotka\u0142a si\u0119 z szczerym  wsp\u00f3\u0142czuciem zwyk\u0142ych Rosjan. Uroczysto\u015bci upami\u0119tniaj\u0105ce ofiary  katastrofy odby\u0142y si\u0119 w Ko\u015bciele \u015bw. Katarzyny na Prospekcie Newskim w  Sankt Petersburgu. Najpierw w intencji ofiar by\u0142a celebrowana msza  \u015bwi\u0119ta, a nast\u0119pnie w ko\u015bciele odby\u0142 si\u0119 koncert z  udzia\u0142em\u00a0m.in.\u00a0Rosyjskiej Orkiestry D\u0119tej. Ka\u017cda z ofiar zosta\u0142a  wymieniona z imienia, a nast\u0119pnie dla uczczenia jej pami\u0119ci zapalano  \u015bwiec\u0119.<\/p>\r\n<p>Wzruszaj\u0105cy charakter mia\u0142y wydarzenia w Kaliningradzie, gdzie  mieszka\u0144cy miasta dla uczczenia pami\u0119ci ofiar zapalali znicze i sk\u0142adali  kwiaty przed Konsulatem Generalnym Rzeczpospolitej Polskiej. Dlaczego  nikt o tym nie wspomnia\u0142? Dlaczego nie pisa\u0142a Gazeta Wyborcza? Odpowied\u017a  wydaje si\u0119 prosta. Szczery b\u00f3l ludu zosta\u0142 perfidnie wykorzystany dla  pogn\u0119bienia i zaszanta\u017cowania politycznego przeciwnika ju\u017c w ubieg\u0142ym  roku. Wi\u0119cej widocznie nie trzeba.<\/p>\r\n<p>Zupe\u0142nie inny wymiar mia\u0142y relacje z polskich obchod\u00f3w katastrofy w  rosyjskich mediach. Dziennikarze rz\u0105dowej agencji RIA Novosti odm\u00f3wili  sporej grupie Polak\u00f3w miana ludzi cywilizowanych, Zuzanna Kurtyka uznana  zosta\u0142a za prowokatork\u0119. Bardzo podobne interpretacje, w kt\u00f3rych  Polak\u00f3w rozdzielono na \u015bwiat\u0142ych zwolennik\u00f3w Platformy i sekt\u0119 spod  znaku PiS dominuj\u0105 w innych rosyjskich mediach. W relacji telewizji  pa\u0144stwowej Rosija 24 nienagann\u0105 ruszczyzn\u0105 o w\u0142a\u015bnie takiej  rzeczywisto\u015bci przekonywa\u0142 Rosjan Daniel Olbrychski.<\/p>\r\n<p>Sprawa z tablic\u0105 sta\u0142a si\u0119 dla rosyjskich medi\u00f3w okazj\u0105 do pyta\u0144: jak  zachowa\u0142aby si\u0119 polska strona, gdyby grupa Rosjan postawi\u0142a w naszym  kraju tablic\u0119, na kt\u00f3rej widnia\u0142by napis o ludob\u00f3jstwie dokonanym na  \u017co\u0142nierzach armii Tuchaczewskiego. Niezale\u017cnie od argument\u00f3w strony  rosyjskiej o ustanowieniu tablicy nale\u017cy zauwa\u017cy\u0107 fakt ponownego  wywo\u0142ywania k\u0142amstwa o Antykatyniu. I to w obliczu powagii rocznicy  tragedi. Warto przypomnie\u0107 zreszt\u0105, \u017ce r\u00f3wnie ma\u0142o stosownych por\u00f3wna\u0144  u\u017cywaj\u0105 niekt\u00f3re polskie media. I tak dziennikarz Gazety Wyborczej  Marcin Wojciechowski przyr\u00f3wna\u0142 dzia\u0142alno\u015b\u0107 rodzin katy\u0144skich w zwi\u0105zku z  tablic\u0105 do zamontowania pomnika ku czci \u017co\u0142nierzy UPA na Chryszczatej w  Bieszczadach.<\/p>\r\n<p>Jeszcze inny charakter mia\u0142y obchody rocznicy tragedii smole\u0144skiej na  poziomie pa\u0144stwowym. \u0179ona prezydenta Rosji Swiet\u0142ana Miedwiediewa  odwiedzi\u0142a polsk\u0105 ambasad\u0119 w Moskwie o czym szeroko informowa\u0142a polska  prasa. Sam Dmitrij Miedwiediew podkre\u015bli\u0142 podczas uroczysto\u015bci  upami\u0119tniaj\u0105cych ofiary odpowiedzialno\u015b\u0107 strony sowieckiej za zbrodni\u0119  katy\u0144sk\u0105. Warto przypomnie\u0107, \u017ce wszystko to odby\u0142o si\u0119 w obliczu  narastaj\u0105cego konfliktu mi\u0119dzy premierem Putinem, a prezydentem  Miedwiediewem. Jednym z punkt\u00f3w odr\u00f3\u017cniaj\u0105cych od siebietych dw\u00f3ch  najwa\u017cniejszych w Rosji\u00a0ludzi\u00a0jest w\u0142a\u015bnie stosunek wobec totalitarnego  dziedzictwa ZSRS. Pozostaje zatem zapyta\u0107 czy spotkanie w Katyniu  rzeczywi\u015bcie ocenia\u0107 jako sukces polityki historycznej Platformy  Obywatelskiej, jak \u017cyczy\u0142yby sobie tego niekt\u00f3re media?<\/p>\r\n<p>\u0179r\u00f3d\u0142a: <a href=\"http:\/\/regnum.ru\/news\/1393068.html\" target=\"_blank\">regnum.ru<\/a>, <a href=\"http:\/\/regnum.ru\/news\/1393090.html\" target=\"_blank\">regnum.ru<\/a>,\u00a0<a href=\"http:\/\/www.rian.ru\/video\/20110412\/363687658.html\" target=\"_blank\">rian.ru<\/a>, <a href=\"http:\/\/www.vesti.ru\/videos?vid=330492\" target=\"_blank\">vesti.ru<\/a>, <a href=\"http:\/\/bi.gazeta.pl\/im\/7\/9412\/m9412517.mp3\" target=\"_blank\">bi.gazeta.pl<\/a><\/p>\r\n<p>(MW)<\/p>","protected":false},"excerpt":{"rendered":"Milkn\u0105 powoli echa rocznicy katastrofy smole\u0144skiej w Rosji. Rocznicowe wydarzenia nosi\u0142y tam bardzo r\u00f3\u017cnorodny charakter. Rocznica katastrofy z 10 kwietnia ponownie spotka\u0142a si\u0119 z szczerym wsp\u00f3\u0142czuciem zwyk\u0142ych Rosjan. Uroczysto\u015bci upami\u0119tniaj\u0105ce ofiary katastrofy odby\u0142y si\u0119 w Ko\u015bciele \u015bw. Katarzyny na Prospekcie Newskim w Sankt Petersburgu. Najpierw w intencji ofiar by\u0142a celebrowana msza \u015bwi\u0119ta, a nast\u0119pnie w [&hellip;]","protected":false},"author":1,"featured_media":0,"comment_status":"closed","ping_status":"closed","sticky":false,"template":"","format":"standard","meta":{"_acf_changed":false,"_monsterinsights_skip_tracking":false,"_monsterinsights_sitenote_active":false,"_monsterinsights_sitenote_note":"","_monsterinsights_sitenote_category":0,"ngg_post_thumbnail":0,"footnotes":"","_wp_rev_ctl_limit":""},"categories":[139],"tags":[137,141],"acf":[],"_links":{"self":[{"href":"https:\/\/www.bibula.com\/index.php?rest_route=\/wp\/v2\/posts\/36409"}],"collection":[{"href":"https:\/\/www.bibula.com\/index.php?rest_route=\/wp\/v2\/posts"}],"about":[{"href":"https:\/\/www.bibula.com\/index.php?rest_route=\/wp\/v2\/types\/post"}],"author":[{"embeddable":true,"href":"https:\/\/www.bibula.com\/index.php?rest_route=\/wp\/v2\/users\/1"}],"replies":[{"embeddable":true,"href":"https:\/\/www.bibula.com\/index.php?rest_route=%2Fwp%2Fv2%2Fcomments&post=36409"}],"version-history":[{"count":0,"href":"https:\/\/www.bibula.com\/index.php?rest_route=\/wp\/v2\/posts\/36409\/revisions"}],"wp:attachment":[{"href":"https:\/\/www.bibula.com\/index.php?rest_route=%2Fwp%2Fv2%2Fmedia&parent=36409"}],"wp:term":[{"taxonomy":"category","embeddable":true,"href":"https:\/\/www.bibula.com\/index.php?rest_route=%2Fwp%2Fv2%2Fcategories&post=36409"},{"taxonomy":"post_tag","embeddable":true,"href":"https:\/\/www.bibula.com\/index.php?rest_route=%2Fwp%2Fv2%2Ftags&post=36409"}],"curies":[{"name":"wp","href":"https:\/\/api.w.org\/{rel}","templated":true}]}}