{"id":36381,"date":"2011-04-15T09:58:53","date_gmt":"2011-04-15T14:58:53","guid":{"rendered":"http:\/\/www.bibula.com\/?p=36381"},"modified":"2011-04-15T09:58:53","modified_gmt":"2011-04-15T14:58:53","slug":"zwyciestwo-siemaszkow-przegrana-wujca-i-kompromitacja-friszke","status":"publish","type":"post","link":"https:\/\/www.bibula.com\/?p=36381","title":{"rendered":"Zwyci\u0119stwo Siemaszk\u00f3w, przegrana Wujca i kompromitacja Friszke"},"content":{"rendered":"<p>Jako ubieg\u0142oroczny laureat Nagrody Kustosz Pami\u0119ci Narodowej  uczestniczy\u0142em w obradach Kapitu\u0142y tej\u017ce nagrody, kt\u00f3re odbywa\u0142y si\u0119 w  IPN w Warszawie. Spotkanie rozpocz\u0119\u0142o si\u0119 od skandalu, kt\u00f3ry wywo\u0142a\u0142  znany ze swej poprawno\u015bci politycznej prof. Andrzej Friszke, wybrany  przez Sejm (czytaj: przez PO) do Rady IPN. Odczyta\u0142 on o\u015bwiadczenie, w  kt\u00f3rym domaga\u0142 si\u0119 usuni\u0119cia z Kapitu\u0142y syna \u015bp. Janusza Kurtyki. Na  szcz\u0119\u015bcie zebrani zareagowali na to ze spokojem i potwierdzili prawo  Kurtyki juniora do zasiadania w tym gremium. Profesor widz\u0105c swoj\u0105  kompromitacj\u0119 po 15 minutach wyszed\u0142 z sali ze w\u015bciek\u0142o\u015bci\u0105 na twarzy i  nie wzi\u0105\u0142 udzia\u0142u w g\u0142osowaniu. Skutek by\u0142 taki, \u017ce popierany przez  niego kandydat Henryk Wujec przegra\u0142 sromotnie.<\/p>\r\n<p>Kandydatur  zg\u0142oszono \u0142\u0105cznie 116, z kt\u00f3rych wst\u0119pnie wybrano 15. Ja popiera\u0142em  pa\u0144stwa Siemaszk\u00f3w z Warszawy, Adama Macedo\u0144skiego z Krakowa i Tadeusza  Kukiza z Wroc\u0142awia oraz Stowarzyszenie &#8222;Huta Pieniacka&#8221; ze Wschowej i  Zwi\u0105zek Sybirak\u00f3w. W tajnym g\u0142osowaniu\u00a0wybrano pi\u0119\u0107 kandydatur &#8211; dwie  zbiorowe i trzy indywidualne. Jednog\u0142o\u015bnie wygrali W\u0142adys\u0142aw i Ewa  Siemaszkowie (ojciec i c\u00f3rka), autorzy monografii &#8222;Ludob\u00f3jstwo ludno\u015bci  polskiej dokonane przez nacjonalist\u00f3w ukrai\u0144skich na Wo\u0142yniu&#8221;.<\/p>\r\n<p>Chcia\u0142bym  widzie\u0107 miny ich adwersarzy, a zw\u0142aszcza Grzegorza Motyki (te\u017c nowego  cz\u0142onka Rady IPN) oraz Piotra Tymy, szefa Zwi\u0105zku Ukrai\u0144c\u00f3w w Polsce. Ci  dwaj chyba og\u0142osz\u0105 \u017ca\u0142ob\u0119, rozdzielaj\u0105c szaty i posypuj\u0105c g\u0142owy  popio\u0142em.<\/p>\r\n<p>O innych laureatach napisz\u0119 jutro. Wr\u0119czenie nagr\u00f3d odb\u0119dzie si\u0119 15 czerwca na Zamku Kr\u00f3lewskim w Warszawie.<\/p>\r\n<p><strong><em>Ks. Tadeusz Isakowicz-Zaleski<\/em><\/strong><\/p>","protected":false},"excerpt":{"rendered":"Jako ubieg\u0142oroczny laureat Nagrody Kustosz Pami\u0119ci Narodowej uczestniczy\u0142em w obradach Kapitu\u0142y tej\u017ce nagrody, kt\u00f3re odbywa\u0142y si\u0119 w IPN w Warszawie. Spotkanie rozpocz\u0119\u0142o si\u0119 od skandalu, kt\u00f3ry wywo\u0142a\u0142 znany ze swej poprawno\u015bci politycznej prof. Andrzej Friszke, wybrany przez Sejm (czytaj: przez PO) do Rady IPN. Odczyta\u0142 on o\u015bwiadczenie, w kt\u00f3rym domaga\u0142 si\u0119 usuni\u0119cia z Kapitu\u0142y syna [&hellip;]","protected":false},"author":1,"featured_media":0,"comment_status":"closed","ping_status":"closed","sticky":false,"template":"","format":"standard","meta":{"_acf_changed":false,"_monsterinsights_skip_tracking":false,"_monsterinsights_sitenote_active":false,"_monsterinsights_sitenote_note":"","_monsterinsights_sitenote_category":0,"ngg_post_thumbnail":0,"footnotes":"","_wp_rev_ctl_limit":""},"categories":[8],"tags":[98],"acf":[],"_links":{"self":[{"href":"https:\/\/www.bibula.com\/index.php?rest_route=\/wp\/v2\/posts\/36381"}],"collection":[{"href":"https:\/\/www.bibula.com\/index.php?rest_route=\/wp\/v2\/posts"}],"about":[{"href":"https:\/\/www.bibula.com\/index.php?rest_route=\/wp\/v2\/types\/post"}],"author":[{"embeddable":true,"href":"https:\/\/www.bibula.com\/index.php?rest_route=\/wp\/v2\/users\/1"}],"replies":[{"embeddable":true,"href":"https:\/\/www.bibula.com\/index.php?rest_route=%2Fwp%2Fv2%2Fcomments&post=36381"}],"version-history":[{"count":0,"href":"https:\/\/www.bibula.com\/index.php?rest_route=\/wp\/v2\/posts\/36381\/revisions"}],"wp:attachment":[{"href":"https:\/\/www.bibula.com\/index.php?rest_route=%2Fwp%2Fv2%2Fmedia&parent=36381"}],"wp:term":[{"taxonomy":"category","embeddable":true,"href":"https:\/\/www.bibula.com\/index.php?rest_route=%2Fwp%2Fv2%2Fcategories&post=36381"},{"taxonomy":"post_tag","embeddable":true,"href":"https:\/\/www.bibula.com\/index.php?rest_route=%2Fwp%2Fv2%2Ftags&post=36381"}],"curies":[{"name":"wp","href":"https:\/\/api.w.org\/{rel}","templated":true}]}}