{"id":36375,"date":"2011-04-15T09:40:00","date_gmt":"2011-04-15T14:40:00","guid":{"rendered":"http:\/\/www.bibula.com\/?p=36375"},"modified":"2011-04-15T09:40:00","modified_gmt":"2011-04-15T14:40:00","slug":"smolensk-laczy-i-dzieli-aleksander-klos","status":"publish","type":"post","link":"https:\/\/www.bibula.com\/?p=36375","title":{"rendered":"Smole\u0144sk- \u0142\u0105czy i dzieli &#8211; <em>Aleksander K\u0142os<\/em>"},"content":{"rendered":"<p><strong>Reminiscencje dwunastu miesi\u0119cy, kt\u00f3re up\u0142yn\u0119\u0142y od czasu katastrofy pod Smole\u0144skiem, przywo\u0142uj\u0105 obrazy  zar\u00f3wno wznios\u0142e, jak i ha\u0144bi\u0105ce, \u015bwiadcz\u0105ce o sile polsko\u015bci, jak i o jej s\u0142abo\u015bciach i u\u0142omno\u015bciach.  Odbi\u00f3r i ocena tragedii z 10 kwietnia powi\u0119kszy\u0142y i tak ju\u017c g\u0142\u0119bok\u0105 przepa\u015b\u0107 niezrozumienia i niech\u0119ci  pomi\u0119dzy dwiema Polskami.<\/strong><\/p>\r\n<p>W ci\u0105gu ostatniego roku dosz\u0142o do  nasilenia procesu dzielenia Polak\u00f3w,  na \u201em\u0142odych, wykszta\u0142conych,  z wi\u0119kszych miast\u201d z jednej strony i ciemnogr\u00f3d  z drugiej. Wojna polsko-polska, sta\u0142y  temat publicyst\u00f3w od prawa do lewa, wesz\u0142a  na kolejny, wy\u017cszy etap. Nie wida\u0107 dzi\u015b \u017cadnej  mo\u017cliwo\u015bci na zawr\u00f3cenie tego procesu,  a nawet na jego powstrzymanie. Obie grupy  coraz mniej ze sob\u0105 \u0142\u0105czy, a coraz wi\u0119cej dzieli. Spe\u0142ni\u0142y  si\u0119, trzeba to przyzna\u0107 z ubolewaniem,  s\u0142owa poety Jaros\u0142awa Marka Rymkiewicza,  \u017ce \u201eto, co nas podzieli\u0142o &#8211; to si\u0119 ju\u017c nie  sklei\u201d. Nie by\u0142o jednak trudno przewidzie\u0107, \u017ce  medialna \u017ca\u0142oba by\u0142a w du\u017cej mierze wymuszonym  przez nadzwyczajn\u0105 sytuacj\u0119 spektaklem. Wielu  ludziom wydawa\u0142o si\u0119 wtedy, \u017ce  \u201ePolacy wreszcie przejrz\u0105 na oczy\u201d i zrozumiej\u0105,  jak bardzo byli do tej pory oszukiwani. Nadzieje  te nie zosta\u0142y jednak spe\u0142nione,  chocia\u017c powi\u0119kszy\u0142a si\u0119 liczba os\u00f3b, kt\u00f3re  jednoznacznie przesta\u0142y ufa\u0107 najwi\u0119kszym  polskim mediom i radykalnie odmieni\u0142y  swoje polityczne zapatrywania. Dosz\u0142o wi\u0119c  do powt\u00f3rki, jednak na o wiele mniejsz\u0105  skal\u0119, z czas\u00f3w afery Rywina, gdy na \u015bwiat\u0142o  dzienne wysz\u0142y sprawy do tej pory szczelnie  zakryte dla wi\u0119kszo\u015bci spo\u0142ecze\u0144stwa. Tym  razem, podobnie jak to mia\u0142o miejsce przy  okazji afery hazardowej, establishmentowi  uda\u0142o si\u0119 zachowa\u0107 kontrol\u0119 nad systemem.<\/p>\r\n<p><span> <\/span><\/p>\r\n<p><strong>A mia\u0142o by\u0107 tak pi\u0119knie<\/strong><\/p>\r\n<p>Ile\u017c to godzin up\u0142yn\u0119\u0142o na debatowaniu  ludziom medi\u00f3w, ekspertom i politykom,  staraj\u0105cym si\u0119 zrozumie\u0107 ukryte przes\u0142anie  tragedii, jej sens i wyci\u0105gn\u0105\u0107 z niej nauk\u0119  na przysz\u0142o\u015b\u0107. W ci\u0105gu kilkunastu dni  media prezentowa\u0142y nam inny \u015bwiat, pe\u0142en  odwo\u0142a\u0144 do nieprzemijaj\u0105cych warto\u015bci  i wychwalania obywatelskich cn\u00f3t tragicznie  zmar\u0142ych. Po raz pierwszy w mainstreamowych  mediach mogli\u015bmy zobaczy\u0107 ludzk\u0105  twarz tych, kt\u00f3rzy do tej pory funkcjonowali  w nich tylko na zasadzie karykatur.<\/p>\r\n<p>\u201eCiszej nad t\u0105 trumn\u0105\u201d, nie m\u00f3wmy  o przesz\u0142o\u015bci, nie przypominajmy tego, kto  k\u0142ama\u0142, kpi\u0142, l\u017cy\u0142 i organizowa\u0142 seanse nienawi\u015bci  &#8211; takie has\u0142a dominowa\u0142y w czasie  \u017ca\u0142oby narodowej, ale i w p\u00f3\u017aniejszych  miesi\u0105cach. Nie dosz\u0142o do przeprosin, do  posypania g\u0142\u00f3w popio\u0142em, zamiast tego  dyskutowano o tym \u201eczemu czwarta w\u0142adza  przeinacza rzeczywisto\u015b\u0107\u201d &#8211; w studiach  medi\u00f3w, kt\u00f3re najbardziej si\u0119 do tego przyczynia\u0142y. Programy  po\u015bwi\u0119cone temu problemowi  prowadzili za\u015b dziennikarze, kt\u00f3rzy  przodowali w rzucaniu potwarzy i niszczeniu  autorytetu prezydenta. Takie postacie  jak Stefan Niesio\u0142owski czy Janusz Palikot  &#8211; do tej pory stali uczestnicy medialnej nagonki,  nagle znikn\u0119li z ekran\u00f3w, dyskretnie  usuni\u0119to ich z pierwszego planu.<\/p>\r\n<p><strong>\u201eA Kaczy\u0144ski ci\u0105gle j\u0105trzy!\u201d<\/strong><\/p>\r\n<p>W kolejnych miesi\u0105cach nie jeden  publicysta dokonywa\u0142 wymy\u015blnej ekwilibrystyki,  by wykaza\u0107, \u017ce Lech by\u0142by niezadowolony  z decyzji podejmowanych przez  brata. Tak jak do feralnego 10 kwietnia  nienawi\u015b\u0107 do braci Kaczy\u0144skich by\u0142a dzielona  prawie po po\u0142owie (zawsze to jednak  prezes PiS by\u0142 wierniejszym \u201euosobieniem  z\u0142a\u201d), tak obecnie, o wiele rzadziej stawiano  by\u0142ego prezydenta w negatywnym \u015bwietle,  ca\u0142\u0105 nienawi\u015bc skupiono za\u015b na jego bracie.<\/p>\r\n<p>Z miejsca uznano, \u017ce Jaros\u0142aw Kaczy\u0144ski  buduje smole\u0144ski mit i wszystkie jego  oskar\u017cenia i uwagi, dotycz\u0105ce przyczyn  katastrofy, s\u0105 spowodowane szale\u0144stwem. Liczne g\u0142osy, na pocz\u0105tku sporadycznie,  a p\u00f3\u017aniej, w szczeg\u00f3lno\u015bci po wyborach  prezydenckich, coraz g\u0142o\u015bniej sugerowa\u0142y,  \u017ce powinien si\u0119 on rozsta\u0107 z polityk\u0105  i \u201ewyjecha\u0107 do Sulej\u00f3wka\u201d. Przywo\u0142ywanie  przez jej przedstawicieli wszystkich b\u0142\u0119d\u00f3w,  zaniedba\u0144 i jawnych fa\u0142szerstw, dotycz\u0105cych  prowadzonego, zar\u00f3wno przez  stron\u0119 polsk\u0105, jak i w jeszcze wi\u0119kszym  stopniu rosyjsk\u0105, \u015bledztwa, wywo\u0142ywa\u0142o  ujadanie medialnych ekspert\u00f3w. Po roku  takiej zmasowanej propagandy okaza\u0142o si\u0119,  \u017ce jej inicjatorom uda\u0142o si\u0119 uzyska\u0107 zamierzony  efekt. Smole\u0144sk, tak jak w czasach  PRL Katy\u0144, sta\u0142 si\u0119 poj\u0119ciem, kt\u00f3rym cz\u0142owiek  na poziomie nie powinien si\u0119 w og\u00f3le  pos\u0142ugiwa\u0107.<\/p>\r\n<p><strong>Kogo (jeszcze) obchodzi Smole\u0144sk?<\/strong><\/p>\r\n<p>Niedawno og\u0142oszona na Facebooku inicjatywa  \u201edzie\u0144 bez Smole\u0144ska\u201d, by\u0142a tylko  podsumowaniem smutnego procesu marginalizowania  tego wydarzenia. Zapocz\u0105tkowa\u0142  go \u201espontaniczny\u201d protest przeciwko  pochowaniu pary prezydenckiej na Wawelu. Gwa\u0142towny  sprzeciw Andrzeja Wajdy  wobec miejsca poch\u00f3wku i wsparcie jego  wyst\u0105pienia przez redakcj\u0119 \u201eGazety Wyborczej\u201d,  da\u0142y do zrozumienia ludziom sympatyzuj\u0105cym  ze \u015brodowiskami lewicowo-liberalnymi,  \u017ce \u201enic si\u0119 nie zmieni\u0142o\u201d i \u017ce stare  podzia\u0142y nadal obowi\u0105zuj\u0105, dosz\u0142o jedynie  do kr\u00f3tkiego rozejmu. W kolejnych miesi\u0105cach  po 10 kwietnia mieli\u015bmy do czynienia  z jeszcze wieloma incydentami, kt\u00f3rych celem  by\u0142o obrzydzenie pami\u0119ci o katastrofie,  pomniejszanie jej znaczenia i zredukowanie  jej do wymiaru walki partyjnej. Programy  Wojew\u00f3dzkiego i Figurskiego, kt\u00f3rzy kpili  z b\u00f3lu Jaros\u0142awa Kaczy\u0144skiego, czy ich szydzenie z krzy\u017ca, sta\u0142y si\u0119 kolejnymi totemami  salonowych \u015brodowisk, wp\u0142ywaj\u0105cych na  spos\u00f3b my\u015blenia w szczeg\u00f3lno\u015bci ludzi m\u0142odych. Niech\u0119\u0107  wi\u0119kszo\u015bci klasy politycznej  do twardego domagania si\u0119 ujawnienia  ca\u0142ej prawdy o tej tragedii tylko podnosi\u0142a  temperatur\u0119 sporu. Cz\u0119\u015b\u0107 spo\u0142ecze\u0144stwa  poczu\u0142a si\u0119 autentycznie zdradzona przez  tych przedstawicieli polskiego parlamentu,  kt\u00f3rzy wszelkimi metodami starali si\u0119  zdusi\u0107 pami\u0119\u0107 o katastrofie. Krytykowanie  pomys\u0142u wybudowania pomnika ofiarom  tragedii, czy te\u017c nadania nazwy ulicy b\u0105d\u017a  ronda w stolicy, by\u0142o tylko konsekwencj\u0105  tego procesu.<\/p>\r\n<p><strong>Zabi\u0107 t\u0119 pami\u0119\u0107<\/strong><\/p>\r\n<p>Epicentrum konfliktu pomi\u0119dzy dwiema  Polskami sta\u0142 si\u0119 krzy\u017c spod Pa\u0142acu  Prezydenckiego. K\u0142\u00f3tni\u0119 rozpocz\u0119\u0142a wypowiedzie\u0107  prezydenta Bronis\u0142awa Komorowskiego,  kt\u00f3ry zapowiedzia\u0142, \u017ce nale\u017cy  go stamt\u0105d usun\u0105\u0107. Po tych s\u0142owach do  realizacji zadania zabra\u0142y si\u0119 najwi\u0119ksze  mainstremowe media, kt\u00f3re zacz\u0119\u0142y promowa\u0107  akcje wymierzone w gromadz\u0105cych  si\u0119 w tym miejscu ludzi. Na gwiazd\u0119 ruchu  \u201enormalnych Polak\u00f3w\u201d ur\u00f3s\u0142 Dominik Taras,  kucharz z ASP, kt\u00f3ry z rozpacz\u0105 w g\u0142osie  krzycza\u0142 do zgromadzonych przeciwnik\u00f3w  krzy\u017ca, \u017ce ca\u0142y \u015bwiat \u015bmieje si\u0119 z Polski,  z powodu modl\u0105cych si\u0119 pod Pa\u0142acem. Jego  wywiady udzielane opiniotw\u00f3rczym mediom  pokaza\u0142y prawdziwe oblicze polskich  pseudointeligent\u00f3w, zakompleksionych,  niepewnych siebie, potrzebuj\u0105cych akceptacji  i potwierdzenia swojej warto\u015bci. W tych  dniach otrzymali pozwolenie na \u201er\u00f3bta co  chceta\u201d, z czego nie omieszkali skorzysta\u0107. R\u0119kami hunwejbin\u00f3w establishment III RP  postanowi\u0142 pozby\u0107 si\u0119 niewygodnej prawdy. Za \u201eAkcj\u0119 pod Krzy\u017cem\u201d rodzime wykszta\u0142ciuchy  zosta\u0142y docenione przez autorytety  moralne, kt\u00f3re widzia\u0142y w tym przejaw  wolno\u015bci s\u0142owa i zdrowego rozs\u0105dku. Ci, co  chcieli, mogli jednak na w\u0142asne oczy zobaczy\u0107,  jaki efekt przynosi codzienne karmienie  nienawi\u015bci\u0105 pozbawionych kr\u0119gos\u0142upa  moralnego i samodzielnego my\u015blenia m\u0142odzieniaszk\u00f3w,  gdy szalej\u0105cy t\u0142um blu\u017ani\u0142,  krzy\u017cowa\u0142 misia, przynosi\u0142 krzy\u017c z puszek  piwa Lech i rozrywa\u0142 pluszow\u0105 kaczk\u0119  krzycz\u0105c \u201eJeszcze jeden\u201d. Do dzi\u015b mo\u017cna  w Internecie obejrze\u0107 filmy prezentuj\u0105ce  przebieg \u201eimprez spod krzy\u017ca\u201d, a tak\u017ce ten,  pokazuj\u0105cy, w jaki spos\u00f3b s\u0142u\u017cby porz\u0105dkowe  gasi\u0142y znicze i usuwa\u0142y pami\u0119\u0107 o ofiarach  katastrofy.<\/p>\r\n<p><strong>\u201ePrecz z krzy\u017cami, na stos z moherami\u201d<\/strong><\/p>\r\n<p>Gorsz\u0105ce sceny zn\u0119cania si\u0119 nad  w wi\u0119kszo\u015bci starszymi, modl\u0105cymi si\u0119  w tym miejscu lud\u017ami, wyklinanie ich,  przepychanie, na\u015bmiewanie si\u0119 z nich,  mia\u0142y miejsce tu\u017c pod nosem oboj\u0119tnej  na takie ekscesy policji. Co wi\u0119cej, jednym  z g\u0142\u00f3wnych \u201ezagrzewaczy\u201d przeciwnik\u00f3w  krzy\u017ca, okaza\u0142 si\u0119 szanta\u017cysta senatora  Piesiewicza, przest\u0119pca, Zbigniew S. Przez  ca\u0142y okres konfliktu dochodzi\u0142o do profanowania  zar\u00f3wno znajduj\u0105cych si\u0119 w tym  miejscu zniczy i wie\u0144c\u00f3w, jak i samego  symbolu chrze\u015bcija\u0144stwa. Bezczelno\u015b\u0107  m\u0142odzie\u017cy, jej brak skrupu\u0142\u00f3w i niech\u0119\u0107  do chrze\u015bcija\u0144stwa, doda\u0142y w p\u00f3\u017aniejszym  czasie wiatru w \u017cagle Grzegorzowi Napieralskiemu  i Januszowi Palikotowi, dla kt\u00f3rych  antyklerykalizm sta\u0142 si\u0119 jednym z lejtmotyw\u00f3w  programowych. Podkre\u015blano, \u017ce  cz\u0119\u015b\u0107 spo\u0142ecze\u0144stwa (oczywi\u015bcie \u201estarsza,  niewykszta\u0142cona, z mniejszych miejscowo\u015bci\u201d)  \u017cywi si\u0119 teoriami spiskowymi i uwa\u017ca,  \u017ce to Tusk z Putinem zamordowali z zimn\u0105  krwi\u0105 prezydenta Lecha Kaczy\u0144skiego. W ten prosty spos\u00f3b, brak zgody na wyeliminowanie  zamachu z przyczyn katastrofy,  zosta\u0142 przez establishment III RP sprowadzony  do manichejskiego wyboru.<\/p>\r\n<p><strong>Nie my\u015bl, tylko powtarzaj<\/strong><\/p>\r\n<p>Postawa strony rosyjskiej wzgl\u0119dem  prowadzonego \u015bledztwa by\u0142a od pocz\u0105tku  karygodna, zaniedbania, celowe niszczenie  dowod\u00f3w, niech\u0119\u0107 do wsp\u00f3\u0142pracy z Polakami,  a tak\u017ce intensywna dezinformacja  i przerzucanie ca\u0142ej odpowiedzialno\u015bci na  stron\u0119 polsk\u0105, by\u0142y na porz\u0105dku dziennym. W tym czasie otrzymali\u015bmy od naszych  wschodnich s\u0105siad\u00f3w wiele siarczystych  policzk\u00f3w, ci za\u015b nawet nie starali si\u0119 ich  \u0142agodzi\u0107 dyplomatyczn\u0105 retoryk\u0105. Momentami  mog\u0142o si\u0119 wydawa\u0107, \u017ce celowo testuj\u0105  wytrzyma\u0142o\u015b\u0107 polskiej opinii publicznej,  czego koronnym dowodem by\u0142o potraktowanie  wraku tupolewa i prezentacja raportu  MAK. Du\u017ca cz\u0119\u015b\u0107 polskiego spo\u0142ecze\u0144stwa  wykaza\u0142a si\u0119 przy tym niezachwiany spokojem,  granicz\u0105cym z oboj\u0119tno\u015bci\u0105 i wzruszeniem  ramionami. Donald Tusk, kt\u00f3ry zainwestowa\u0142  w proces porozumienia z Rosj\u0105  ca\u0142y sw\u00f3j kapita\u0142 polityczny, m\u00f3g\u0142 poczu\u0107  si\u0119 oszukany, ale nie straci\u0142 z tego powodu  poparcia swojego elektoratu. Czy linia wi\u0119kszo\u015bci  mainstreamowych medi\u00f3w, kt\u00f3re od  pocz\u0105tku przenosi\u0142y na polski grunt rosyjsk\u0105  wersj\u0119 o przyczynach katastrofy i obarcza\u0142y  moraln\u0105 odpowiedzialno\u015bci\u0105 za ni\u0105  \u015bp. Lecha Kaczy\u0144skiego (i w domy\u015ble jego  brata, kt\u00f3ry mia\u0142 rzekomo wp\u0142ywa\u0107 na jego  postaw\u0119 wzgl\u0119dem pilot\u00f3w, w trakcie rozmowy  telefonicznej na pok\u0142adzie tupolewa),  wywar\u0142a a\u017c tak mocny wp\u0142yw na du\u017c\u0105 cz\u0119\u015b\u0107  polskiego spo\u0142ecze\u0144stwa, \u017ce, wbrew oczywistym  faktom, przyj\u0119\u0142o ono narzucon\u0105 mu  odpowied\u017a? Czy mo\u017ce maj\u0105 ju\u017c do\u015b\u0107 ca\u0142ej  sprawy i m\u0119cz\u0105 ich kolejne rewelacje i ustalenia  na temat katastrofy?<\/p>\r\n<p><strong>Tu jest Polska!<\/strong><\/p>\r\n<p>S\u0105 jednak obrazy, kt\u00f3re na zawsze zapadaj\u0105  w pami\u0119\u0107. Spontaniczne t\u0142umy Polak\u00f3w,  wychodz\u0105cych na ulice swoich miast  w czasie \u017ca\u0142oby narodowej, a w stolicy gromadz\u0105ce  si\u0119 pod pa\u0142acem Prezydenckim,  by odda\u0107 ostatni ho\u0142d tym, kt\u00f3rzy s\u0142u\u017cyli  Rzeczpospolitej. Czy mo\u017cna zapomnie\u0107 te  gigantyczne kolejki, w kt\u00f3rych godzinami  stali starzy i m\u0142odzi, przybywaj\u0105cy z ca\u0142ej  Polski, by na chwil\u0119 przykl\u0119kn\u0105\u0107 przy trumnach  Pary Prezydenckiej? A morze zniczy  i kwiat\u00f3w? Postawa wspania\u0142ych harcerzy?  Poczucie wsp\u00f3lnoty, braterstwa krwi i serc?  Wsp\u00f3lne modlitwy, rozmowy i wspominanie?  Comiesi\u0119czne spotkania i przemarsze?  W tym czasie, dla tych Polak\u00f3w, kt\u00f3rym  p\u00f3\u017aniej przypi\u0119to \u0142atk\u0119 \u201ePrawdziwych Polak\u00f3w\u201d,  czas na chwil\u0119 si\u0119 zatrzyma\u0142 i znale\u017ali  si\u0119 w sytuacji, w kt\u00f3rej, ponownie, podobnie  jak to mia\u0142o miejsce w trakcie wielkich  manifestacji w PRL, mogli si\u0119 \u201epoliczy\u0107\u201d. Tego im nikt nie odbierze, bez wzgl\u0119du na  to, jak mocno b\u0119dzie si\u0119 z nich wci\u0105\u017c szydzi\u0107  i marginalizowa\u0107. Dwa obrazy, bia\u0142o-czerwony  t\u0142um w trakcie obchod\u00f3w \u017ca\u0142obnych  i rocznicowych i dziki, podpity, bezmy\u015blny  mot\u0142och, opluwaj\u0105cy krzy\u017c i prze\u015bladuj\u0105cy  modl\u0105cych si\u0119 pod nim ludzi. I to Polacy  i tam Polacy, a jak ma\u0142o, jak coraz mniej ich  ze sob\u0105 \u0142\u0105czy&#8230;<\/p>\r\n<p><strong><em>Aleksander K\u0142os<\/em><\/strong><\/p>","protected":false},"excerpt":{"rendered":"Reminiscencje dwunastu miesi\u0119cy, kt\u00f3re up\u0142yn\u0119\u0142y od czasu katastrofy pod Smole\u0144skiem, przywo\u0142uj\u0105 obrazy zar\u00f3wno wznios\u0142e, jak i ha\u0144bi\u0105ce, \u015bwiadcz\u0105ce o sile polsko\u015bci, jak i o jej s\u0142abo\u015bciach i u\u0142omno\u015bciach. Odbi\u00f3r i ocena tragedii z 10 kwietnia powi\u0119kszy\u0142y i tak ju\u017c g\u0142\u0119bok\u0105 przepa\u015b\u0107 niezrozumienia i niech\u0119ci pomi\u0119dzy dwiema Polskami. W ci\u0105gu ostatniego roku dosz\u0142o do nasilenia procesu [&hellip;]","protected":false},"author":1,"featured_media":0,"comment_status":"closed","ping_status":"closed","sticky":false,"template":"","format":"standard","meta":{"_acf_changed":false,"_monsterinsights_skip_tracking":false,"_monsterinsights_sitenote_active":false,"_monsterinsights_sitenote_note":"","_monsterinsights_sitenote_category":0,"ngg_post_thumbnail":0,"footnotes":"","_wp_rev_ctl_limit":""},"categories":[139],"tags":[98,137],"acf":[],"_links":{"self":[{"href":"https:\/\/www.bibula.com\/index.php?rest_route=\/wp\/v2\/posts\/36375"}],"collection":[{"href":"https:\/\/www.bibula.com\/index.php?rest_route=\/wp\/v2\/posts"}],"about":[{"href":"https:\/\/www.bibula.com\/index.php?rest_route=\/wp\/v2\/types\/post"}],"author":[{"embeddable":true,"href":"https:\/\/www.bibula.com\/index.php?rest_route=\/wp\/v2\/users\/1"}],"replies":[{"embeddable":true,"href":"https:\/\/www.bibula.com\/index.php?rest_route=%2Fwp%2Fv2%2Fcomments&post=36375"}],"version-history":[{"count":0,"href":"https:\/\/www.bibula.com\/index.php?rest_route=\/wp\/v2\/posts\/36375\/revisions"}],"wp:attachment":[{"href":"https:\/\/www.bibula.com\/index.php?rest_route=%2Fwp%2Fv2%2Fmedia&parent=36375"}],"wp:term":[{"taxonomy":"category","embeddable":true,"href":"https:\/\/www.bibula.com\/index.php?rest_route=%2Fwp%2Fv2%2Fcategories&post=36375"},{"taxonomy":"post_tag","embeddable":true,"href":"https:\/\/www.bibula.com\/index.php?rest_route=%2Fwp%2Fv2%2Ftags&post=36375"}],"curies":[{"name":"wp","href":"https:\/\/api.w.org\/{rel}","templated":true}]}}