{"id":35955,"date":"2011-04-08T22:45:26","date_gmt":"2011-04-09T03:45:26","guid":{"rendered":"http:\/\/www.bibula.com\/?p=35955"},"modified":"2011-04-08T20:48:58","modified_gmt":"2011-04-09T01:48:58","slug":"bedzie-%e2%80%9eklamstwo-smolenskie%e2%80%9d-stanislaw-michalkiewicz","status":"publish","type":"post","link":"https:\/\/www.bibula.com\/?p=35955","title":{"rendered":"B\u0119dzie \u201ek\u0142amstwo smole\u0144skie&#8221;? &#8211; <em>Stanis\u0142aw Michalkiewicz<\/em>"},"content":{"rendered":"<p>C\u00f3\u017c za przedziwny zbieg okoliczno\u015bci! Pan Andrzej Seremet, Prokurator  Generalny poda\u0142, i\u017c prokuratura wojskowa, badaj\u0105ca przyczyny katastrofy  samolotu wioz\u0105cego prezydenta Lecha Kaczy\u0144skiego i inne osobisto\u015bci,  wykluczy\u0142a \u201e<em>czyn o charakterze terrorystycznym<\/em>\u201d. W porz\u0105dku &#8211; ale  dlaczego og\u0142osi\u0142 to akurat w Prima Aprilis 2011 roku? Mo\u017cna by uzna\u0107 to  za przypadek, ale pami\u0119tamy przecie\u017c, \u017ce \u015b.p. ksi\u0105dz Bronis\u0142aw Bozowski  z ko\u015bcio\u0142a Panien Wizytek przy Krakowskim Przedmie\u015bciu w Warszawie  powtarza\u0142, i\u017c \u201e<em>nie ma przypadk\u00f3w, s\u0105 tylko znaki<\/em>\u201d. Zatem ju\u017c  cho\u0107by przez pietyzm dla pami\u0119ci tego wybitnego kap\u0142ana powinni\u015bmy  rozebra\u0107 sobie z uwag\u0105 wiadomo\u015b\u0107 podan\u0105 przez pana prokuratora Seremeta,  tym bardziej, \u017ce okoliczno\u015bci towarzysz\u0105ce \u015bledztwu prowadzonemu przez  wojskow\u0105 prokuratur\u0119 r\u00f3wnie\u017c sk\u0142aniaj\u0105 do wielkiej ostro\u017cno\u015bci w ocenie  rezultat\u00f3w.<\/p>\r\n<p>Jak pami\u0119tamy, hipoteza \u201e<em>czynu o charakterze terrorystycznym<\/em>\u201d  zosta\u0142a przez stron\u0119 rosyjsk\u0105 wykluczona ju\u017c w pierwszych minutach po  katastrofie, a niekt\u00f3rzy twierdzili, \u017ce nawet wcze\u015bniej, to znaczy &#8211; na  kilka minut przed katastrof\u0105. Charakterystyczne by\u0142o r\u00f3wnie\u017c, \u017ce nie  tylko pan minister Rados\u0142aw Sikorski, ale i osobisto\u015bci publiczne,  informuj\u0105ce \u201e<em>m\u0142odych, wykszta\u0142conych, z wielkich miast<\/em>\u201d, co  akurat my\u015bl\u0105, uwierzy\u0142y w te zapewnienia z tak ostentacyjn\u0105, \u017ce a\u017c  podejrzan\u0105 skwapliwo\u015bci\u0105. Nie tylko uwierzy\u0142y, ale r\u00f3wnie\u017c z t\u0105 sam\u0105  podejrzan\u0105 skwapliwo\u015bci\u0105 pryncypialnie ch\u0142osta\u0142y ka\u017cdego, kto o\u015bmieli\u0142by  si\u0119 wyst\u0105pi\u0107 z jakimikolwiek w\u0105tpliwo\u015bciami. A wyst\u0105pi\u0142 na przyk\u0142ad  Miros\u0142aw Dakowski, b\u0105d\u017a co b\u0105d\u017a profesor nauk fizycznych. Zatem tupet, z  jakim dyletanci wynaj\u0119ci lub skierowani przez Si\u0142y Wy\u017csze do telewizji  na ch\u0142opak\u00f3w i dziewuchy do pyskowania traktowa\u0142y w\u0105tpi\u0105cych, musia\u0142 by\u0107  dla ka\u017cdego normalnego cz\u0142owieka podejrzany, a co najmniej &#8211;  zastanawiaj\u0105cy. Wszystko wyja\u015bni\u0142o si\u0119 znacznie p\u00f3\u017aniej, podczas  gospodarskiej wizyty rosyjskiego prezydenta Dymitra Miedwiediewa w  Warszawie. Na pytanie, czy dopuszcza mo\u017cliwo\u015b\u0107, by rezultaty polskiego  \u015bledztwa r\u00f3\u017cni\u0142y si\u0119 od rezultat\u00f3w \u015bledztwa rosyjskiego, prezydent  Miedwiediew odpar\u0142, \u017ce w \u017cadnym wypadku mo\u017cliwo\u015bci takiej nie dopuszcza.<\/p>\r\n<p>W \u015bwietle tej deklaracji wyb\u00f3r akurat 1 kwietnia na og\u0142oszenie wykluczenia mo\u017cliwo\u015bci \u201e<em>czynu o charakterze terrorystycznym<\/em>\u201d  mo\u017cna potraktowa\u0107 jako dodatkow\u0105 informacj\u0119 ze strony pana Prokuratora  Generalnego &#8211; rodzaj aluzji, \u017ce i on jest &#8211; jak m\u00f3wi Ewangelia &#8211; \u201e<em>cz\u0142owiekiem pod w\u0142adz\u0105 postawionym<\/em>\u201d, chocia\u017c oczywi\u015bcie \u201e<em>maj\u0105cym pod sob\u0105 \u017co\u0142nierzy<\/em>\u201d.  Wygl\u0105da to prawdopodobnie tym bardziej, \u017ce prokuratura wojskowa &#8211;  disons franchement &#8211; znaczn\u0105 cz\u0119\u015b\u0107 swoich solennych ustale\u0144 si\u0142\u0105 rzeczy  musia\u0142a oprze\u0107 na wr\u00f3\u017ceniu z fus\u00f3w, poniewa\u017c &#8211; jak powszechnie wiadomo &#8211;  nie mog\u0142a nawet pow\u0105cha\u0107 dowod\u00f3w rzeczowych, kt\u00f3re Rosjanie zatrzymali  a\u017c do sko\u0144czenia \u015bledztwa, co mo\u017ce by\u0107 r\u00f3wnoznaczne ze sko\u0144czeniem  \u015bwiata zw\u0142aszcza, gdyby pog\u0142oski, i\u017c ma si\u0119 to sta\u0107 najp\u00f3\u017aniej w roku  2013 okaza\u0142y si\u0119 prawdziwe.<\/p>\r\n<p>W tej sytuacji takiego ostentacyjnego wykluczenia mo\u017cliwo\u015bci \u201e<em>czynu o charakterze terrorystycznym<\/em>\u201d  niepodobna potraktowa\u0107 inaczej, jak tylko w kategorii przygotowa\u0144 do  obchod\u00f3w pierwszej rocznicy smole\u0144skiej katastrofy. Zreszt\u0105 pan  Prokurator Seremet pokaza\u0142, \u017ce mo\u017cna na nim polega\u0107 ju\u017c wcze\u015bniej, kiedy  wyda\u0142 swoim podkomendnym rozkaz bardziej \u201e<em>powa\u017cnego<\/em>\u201d traktowania  przest\u0119pstw na tle antysemickim i ksenofobicznym. Uwa\u017cam, \u017ce jest to  padgatowka do wzi\u0119cia wszystkich tubylc\u00f3w za mord\u0119 w perspektywie  podj\u0119tej przez rz\u0105d bezcennego Izraela i Agencji \u017bydowskiej decyzji o  rozpocz\u0119ciu od maja br. szlamowania wszystkich kraj\u00f3w Europy \u015arodkowej  pod pretekstem \u201e<em>rewindykacji<\/em>\u201d maj\u0105tkowych. Wprawdzie minister  Sikorski teraz stawia si\u0119 Amerykanom, a nawet \u017bydom pozornie z odwag\u0105  desperata, ale jestem pewien, \u017ce wszystko to zosta\u0142o ukartowane gwoli  przysporzenia Platformie Obywatelskiej sympatii ze strony Polak\u00f3w  autentycznie zaniepokojonych perspektyw\u0105 rych\u0142ego rabunku naszego  nieszcz\u0119\u015bliwego kraju &#8211; to znaczy &#8211; tubylczych podatnik\u00f3w &#8211; a po  wyborach, kiedy ju\u017c nie b\u0119dzie trzeba o \u017cadne g\u0142osy zabiega\u0107, wszystko  zostanie w podskokach uregulowane do ostatniego srebrnika. Wtedy w\u0142a\u015bnie  podw\u0142adni pana Prokuratora Generalnego zaczn\u0105 \u201e<em>powa\u017cnie<\/em>\u201d traktowa\u0107 wszelkie objawy niezadowolenia, czy protestu.<\/p>\r\n<p>Kto wie, czy nie zostanie wprowadzony nadzwyczajny przepis, penalizuj\u0105cy podwa\u017canie zasadno\u015bci owych \u201e<em>rewindykacji<\/em>\u201d &#8211; analogiczny do \u201e<em>k\u0142amstwa o\u015bwi\u0119cimskiego<\/em>\u201d? Bo skoro mamy ju\u017c \u201e<em>k\u0142amstwo o\u015bwi\u0119cimskie<\/em>\u201d,  blokuj\u0105ce ka\u017cd\u0105 mo\u017cliwo\u015b\u0107 weryfikacji wersji podanej do wierzenia przez  starszych i m\u0105drzejszych &#8211; dodajmy &#8211; podanej nie bezinteresownie, bo  przecie\u017c organizacje wiadomego przemys\u0142u, nie m\u00f3wi\u0105c ju\u017c o bezcennym  Izraelu, ci\u0105gn\u0105 z tego grub\u0105 rent\u0119 &#8211; to c\u00f3\u017c powstrzyma naszych  Umi\u0142owanych Przyw\u00f3dc\u00f3w przed wprowadzeniem penalizacji \u201e<em>k\u0142amstwa smole\u0144skiego<\/em>\u201d,  to znaczy &#8211; wszelkich w\u0105tpliwo\u015bci wzgl\u0119dem ustale\u0144 poczynionych przez  Rosjan &#8211; zw\u0142aszcza gdy za\u017c\u0105daj\u0105 tego nie tylko strategiczny partnerzy,  ale i nasi sojusznicy &#8211; od 19 listopada ub. roku strategiczni partnerzy  obydwu strategicznych partner\u00f3w?<\/p>\r\n<p>W tej sytuacji wykluczenie mo\u017cliwo\u015bci \u201e<em>czynu o charakterze terrorystycznym<\/em>\u201d  akurat 1 kwietnia mo\u017ce stanowi\u0107 nie tylko wspomnian\u0105 aluzj\u0119, ale  r\u00f3wnie\u017c &#8211; niezamierzony efekt komiczny, kt\u00f3ry niestety mo\u017ce sta\u0107 si\u0119  potwierdzeniem przys\u0142owia, \u017ce \u201e<em>mi\u0142e z\u0142ego pocz\u0105tki<\/em>\u201d. Dopiero na  tym tle lepiej rozumiemy zapowied\u017a wy\u0142\u0105czenia w\u0105tku ewentualnych  zaniedba\u0144 ze strony op\u0142acanych przez Rzeczpospolit\u0105 urz\u0119dnik\u00f3w MSZ,  Kancelarii Premiera i pomniejszego p\u0142azu przy przygotowaniach podr\u00f3\u017cy  prezydenta do Katynia. Z dotychczasowych informacji wynika, \u017ce  balansowali oni na granicy sabota\u017cu, a by\u0107 mo\u017ce t\u0119 granic\u0119 wielokrotnie  przekraczali &#8211; kto wie, czy nie w porozumieniu z o\u015brodkami  zagranicznymi? Je\u015bli tedy dojdzie do penalizacji \u201e<em>k\u0142amstwa smole\u0144skiego<\/em>\u201d,  to gwoli stworzenia wra\u017cenia symetrii, a i skierowania podejrze\u0144 w  kolejn\u0105 \u015blep\u0105 uliczk\u0119, mo\u017cna b\u0119dzie po\u015bwi\u0119ci\u0107 kilku murzy\u0144skich  ch\u0142opc\u00f3w, kt\u00f3rzy potem, na otarcie \u0142ez, dostan\u0105 w Brukseli jak\u0105\u015b trafik\u0119  w arend\u0119. W ko\u0144cu nie mamy chyba w\u0105tpliwo\u015bci, \u017ce spraw\u0105 r\u0119cznie steruj\u0105  pierwszorz\u0119dni fachowcy?<\/p>\r\n<p><strong><em>Stanis\u0142aw Michalkiewicz<\/em><\/strong><\/p>\r\n<p>Felieton \u00a0<strong>\u2022<\/strong> tygodnik \u201eNajwy\u017cszy Czas!\u201d \u00a0<strong>\u2022<\/strong> 8 kwietnia 2011<\/p>\r\n<p><em>Sta\u0142y komentarz Stanis\u0142awa Michalkiewicza ukazuje si\u0119 w ka\u017cdym numerze tygodnika \u201eNajwy\u017cszy Czas!\u201d.<\/em><\/p>","protected":false},"excerpt":{"rendered":"C\u00f3\u017c za przedziwny zbieg okoliczno\u015bci! Pan Andrzej Seremet, Prokurator Generalny poda\u0142, i\u017c prokuratura wojskowa, badaj\u0105ca przyczyny katastrofy samolotu wioz\u0105cego prezydenta Lecha Kaczy\u0144skiego i inne osobisto\u015bci, wykluczy\u0142a \u201eczyn o charakterze terrorystycznym\u201d. W porz\u0105dku &#8211; ale dlaczego og\u0142osi\u0142 to akurat w Prima Aprilis 2011 roku? Mo\u017cna by uzna\u0107 to za przypadek, ale pami\u0119tamy przecie\u017c, \u017ce \u015b.p. ksi\u0105dz [&hellip;]","protected":false},"author":1,"featured_media":0,"comment_status":"closed","ping_status":"closed","sticky":false,"template":"","format":"standard","meta":{"_acf_changed":false,"_monsterinsights_skip_tracking":false,"_monsterinsights_sitenote_active":false,"_monsterinsights_sitenote_note":"","_monsterinsights_sitenote_category":0,"ngg_post_thumbnail":0,"footnotes":"","_wp_rev_ctl_limit":""},"categories":[9],"tags":[16,22,98,34,141],"acf":[],"_links":{"self":[{"href":"https:\/\/www.bibula.com\/index.php?rest_route=\/wp\/v2\/posts\/35955"}],"collection":[{"href":"https:\/\/www.bibula.com\/index.php?rest_route=\/wp\/v2\/posts"}],"about":[{"href":"https:\/\/www.bibula.com\/index.php?rest_route=\/wp\/v2\/types\/post"}],"author":[{"embeddable":true,"href":"https:\/\/www.bibula.com\/index.php?rest_route=\/wp\/v2\/users\/1"}],"replies":[{"embeddable":true,"href":"https:\/\/www.bibula.com\/index.php?rest_route=%2Fwp%2Fv2%2Fcomments&post=35955"}],"version-history":[{"count":0,"href":"https:\/\/www.bibula.com\/index.php?rest_route=\/wp\/v2\/posts\/35955\/revisions"}],"wp:attachment":[{"href":"https:\/\/www.bibula.com\/index.php?rest_route=%2Fwp%2Fv2%2Fmedia&parent=35955"}],"wp:term":[{"taxonomy":"category","embeddable":true,"href":"https:\/\/www.bibula.com\/index.php?rest_route=%2Fwp%2Fv2%2Fcategories&post=35955"},{"taxonomy":"post_tag","embeddable":true,"href":"https:\/\/www.bibula.com\/index.php?rest_route=%2Fwp%2Fv2%2Ftags&post=35955"}],"curies":[{"name":"wp","href":"https:\/\/api.w.org\/{rel}","templated":true}]}}