{"id":359,"date":"2006-05-18T00:00:00","date_gmt":"2006-05-18T00:00:00","guid":{"rendered":""},"modified":"2016-05-18T10:18:21","modified_gmt":"2016-05-18T14:18:21","slug":"strajk-glodowy-ksiezy-w-obronie-praw-nielegalnych-imigrantow","status":"publish","type":"post","link":"https:\/\/www.bibula.com\/?p=359","title":{"rendered":"Strajk g\u0142odowy ksi\u0119\u017cy w obronie praw nielegalnych imigrant\u00f3w"},"content":{"rendered":"<p>Dziesi\u0119ciu ksi\u0119\u017cy ze stanu Illinois og\u0142osilo o rozpocz\u0119ciu stajku g\u0142odowego na znak solidarno\u015bci z nielegalnymi imigrantami. Jeden ze strajkuj\u0105cych, ks. Brendan Curran z parafii \u015bw. Piusa z Chicago, o\u015bwiadczy\u0142, \u017ce strajk b\u0119dzie trwa\u0142 dop\u00f3ki zostan\u0105 przyj\u0119ci przez przewodnicz\u0105cego Izby Reprezentant\u00f3w Dennisa Hastert celem om\u00f3wnienia zagadnie\u0144 imigracyjnych.<\/p><blockquote><p><strong>KOMENTARZ <em>BIBU\u0141Y<\/em><\/strong>: Jako\u015b &#8222;dziwne&#8221;, \u017ce tego typu ksi\u0119\u017com-marksistom nawet do g\u0142owy nie przychodzi \u017ceby tak mocno zaprotestowa\u0107 przeciwko aborcji. Gdyby z tak\u0105 sam\u0105 determinacj\u0105 w\u0142\u0105czyli si\u0119 oni w pot\u0119pnienie plagi aborcji, gdyby zacz\u0119li o tym m\u00f3wi\u0107 na kazaniach, gdyby zechcieli poci\u0105gn\u0105\u0107 wiernych do akcji i modlitw antyaborcyjnych, gdyby <strong>biskupi<\/strong> razem wezwali wszystkich wiernych do jednoznacznej postawy &#8211; <strong>legalizacja aborcji znikn\u0119\u0142aby w ci\u0105gu jednego dnia<\/strong>. Ale nie zanosi si\u0119 na to, przynajmniej nie w wyniku nacisku Ko\u015bcio\u0142a ameryka\u0144skiego.<\/p><p><strong>Zareaguj i sprzeciw si\u0119 diabolicznej polityce prowadzonej przez biskup\u00f3w i ksi\u0119\u017cy &#8211; powiedz NIE imigrantom nap\u0142ywaj\u0105cym z innych cywilizacji!<br \/> Powiedz NIE wszystkim nielegalnym imigrantom!<\/strong><\/p><\/blockquote><p><strong>Czytaj r\u00f3wnie\u017c:<\/strong><\/p><ul><li><a class=\"content_sz\" href=\"http:\/\/www.bibula.com\/?p=00338\">Belgijscy biskupi oddaj\u0105 ko\u015bcio\u0142y muzu\u0142manom<\/a><\/li><\/ul><p>&nbsp;<\/p>","protected":false},"excerpt":{"rendered":"Dziesi\u0119ciu ksi\u0119\u017cy ze stanu Illinois og\u0142osilo o rozpocz\u0119ciu stajku g\u0142odowego na znak solidarno\u015bci z nielegalnymi imigrantami. Jeden ze strajkuj\u0105cych, ks. Brendan Curran z parafii \u015bw. Piusa z Chicago, o\u015bwiadczy\u0142, \u017ce strajk b\u0119dzie trwa\u0142 dop\u00f3ki zostan\u0105 przyj\u0119ci przez przewodnicz\u0105cego Izby Reprezentant\u00f3w Dennisa Hastert celem om\u00f3wnienia zagadnie\u0144 imigracyjnych.KOMENTARZ BIBU\u0141Y: Jako\u015b &#8222;dziwne&#8221;, \u017ce tego typu ksi\u0119\u017com-marksistom nawet do [&hellip;]","protected":false},"author":1,"featured_media":0,"comment_status":"closed","ping_status":"open","sticky":false,"template":"","format":"standard","meta":{"_acf_changed":false,"_monsterinsights_skip_tracking":false,"_monsterinsights_sitenote_active":false,"_monsterinsights_sitenote_note":"","_monsterinsights_sitenote_category":0,"ngg_post_thumbnail":0,"footnotes":"","_wp_rev_ctl_limit":""},"categories":[4],"tags":[76,221],"acf":[],"_links":{"self":[{"href":"https:\/\/www.bibula.com\/index.php?rest_route=\/wp\/v2\/posts\/359"}],"collection":[{"href":"https:\/\/www.bibula.com\/index.php?rest_route=\/wp\/v2\/posts"}],"about":[{"href":"https:\/\/www.bibula.com\/index.php?rest_route=\/wp\/v2\/types\/post"}],"author":[{"embeddable":true,"href":"https:\/\/www.bibula.com\/index.php?rest_route=\/wp\/v2\/users\/1"}],"replies":[{"embeddable":true,"href":"https:\/\/www.bibula.com\/index.php?rest_route=%2Fwp%2Fv2%2Fcomments&post=359"}],"version-history":[{"count":0,"href":"https:\/\/www.bibula.com\/index.php?rest_route=\/wp\/v2\/posts\/359\/revisions"}],"wp:attachment":[{"href":"https:\/\/www.bibula.com\/index.php?rest_route=%2Fwp%2Fv2%2Fmedia&parent=359"}],"wp:term":[{"taxonomy":"category","embeddable":true,"href":"https:\/\/www.bibula.com\/index.php?rest_route=%2Fwp%2Fv2%2Fcategories&post=359"},{"taxonomy":"post_tag","embeddable":true,"href":"https:\/\/www.bibula.com\/index.php?rest_route=%2Fwp%2Fv2%2Ftags&post=359"}],"curies":[{"name":"wp","href":"https:\/\/api.w.org\/{rel}","templated":true}]}}