{"id":35688,"date":"2011-04-03T18:41:38","date_gmt":"2011-04-03T23:41:38","guid":{"rendered":"http:\/\/www.bibula.com\/?p=35688"},"modified":"2011-04-03T18:41:38","modified_gmt":"2011-04-03T23:41:38","slug":"estonia-pomnik-zolnierzy-sowieckich-okreslony-monumentem-okupantow","status":"publish","type":"post","link":"https:\/\/www.bibula.com\/?p=35688","title":{"rendered":"Estonia: Pomnik \u017co\u0142nierzy sowieckich okre\u015blony &#8222;monumentem okupant\u00f3w&#8221;"},"content":{"rendered":"<p><strong>Na cmentarzu wojennym w Tallinnie zosta\u0142a ustanowiona tablica  informacyjna, na kt\u00f3rej pomnik \u017co\u0142nierzy sowieckich poleg\u0142ych w II  wojnie \u015bwiatowej \u201eBr\u0105zowy \u0179o\u0142nierz\u201d zosta\u0142 okre\u015blony jako monument  okupant\u00f3w.<\/strong><\/p>\r\n<p>Dok\u0142adna nazwa widniej\u0105ca na tablicy brzmi: \u201emonument \u017co\u0142nierzy  armii sowieckiej okupuj\u0105cych Tallinn od 22 wrze\u015bnia 1944\u201d. Cmentarz  znajduje si\u0119 pod zarz\u0105dem Ministerstwa Obrony Estonii, kt\u00f3rego  przedstawiciele w o\u015bwiadczeniu danym pismu Rossijskaja Gazeta  potwierdzili prawid\u0142owo\u015b\u0107 nowej nazwy i jej zgodno\u015b\u0107 z ustaleniami  esto\u0144skiej historiografii. \u201eOdzwierciedla ona historyczny fakt okupacji  Estonii od 1940 po 1991 rok\u201d &#8211; powiedzia\u0142 pracownik Ministerstwa Obrony  Hellar Lill.<\/p>\r\n<p>Decyzja o umieszczeniu tablicy wywo\u0142a\u0142a sprzeciw esto\u0144skich weteran\u00f3w Armii Czerwonej oraz \u015brodowisk antyfaszystowskich.<\/p>\r\n<p>Przewodnicz\u0105cy Talli\u0144skiego Stowarzyszenia Weteran\u00f3w Drugiej Wojny  \u015awiatowej W\u0142adimir Metelica wyrazi\u0142 oburzenie z powodu zamieszczenia  tablicy tej tre\u015bci. Metelica podkre\u015bli\u0142 r\u00f3wnie\u017c, \u017ce \u201eBr\u0105zowy \u0179o\u0142nierz\u201d  jest dla weteran\u00f3w symbolem oswobodzenia Tallinna od faszyst\u00f3w.<\/p>\r\n<p>W du\u017co bardziej radykalny spos\u00f3b wypowiada\u0142 si\u0119 przewodnicz\u0105cy  antyfaszystowskiej esto\u0144skiej organizacji spo\u0142ecznej \u201eNocny Patrol\u201d  Dmitrij Linter. Jego zdaniem zmiana nazwy pomnika stanowi nie tylko krok  propagandowy, ale jest potwierdzeniem pewnej ideologii, kt\u00f3ra tworzy  si\u0119 w Estonii w przeci\u0105gu ostatnich dwudziestu lat. Wed\u0142ug Lintera  zawiera ona w sobie takie cechy jak przepisywanie historii, heroizacj\u0119  \u017co\u0142nierzy SS, prze\u015bladowania \u017co\u0142nierzy antyhitlerowskiej koalicji i  antyfaszyst\u00f3w.<\/p>\r\n<p>Pomnik Br\u0105zowego \u0179o\u0142nierza znajdowa\u0142 w centrum uwagi \u015bwiatowej opinii  publicznej w kwietniu 2007 roku, kiedy to esto\u0144skie w\u0142adze podj\u0119\u0142y  decyzj\u0119 o przeniesieniu monumentu ze \u015br\u00f3dmie\u015bcia na cmentarz wojenny.  Decyzja ta doprowadzi\u0142a do protest\u00f3w ze strony mniejszo\u015bci rosyjskiej. W  trakcie zamieszek zgin\u0119\u0142a jedna osoba, a pi\u0119\u0107dziesi\u0105t zosta\u0142o rannych.  Wydarzenia te doprowadzi\u0142y do sporu politycznego mi\u0119dzy Estoni\u0105, a Rosj\u0105  oraz do serii cybernetycznych atak\u00f3w na instytucje pa\u0144stwowe w  Tallinnie, kt\u00f3re najprawdopodobniej by\u0142y inspirowane przez Kreml.<\/p>\r\n<p>\u0179r\u00f3d\u0142a: delfi.lt, <a href=\"http:\/\/www.regnum.ru\/news\/1388536.html\" target=\"_blank\">regnum.ru<\/a><\/p>","protected":false},"excerpt":{"rendered":"Na cmentarzu wojennym w Tallinnie zosta\u0142a ustanowiona tablica informacyjna, na kt\u00f3rej pomnik \u017co\u0142nierzy sowieckich poleg\u0142ych w II wojnie \u015bwiatowej \u201eBr\u0105zowy \u0179o\u0142nierz\u201d zosta\u0142 okre\u015blony jako monument okupant\u00f3w. Dok\u0142adna nazwa widniej\u0105ca na tablicy brzmi: \u201emonument \u017co\u0142nierzy armii sowieckiej okupuj\u0105cych Tallinn od 22 wrze\u015bnia 1944\u201d. Cmentarz znajduje si\u0119 pod zarz\u0105dem Ministerstwa Obrony Estonii, kt\u00f3rego przedstawiciele w o\u015bwiadczeniu danym [&hellip;]","protected":false},"author":1,"featured_media":0,"comment_status":"closed","ping_status":"closed","sticky":false,"template":"","format":"standard","meta":{"_acf_changed":false,"_monsterinsights_skip_tracking":false,"_monsterinsights_sitenote_active":false,"_monsterinsights_sitenote_note":"","_monsterinsights_sitenote_category":0,"ngg_post_thumbnail":0,"footnotes":"","_wp_rev_ctl_limit":""},"categories":[6],"tags":[66,141,59],"acf":[],"_links":{"self":[{"href":"https:\/\/www.bibula.com\/index.php?rest_route=\/wp\/v2\/posts\/35688"}],"collection":[{"href":"https:\/\/www.bibula.com\/index.php?rest_route=\/wp\/v2\/posts"}],"about":[{"href":"https:\/\/www.bibula.com\/index.php?rest_route=\/wp\/v2\/types\/post"}],"author":[{"embeddable":true,"href":"https:\/\/www.bibula.com\/index.php?rest_route=\/wp\/v2\/users\/1"}],"replies":[{"embeddable":true,"href":"https:\/\/www.bibula.com\/index.php?rest_route=%2Fwp%2Fv2%2Fcomments&post=35688"}],"version-history":[{"count":0,"href":"https:\/\/www.bibula.com\/index.php?rest_route=\/wp\/v2\/posts\/35688\/revisions"}],"wp:attachment":[{"href":"https:\/\/www.bibula.com\/index.php?rest_route=%2Fwp%2Fv2%2Fmedia&parent=35688"}],"wp:term":[{"taxonomy":"category","embeddable":true,"href":"https:\/\/www.bibula.com\/index.php?rest_route=%2Fwp%2Fv2%2Fcategories&post=35688"},{"taxonomy":"post_tag","embeddable":true,"href":"https:\/\/www.bibula.com\/index.php?rest_route=%2Fwp%2Fv2%2Ftags&post=35688"}],"curies":[{"name":"wp","href":"https:\/\/api.w.org\/{rel}","templated":true}]}}