{"id":35674,"date":"2011-04-03T15:05:12","date_gmt":"2011-04-03T20:05:12","guid":{"rendered":"http:\/\/www.bibula.com\/?p=35674"},"modified":"2011-04-03T15:05:12","modified_gmt":"2011-04-03T20:05:12","slug":"71-rocznica-wywozki-do-katynia","status":"publish","type":"post","link":"https:\/\/www.bibula.com\/?p=35674","title":{"rendered":"71. rocznica wyw\u00f3zki do Katynia"},"content":{"rendered":"<p><strong>Od dnia, kiedy NKWD rozpocz\u0119\u0142o wyw\u00f3z polskich oficer\u00f3w z oboz\u00f3w w  Kozielsku, Ostaszkowie i Starobielsku, mija 71 lat. 3 kwietnia 1940 r.  ruszy\u0142y pierwsze <a id=\"a_nsitsp_0\">transporty<\/a> \u015bmierci z polskimi je\u0144cami z Kozielska do Katynia. Dzi\u015b na cmentarzu w  lesie katy\u0144skim Polacy i Rosjanie sk\u0142adaj\u0105 kwiaty i pal\u0105 znicze, aby  odda\u0107 ho\u0142d ofiarom NKWD. <\/strong><\/p>\r\n<p>&#8211; <em>O zbrodni katy\u0144skiej nale\u017cy m\u00f3wi\u0107 jak najwi\u0119cej, aby zatar\u0142o si\u0119 k\u0142amstwo rozpowszechniane przez kilkadziesi\u0105t lat<\/em> &#8211; m\u00f3wili uczniowie wielkopolskich szk\u00f3\u0142, kt\u00f3rzy przyjechali do Katynia, aby odda\u0107 ho\u0142d zamordowanym rodakom. <br \/><br \/> M\u0142odzie\u017c uwa\u017ca, \u017ce prawda o zbrodni z 1940 r. powinna pom\u00f3c w polsko-rosyjskim pojednaniu. <br \/><br \/> Wiosn\u0105 1940 r. w Katyniu, strza\u0142em w ty\u0142 g\u0142owy, zamordowano prawie 4  tys. polskich oficer\u00f3w. Na terenach: Rosji oraz wschodniej Bia\u0142orusi i  Ukrainy w ten sam spos\u00f3b rozstrzelano ponad 25 tys. polskich je\u0144c\u00f3w  wojennych. <br \/><br \/> W\u0142adze Rosji oficjalnie przyzna\u0142y, \u017ce polscy oficerowie zostali  zamordowani na rozkaz J\u00f3zefa Stalina i jego wsp\u00f3\u0142pracownik\u00f3w. Jedynie  Komunistyczna Partia Federacji Rosyjskiej wci\u0105\u017c przekonuje, \u017ce za mord  na polskich oficerach odpowiedzialne s\u0105 hitlerowskie Niemcy. <br \/><br \/> 11 kwietnia prezydenci Polski i Rosji Bronis\u0142aw Komorowski i Dmitrij  Miedwiediew wraz z rodzinami katy\u0144skimi wezm\u0105 udzia\u0142 w uroczysto\u015bciach w  Katyniu, upami\u0119tniaj\u0105cych 71. rocznic\u0119 zbrodni.<\/p>","protected":false},"excerpt":{"rendered":"Od dnia, kiedy NKWD rozpocz\u0119\u0142o wyw\u00f3z polskich oficer\u00f3w z oboz\u00f3w w Kozielsku, Ostaszkowie i Starobielsku, mija 71 lat. 3 kwietnia 1940 r. ruszy\u0142y pierwsze transporty \u015bmierci z polskimi je\u0144cami z Kozielska do Katynia. Dzi\u015b na cmentarzu w lesie katy\u0144skim Polacy i Rosjanie sk\u0142adaj\u0105 kwiaty i pal\u0105 znicze, aby odda\u0107 ho\u0142d ofiarom NKWD. &#8211; O zbrodni [&hellip;]","protected":false},"author":1,"featured_media":0,"comment_status":"closed","ping_status":"closed","sticky":false,"template":"","format":"standard","meta":{"_acf_changed":false,"_monsterinsights_skip_tracking":false,"_monsterinsights_sitenote_active":false,"_monsterinsights_sitenote_note":"","_monsterinsights_sitenote_category":0,"ngg_post_thumbnail":0,"footnotes":"","_wp_rev_ctl_limit":""},"categories":[8],"tags":[50,59],"acf":[],"_links":{"self":[{"href":"https:\/\/www.bibula.com\/index.php?rest_route=\/wp\/v2\/posts\/35674"}],"collection":[{"href":"https:\/\/www.bibula.com\/index.php?rest_route=\/wp\/v2\/posts"}],"about":[{"href":"https:\/\/www.bibula.com\/index.php?rest_route=\/wp\/v2\/types\/post"}],"author":[{"embeddable":true,"href":"https:\/\/www.bibula.com\/index.php?rest_route=\/wp\/v2\/users\/1"}],"replies":[{"embeddable":true,"href":"https:\/\/www.bibula.com\/index.php?rest_route=%2Fwp%2Fv2%2Fcomments&post=35674"}],"version-history":[{"count":0,"href":"https:\/\/www.bibula.com\/index.php?rest_route=\/wp\/v2\/posts\/35674\/revisions"}],"wp:attachment":[{"href":"https:\/\/www.bibula.com\/index.php?rest_route=%2Fwp%2Fv2%2Fmedia&parent=35674"}],"wp:term":[{"taxonomy":"category","embeddable":true,"href":"https:\/\/www.bibula.com\/index.php?rest_route=%2Fwp%2Fv2%2Fcategories&post=35674"},{"taxonomy":"post_tag","embeddable":true,"href":"https:\/\/www.bibula.com\/index.php?rest_route=%2Fwp%2Fv2%2Ftags&post=35674"}],"curies":[{"name":"wp","href":"https:\/\/api.w.org\/{rel}","templated":true}]}}