{"id":35673,"date":"2011-04-03T14:56:01","date_gmt":"2011-04-03T19:56:01","guid":{"rendered":"http:\/\/www.bibula.com\/?p=35673"},"modified":"2011-04-03T14:57:07","modified_gmt":"2011-04-03T19:57:07","slug":"posel-kozak-odkryl-tajemnice-ministerstwa-finansow%e2%80%a6","status":"publish","type":"post","link":"https:\/\/www.bibula.com\/?p=35673","title":{"rendered":"Pose\u0142 Kozak odkry\u0142 tajemnic\u0119 Ministerstwa Finans\u00f3w\u2026"},"content":{"rendered":"<p><strong>Jak mo\u017cemy przeczyta\u0107 na potralu  interia.pl w artykule pt. \u201eWszyscy dorabiaja po godzinach\u201d Paw\u0142a  Pietkuna &#8211; pracownicy Ministerstwa Finans\u00f3w dorabiaj\u0105 po godzinach  (cz\u0119sto r\u00f3wnie\u017c w godzinach pracy) m.in. w sp\u00f3\u0142kach Skarbu Pa\u0144stwa &#8211;  najcz\u0119\u015bciej zasiadaj\u0105c w radach nadzorczych tych sp\u00f3\u0142ek. Powraca temat  interpelacji pos\u0142a Kozaka\u2026 <\/strong><\/p>\r\n<p>Tymczasem op\u00f3\u017anienia legislacyjne we  wprowadzaniu unijnych dyrektyw (g\u0142\u00f3wnie w sprawie us\u0142ug p\u0142atniczych)  nara\u017ca Polsk\u0119 na liczon\u0105 w milionach euro kar\u0119. Op\u00f3\u017anienia, kt\u00f3re &#8211;  trzeba to podkre\u015bli\u0107 &#8211; wynikaj\u0105 z\u2026 zapracowania ministerialnych  urz\u0119dnik\u00f3w. Sprawa pewnie by\u0142aby starannie przez ministerstwo skrywana,  gdyby nie pewna interpelacja poselska. Interpelacja, kt\u00f3ra zdenerwowa\u0142a  nie tylko pracownik\u00f3w ministra, ale r\u00f3wnie\u017c premiera rz\u0105du i Juli\u0119  Piter\u0119, nios\u0105c\u0105 przed rz\u0105dem i Platform\u0105 Obywatelsk\u0105 sztandar z  zapewnieniem, \u017ce korupcji i kumoterstwa w tym rz\u0105dzie nie b\u0119dzie.<\/p>\r\n<blockquote>\r\n<h2><strong>Tajemnicza dyrektywa<\/strong><\/h2>\r\n<p>\u201eZ analizy bazy danych os\u00f3b  zasiadaj\u0105cych w radach nadzorczych oraz z informacji od by\u0142ej pracownicy  departamentu wynika, i\u017c znaczna liczba urz\u0119dnik\u00f3w zatrudnionych w  Departamencie Rozwoju Rynku Finansowego w MF zasiada w radach  nadzorczych oraz prowadzi dodatkowo komercyjn\u0105 dzia\u0142alno\u015b\u0107 szkoleniow\u0105 i  edukacyjn\u0105 w godzinach urz\u0119dowania oraz kosztem braku czasu prowadzenia  prac legislacyjnych w zakresie sektora bankowego oraz  ubezpieczeniowego\u201d &#8211; to fragment dokumentu, kt\u00f3ry wywo\u0142a\u0142 trz\u0119sienie  ziemi w Ministerstwie Finans\u00f3w. Echa tej interpelacji s\u0142ycha\u0107 w  ministerstwie do dzisiaj, bo pr\u00f3ba jakichkolwiek pyta\u0144 w tej sprawie  ko\u0144czy si\u0119 odes\u0142aniem pracownik\u00f3w biura prasowego (rzecznik jest na  urlopie) do przygotowanej przez Juli\u0119 Piter\u0119 i Donalda Tuska odpowiedzi  na interpelacj\u0119. Odpowiedzi nie do ko\u0144ca pewnej, z nazwiskami urz\u0119dnik\u00f3w  zast\u0105pionymi inicja\u0142ami. I z zapewnieniem, \u017ce wszystko jest w porz\u0105dku.  \u0179adnej korespondencji z mediami w tej sprawie minister nie przewiduje.<\/p>\r\n<p>Trzeba posi\u0142kowa\u0107 si\u0119 odpowiedzi\u0105  wys\u0142an\u0105 do pos\u0142a Zbigniewa Kozaka z Prawa i Sprawiedliwo\u015bci oraz  po\u015bwi\u0119ci\u0107 czas na przejrzenie dokument\u00f3w sp\u00f3\u0142ek i fundacji wyliczonych  przez pos\u0142a i minister Juli\u0119 Piter\u0119. Ale zacznijmy od pocz\u0105tku. Kiedy w  listopadzie 2009 roku Komisja Europejska zdecydowa\u0142a si\u0119 wprowadzi\u0107  dyrektyw\u0119 PSD, w sprawie us\u0142ug p\u0142atniczych, pa\u0144stwa cz\u0142onkowskie UE  mia\u0142y rok na to, \u017ceby przygotowa\u0107 do jej funkcjonowania swoje systemy  prawne. Sama dyrektywa mia\u0142a u\u0142atwi\u0107 alternatywnym dostawcom, takim jak  operatorzy sieci telefonii kom\u00f3rkowej czy instytucjom p\u0142atniczym,  kreowanie nowych \u015brodk\u00f3w p\u0142atniczych obok tradycyjnych instrument\u00f3w  oferowanych przez banki i firmy obs\u0142uguj\u0105ce systemy kart p\u0142atniczych.<\/p>\r\n<p>Docelowo ma to torowa\u0107 drog\u0119 ku  wydajniejszej gospodarce bezgot\u00f3wkowej. Rzeczywi\u015bcie &#8211; w wi\u0119kszo\u015bci  kraj\u00f3w Unii tzw. p\u0142atno\u015bci mobilne sta\u0142y si\u0119 chlebem powszednim. W  Polsce nie. A to dlatego, \u017ce zabrak\u0142o nam odpowiedniego prawa.<\/p>\r\n<p>Czemu w takim razie jako jeden z  nielicznych kraj\u00f3w we wsp\u00f3lnocie nie zd\u0105\u017cyli\u015bmy ze zmian\u0105 prawa?  Odpowied\u017a premiera Tuska i minister Pitery jest do\u015b\u0107 mglista. \u201eDyrektywa  PSD jest dyrektyw\u0105 pe\u0142nej harmonizacji, przewiduje jednak 26 opcji  narodowych, co do kt\u00f3rych skorzystanie przez ustawodawc\u0119 oraz spos\u00f3b ich  ewentualnej implementacji wzbudza\u0142o i wzbudza wiele rozbie\u017cno\u015bci,  zar\u00f3wno w\u015br\u00f3d us\u0142ugodawc\u00f3w rynku us\u0142ug p\u0142atniczych, jak i pozosta\u0142ych,  przysz\u0142ych adresat\u00f3w ustawy\u201d &#8211; informuje dokument.<\/p>\r\n<p>&#8211; \u201ePrace w zakresie wdro\u017cenia do  krajowego porz\u0105dku prawnego dyrektywy PSD zainicjowane zosta\u0142y bardzo  szerokimi wst\u0119pnymi konsultacjami projektowanych rozwi\u0105za\u0144  implementuj\u0105cych dyrektyw\u0119, kt\u00f3re rozpocz\u0119\u0142y si\u0119 jeszcze przed dat\u0105 jej  opublikowania. (\u2026) Przeprowadzenie konsultacji by\u0142o utrudnione z uwagi  na fakt, i\u017c przedmiotowej regulacji b\u0119dzie w przypadku Polski podlega\u0142  wyj\u0105tkowo szeroki zakres instytucji, zar\u00f3wno w odniesieniu do rodzaj\u00f3w  podmiot\u00f3w, jak i ich liczby. Zgodnie z danymi przedstawionymi przez  Narodowy Bank Polski na koniec 2009 roku liczba instytucji i ich  oddzia\u0142\u00f3w podlegaj\u0105cych przedmiotowemu projektowi ustawy wynosi\u0142a 22  524, co stawia Polsk\u0119 pod wzgl\u0119dem liczby tych podmiot\u00f3w na pierwszym  miejscu w\u015br\u00f3d pozosta\u0142ych pa\u0144stw cz\u0142onkowskich Unii Europejskiej\u201d. Dalej  z kilkustronicowej odpowiedzi mo\u017cna si\u0119 dowiedzie\u0107, \u017ce implementacja  PSD nie jest standardowym zadaniem implementacyjnym, \u017ce wypowiada\u0142y si\u0119 w  tej sprawie NBP, KNF i UOKiK, oraz \u017ce do ministerstwa wp\u0142yn\u0119\u0142y \u201edwa  wnioski lobbingowe, kt\u00f3re wymaga\u0142y ponownego przeprowadzenia analizy  zagadnienia jednej z opcji PSD\u201d. Projektowane przepisy maj\u0105 wej\u015b\u0107 w  \u017cycie w pierwszej po\u0142owie tego roku, za\u015b Komisja Europejska jest na  bie\u017c\u0105co informowana \u201eo stanie zaawansowania prac nad implementacj\u0105 (\u2026)  zar\u00f3wno drog\u0105 korespondencyjn\u0105, jak podczas roboczych spotka\u0144 (\u2026)\u201d. Ale  jedn\u0105 skarg\u0119 na Polsk\u0119 Komisja Europejska w tej sprawie ju\u017c z\u0142o\u017cy\u0142a &#8211; 16  listopada 2010 roku. Sko\u0144czy\u0142o si\u0119 na odpowiedzi do prezesa i s\u0119dzi\u00f3w  Trybuna\u0142u Sprawiedliwo\u015bci Unii Europejskiej, co wcale nie oznacza, \u017ce  minie nas kara. Ani tym bardziej, \u017ce rz\u0105d zd\u0105\u017cy z wprowadzeniem  dyrektywy do ko\u0144ca I kwarta\u0142u.<\/p>\r\n<p><strong>Zapracowany (jak) urz\u0119dnik<\/strong><\/p>\r\n<p>Mo\u017ce op\u00f3\u017anienia rzeczywi\u015bcie wynikaj\u0105 z  nadmiaru zaj\u0119\u0107 dodatkowych pracownik\u00f3w Ministerstwa Finans\u00f3w? Chodzi o  prace w radach nadzorczych sp\u00f3\u0142ek z udzia\u0142em Skarbu Pa\u0144stwa, w Fundacji  na rzecz Kredytu Hipotecznego oraz w bankowej izbie gospodarczej Zwi\u0105zku  Bank\u00f3w Polskich. \u201eCzy (\u2026) dodatkowa dzia\u0142alno\u015b\u0107 zarobkowa pracownik\u00f3w  Departamentu Rozwoju Rynku Finansowego MF nie powinna by\u0107 monitorowana  przez CBA oraz ABW?\u201d &#8211; na to pytanie biuro prasowe ministerstwa nie  chcia\u0142o nam odpowiedzie\u0107.<\/p>\r\n<p><span class=\"pullquote\"><!--  Op\u00f3\u017anienia legislacyjne we wprowadzaniu unijnych dyrektyw nara\u017ca Polsk\u0119 na liczon\u0105 w milionach euro kar\u0119. Op\u00f3\u017anienia, kt\u00f3re - trzeba to podkre\u015bli\u0107 - wynikaj\u0105 z\u2026 zapracowania ministerialnych urz\u0119dnik\u00f3w, bowiem pracownicy Ministerstwa Finans\u00f3w dorabiaj\u0105 po godzinach (cz\u0119sto r\u00f3wnie\u017c w godzinach pracy) m.in. w sp\u00f3\u0142kach Skarbu Pa\u0144stwa. --><\/span><\/p>\r\n<p>&#8211; To pytanie do minister Pitery &#8211;  kategorycznie odpowiadaj\u0105 pracownicy biura. &#8211; Zreszt\u0105 odpowied\u017a na to  pytanie pose\u0142 Kozak otrzyma\u0142. Czytamy w niej: \u201eKa\u017cdy pracownik  Ministerstwa Finans\u00f3w chc\u0105cy podj\u0105\u0107 dodatkow\u0105 dzia\u0142alno\u015b\u0107 zarobkow\u0105 musi  uzyska\u0107 zgod\u0119 dyrektora generalnego Ministerstwa Finans\u00f3w. Z informacji  przekazanych przez ministra finans\u00f3w wynika, i\u017c w 2010 roku trzech  pracownik\u00f3w Departamentu Rozwoju Rynku Finansowego otrzyma\u0142o tak\u0105  zgod\u0119\u201d.<\/p>\r\n<p>Kt\u00f3rzy to pracownicy? Tego ju\u017c nie wiem.  Nazwiska zna Zbigniew Kozak, ale czeka na oficjaln\u0105 informacj\u0119 od  rz\u0105du, kt\u00f3rej wci\u0105\u017c nie ma. &#8211; Czekam na za\u0142\u0105cznik z nazwiskami &#8211; m\u00f3wi i  dodaje: &#8211; Jestem pewny swoich informacji. Gdybym ich nie mia\u0142, to bym o  te nazwiska nie pyta\u0142. Prostsze jest ustalenie, kt\u00f3rzy pracownicy  ministra dorabiaj\u0105 w sp\u00f3\u0142kach Skarbu Pa\u0144stwa. I za ile zasiadaj\u0105 w  radach nadzorczych tych sp\u00f3\u0142ek. Cho\u0107 i tu minister Julia Pitera woli  raczej nie operowa\u0107 nazwiskami, ograniczaj\u0105c si\u0119 do inicja\u0142\u00f3w (Zbigniew  Kozak: \u201eInicja\u0142y podaje si\u0119 w przypadku os\u00f3b podejrzanych i  przest\u0119pc\u00f3w\u201d).<\/p>\r\n<p><strong>Nie padaj\u0105 r\u00f3wnie\u017c kwoty.<\/strong><\/p>\r\n<p>Cho\u0107 ustalenie co kt\u00f3ry urz\u0119dnik robi &#8211;  nie jest znowu takie trudne. W Radzie Bankowego Funduszu Gwa-rancyjnego  zasiada Piotr Pi\u0142at, dyrektor Departamentu Rozwoju Rynku Finansowego,  dostaj\u0105c za to 3605,74 z\u0142 miesi\u0119cznie. W Korporacji Ubezpiecze\u0144 Kredyt\u00f3w  Eksportowych wiceprzewodnicz\u0105c\u0105 Rady Nadzorczej zosta\u0142a Katarzyna  Przewalska, zast\u0119pca dyrektora Departamentu Rozwoju Rynku Finansowego.  Opr\u00f3cz niej znalaz\u0142 si\u0119 tam Jacek Zieli\u0144ski, naczelnik Wydzia\u0142u  Ubezpiecze\u0144 Obowi\u0105zkowych i Systemu Emerytalnego w Departamencie Rozwoju  Rynku Finansowego &#8211; oboje otrzymuj\u0105 wynagrodzenie w kwocie 3605,74 z\u0142.  Miejsce w Radzie Ubezpieczeniowego Funduszu Gwarancyjnego otrzyma\u0142 Piotr  Micha\u0142 Litwiniuk, radca ministra w Wydziale Ubezpiecze\u0144 Obowi\u0105zkowych i  Systemu Emerytalnego Departamentu Rozwoju Rynku Finansowego. Otrzymuje  za to 4326,8 z\u0142. Po 3,5 tys. z\u0142 dostaj\u0105 Sebastian Skuza, zast\u0119pca  dyrektora Departamentu Rozwoju Rynku Finansowego i wiceprzewodnicz\u0105cy  Rady Nadzorczej Banku Gospodarstwa Krajowego, oraz szeregowy cz\u0142onek RN  BGK Halina Weso\u0142owska, naczelnik Wydzia\u0142u Systemu Bankowego w  Departamencie Rozwoju Rynku Finansowego. Sebastian Skuza pojawia si\u0119  zreszt\u0105 w jeszcze jednej radzie (i z takim samym wynagrodzeniem) &#8211; tym  razem chodzi o Rad\u0119 Nadzorcz\u0105 Gie\u0142dy Papier\u00f3w Warto\u015bciowych w Warszawie.<\/p>\r\n<p>Nieco ponad 2100 z\u0142 otrzymuje Krzysztof  Kopera, naczelnik Wydzia\u0142u Rynku Kapita\u0142owego w Departamencie Rozwoju  Rynku Finansowego jako cz\u0142onek Rady Nadzorczej Krajowego Funduszu  Kapita\u0142owego. Za 4 tys. z\u0142 w RN KDPW zasiada Piotr Kozi\u0144ski z  Departamentu Rozwoju Rynku Finansowego, za\u015b za 1000 z\u0142 urz\u0119duje w RN  Funduszu Rozwoju i Promocji Wojew\u00f3dztwa Wielkopolskiego Teresa Olsz\u00f3wka,  radca ministra w Wydziale Sektora Bankowego w Departamencie Rozwoju  Rynku Finansowego. Olsz\u00f3wka jest zreszt\u0105 cz\u0142onkiem kolejnej rady &#8211; tym  razem chodzi o sp\u00f3\u0142k\u0119 Centrum Bankowo-Finansowego \u201eNowy \u015awiat\u201d SA, w  kt\u00f3rej dostaje 3,6 tys. z\u0142.<\/p>\r\n<p><strong>Wyjazd\u00f3w nie ma, ale\u2026<\/strong><\/p>\r\n<p>Co w takim razie z wyjazdami  zagranicznymi pracownik\u00f3w Ministerstwa Finans\u00f3w? Szczeg\u00f3lnie tych, na  kt\u00f3rych pojawiaj\u0105 si\u0119 r\u00f3wnie\u017c przedstawiciele bankowo-lobbingowych izb  gospodarczych. Tych kontakt\u00f3w rz\u0105d nie potwierdza &#8211; co dziwi,  szczeg\u00f3lnie \u017ce na wi\u0119kszo\u015bci rzeczywi\u015bcie pojawiaj\u0105 si\u0119 pracownicy  Zwi\u0105zku Bank\u00f3w Polskich. A skoro wyjazdy maj\u0105 by\u0107 zagraniczne, trudno  wykluczy\u0107 wzajemny kontakt tych kilku przedstawicieli z Polski.<\/p>\r\n<p>Z pewno\u015bci\u0105 pracownicy ZBP przyznaj\u0105 si\u0119  do tych kontakt\u00f3w. W kuluarowych rozmowach. &#8211; Same wyjazdy oczywi\u015bcie  si\u0119 odbywaj\u0105 &#8211; niech\u0119tnie przyznaje rz\u0105d. \u201eSpecyfika pracy, konieczno\u015b\u0107  poznawania problem\u00f3w rynku finansowego oraz konieczno\u015b\u0107 podnoszenia  kwalifikacji cz\u0119sto odbywaj\u0105 si\u0119 drog\u0105 uczestnictwa w  konferencjach\/sympozjach.<\/p>\r\n<p>Wyst\u0105pienia przedstawicieli  Ministerstwa Finans\u00f3w s\u0142u\u017c\u0105 przekazywaniu wiedzy w zakresie projekt\u00f3w  regulacyjnych zar\u00f3wno na poziomie UE, jak i w kraju. Cz\u0119sto jest to  wiedza specyficzna, w posiadaniu wy\u0142\u0105cznie ekspert\u00f3w-pracownik\u00f3w  departamentu, kt\u00f3rzy uczestnicz\u0105 w pracach grup roboczych Rady i Komisji  Europejskiej\u201d &#8211; informuje Julia Pitera. I wyja\u015bnia, \u017ce \u201eelementem  kszta\u0142cenia zawodowego jest uczestnictwo pracownik\u00f3w w specjalistycznych  konferencjach (\u2026). Instytucje organizuj\u0105ce konferencje specjalistyczne  zapraszaj\u0105 zar\u00f3wno przedstawicieli administracji rz\u0105dowej, organ\u00f3w  nadzoru, bank\u00f3w centralnych, jak i przedstawicieli sektora finansowego z  kraj\u00f3w cz\u0142onkowskich UE. Na tego typu wydarzenia bywaj\u0105 zapraszani  pracownicy departamentu w charakterze uczestnik\u00f3w lub prelegent\u00f3w. O ile  przedstawiciele departamentu wyst\u0119puj\u0105 w charakterze prelegent\u00f3w za  wynagrodzeniem, przepisy prawa zobowi\u0105zuj\u0105 ich do uzyskania zgody  dyrektora generalnego Ministerstwa Finans\u00f3w oraz przeprowadzenia  (wykonania tych zaj\u0119\u0107) poza godzinami pracy\u201d. Tajemnic\u0105 owiana jest  Fundacja na rzecz Kredytu Hipotecznego, w kt\u00f3rej pracownicy ministerstwa  odpowiedzialni za implementacj\u0119 dyrektywy r\u00f3wnie\u017c dorabiaj\u0105. FKH jest  fundacj\u0105 Skarbu Pa\u0144stwa, kt\u00f3rej fundatorem jest minister finans\u00f3w.  Zgodnie ze statutem fundacji w sk\u0142ad rady programowej fundacji od  pocz\u0105tku ustanowienia fundacji wchodz\u0105 przedstawiciele Ministerstwa  Finans\u00f3w, ministra sprawiedliwo\u015bci i Narodowego Banku Polskiego  powo\u0142ywani przez fundatora za zgod\u0105 tych instytucji.<\/p>\r\n<p><strong>Kim s\u0105 ci przedstawiciele?<\/strong><\/p>\r\n<p>Fundacja sk\u0142adu rady nie podaje &#8211; na  swoich stronach www ca\u0142kiem je utajni\u0142a. Ustalili\u015bmy, \u017ce w tym  konkretnym przypadku chodzi o Piotra Pi\u0142ata, dyrektora Departamentu  Rozwoju Rynku Finansowego, tego samego, kt\u00f3ry zasiada w RN Bankowego  Funduszu Gwarancyjnego. Jednak, jak deklaruje minister Pitera, \u201eprace  przedstawicieli Ministerstwa Finans\u00f3w w radzie programowej fundacji i  wszystkich cz\u0142onk\u00f3w rady s\u0105 nieodp\u0142atne, za\u015b zgod\u0119 dyrektora generalnego  Ministerstwa Finans\u00f3w na wsp\u00f3\u0142prac\u0119 z Fundacj\u0105 na rzecz Kredytu  Hipotecznego w ubieg\u0142ych latach uzyskiwa\u0142y pani H. W. i pani A. W.\u201d.<\/p>\r\n<p><strong>Problem (nie)kompetencji?<\/strong><\/p>\r\n<p>W interpelacji Zbigniewa Kozaka pojawia  si\u0119 jeszcze jeden powa\u017cny zarzut. Chodzi o niekompetencj\u0119 pracownik\u00f3w  Departamentu Rozwoju Rynku Finansowego, kt\u00f3rzy dorabiaj\u0105 na prawo i  lewo, nie mog\u0105c sobie poradzi\u0107 z implementacj\u0105 prostej dyrektywy. Z  odpowiedzi przygotowanej przez ministra finans\u00f3w, a upublicznionej przez  Juli\u0119 Piter\u0119 dowiadujemy si\u0119, \u017ce \u201ew Departamencie Rozwoju Rynku  Finansowego wg stanu na dzie\u0144 17 stycznia 2011 roku zatrudnione s\u0105 52  osoby (z czego 2 przebywaj\u0105 na urlopach bezp\u0142atnych). W\u015br\u00f3d pracownik\u00f3w:  18 os\u00f3b ma sta\u017c pracy d\u0142u\u017cszy ni\u017c 5 lat (w tym 12 os\u00f3b ma sta\u017c pracy  d\u0142u\u017cszy ni\u017c 10 lat), 18 os\u00f3b ma sta\u017c pracy z przedzia\u0142u 1 rok-5 lat, 16  os\u00f3b ma sta\u017c pracy kr\u00f3tszy ni\u017c 1 rok. 12 os\u00f3b ma do\u015bwiadczenie w  instytucjach sektora finansowego\u201d. W jakich instytucjach i o jakie  do\u015bwiadczenie chodzi &#8211; ju\u017c nie wiadomo. Cho\u0107 mo\u017ce to mie\u0107 ogromne  znaczenie, szczeg\u00f3lnie \u017ce Zbigniew Kozak pyta o konkrety: \u201ekierownictwo  Departamentu Rozwoju Rynku Finansowego w MF zwalnia osoby z du\u017cym  do\u015bwiadczeniem zawodowym z sektora ubezpieczeniowego i zatrudnia w ich  miejsce krewnych swoich znajomych, bez jakiegokolwiek do\u015bwiadczenia  zawodowego\u201d. &#8211; Odpowied\u017a na interpelacj\u0119 otrzyma\u0142em &#8211; m\u00f3wi w rozmowie z  \u201eGazet\u0105 Bankow\u0105\u201d. &#8211; Nie otrzyma\u0142em jednak za\u0142\u0105cznik\u00f3w z nazwiskami.<\/p>\r\n<p>Mechanizm kupowania wybor\u00f3w jest  dziecinnie prosty. Kluczowe s\u0105 trzy czynniki: po pierwsze &#8211; pieni\u0105dze,  po drugie &#8211; dost\u0119p do danych; po trzecie &#8211; przest\u0119pcze struktury.<\/p>\r\n<p>To po pierwsze. Po drugie informacja o  powodach op\u00f3\u017anie\u0144 legislacyjnych jest zawi\u0142a i nie wyja\u015bnia niczego.  B\u0119d\u0119 ca\u0142o\u015b\u0107 analizowa\u0142 z doradcami, ale najprawdopodobniej moja  interpelacja sko\u0144czy si\u0119 kolejn\u0105. Nie otrzyma\u0142em wystarczaj\u0105cego  wyja\u015bnienia. A sprawa jest zbyt powa\u017cna, tym bardziej, \u017ce Polsce gro\u017c\u0105  wysokie kary, za\u015b urz\u0119dnicy wydaj\u0105 si\u0119 zajmowa\u0107 wszystkim, tylko nie  prac\u0105 legislacyjn\u0105.<\/p>\r\n<p><em><strong>Pawe\u0142 Pietkun<\/strong><\/em><\/p>\r\n<p>Za: <a href=\"http:\/\/fakty.interia.pl\/prasa\/news\/wszyscy-dorabiaja-po-godzinach,1612276,\">Fakty.interia.pl<\/a><\/p>\r\n<\/blockquote>","protected":false},"excerpt":{"rendered":"Jak mo\u017cemy przeczyta\u0107 na potralu interia.pl w artykule pt. \u201eWszyscy dorabiaja po godzinach\u201d Paw\u0142a Pietkuna &#8211; pracownicy Ministerstwa Finans\u00f3w dorabiaj\u0105 po godzinach (cz\u0119sto r\u00f3wnie\u017c w godzinach pracy) m.in. w sp\u00f3\u0142kach Skarbu Pa\u0144stwa &#8211; najcz\u0119\u015bciej zasiadaj\u0105c w radach nadzorczych tych sp\u00f3\u0142ek. Powraca temat interpelacji pos\u0142a Kozaka\u2026 Tymczasem op\u00f3\u017anienia legislacyjne we wprowadzaniu unijnych dyrektyw (g\u0142\u00f3wnie w sprawie [&hellip;]","protected":false},"author":1,"featured_media":0,"comment_status":"closed","ping_status":"closed","sticky":false,"template":"","format":"standard","meta":{"_acf_changed":false,"_monsterinsights_skip_tracking":false,"_monsterinsights_sitenote_active":false,"_monsterinsights_sitenote_note":"","_monsterinsights_sitenote_category":0,"ngg_post_thumbnail":0,"footnotes":"","_wp_rev_ctl_limit":""},"categories":[9],"tags":[98],"acf":[],"_links":{"self":[{"href":"https:\/\/www.bibula.com\/index.php?rest_route=\/wp\/v2\/posts\/35673"}],"collection":[{"href":"https:\/\/www.bibula.com\/index.php?rest_route=\/wp\/v2\/posts"}],"about":[{"href":"https:\/\/www.bibula.com\/index.php?rest_route=\/wp\/v2\/types\/post"}],"author":[{"embeddable":true,"href":"https:\/\/www.bibula.com\/index.php?rest_route=\/wp\/v2\/users\/1"}],"replies":[{"embeddable":true,"href":"https:\/\/www.bibula.com\/index.php?rest_route=%2Fwp%2Fv2%2Fcomments&post=35673"}],"version-history":[{"count":0,"href":"https:\/\/www.bibula.com\/index.php?rest_route=\/wp\/v2\/posts\/35673\/revisions"}],"wp:attachment":[{"href":"https:\/\/www.bibula.com\/index.php?rest_route=%2Fwp%2Fv2%2Fmedia&parent=35673"}],"wp:term":[{"taxonomy":"category","embeddable":true,"href":"https:\/\/www.bibula.com\/index.php?rest_route=%2Fwp%2Fv2%2Fcategories&post=35673"},{"taxonomy":"post_tag","embeddable":true,"href":"https:\/\/www.bibula.com\/index.php?rest_route=%2Fwp%2Fv2%2Ftags&post=35673"}],"curies":[{"name":"wp","href":"https:\/\/api.w.org\/{rel}","templated":true}]}}