{"id":35544,"date":"2011-03-31T14:40:55","date_gmt":"2011-03-31T19:40:55","guid":{"rendered":"http:\/\/www.bibula.com\/?p=35544"},"modified":"2011-03-31T14:40:55","modified_gmt":"2011-03-31T19:40:55","slug":"rusza-spis-powszechny-list-otwarty-do-slazakow-prosimy-nie-porzucajcie-polskosci-na-rzecz-sztucznej-narodowosci-slaskiej","status":"publish","type":"post","link":"https:\/\/www.bibula.com\/?p=35544","title":{"rendered":"Rusza Spis Powszechny. List Otwarty do \u015al\u0105zak\u00f3w: prosimy, nie porzucajcie polsko\u015bci na rzecz sztucznej &#8222;narodowo\u015bci \u015bl\u0105skiej&#8221;"},"content":{"rendered":"<p><strong>Pierwszego kwietnia zaczyna si\u0119 spis powszechny. Ruch Autonomii \u015al\u0105ska &#8211; organizacja, kt\u00f3rej liderzy w swoich wypowiedziach dopuszczaj\u0105 brak lojalno\u015bci wobec Pa\u0144stwa Polskiego &#8211; nawo\u0142uje obywateli do deklarowania narodowo\u015bci \u015bl\u0105skiej. W ten spos\u00f3b rutynowa procedura spisu mo\u017ce si\u0119 zmieni\u0107 w plebiscyt: za czy przeciw polsko\u015bci tego regionu.<\/strong><\/p>\r\n<p><strong>Taki plebiscyt uwa\u017camy za niepokoj\u0105cy.<\/strong> Mi\u0142o\u015b\u0107 do tej konkretnej ziemi, poszanowanie jej odr\u0119bnej tradycji, jej szczeg\u00f3lnej historii, zainteresowanie jej pi\u0119kn\u0105 gwar\u0105 i ciekawymi obyczajami, to co\u015b tw\u00f3rczego i pi\u0119knego. Natomiast <strong>sztuczne, w jakiej\u015b mierze r\u00f3wnie\u017c polityczne, tworzenie nowej narodowo\u015bci uwa\u017camy za fikcj\u0119. Wyra\u017camy tak\u017ce obaw\u0119, i\u017c w ten spos\u00f3b uruchamiany jest proces, kt\u00f3ry mo\u017ce doprowadzi\u0107 do zerwania delikatnych wi\u0119zi spo\u0142ecznych i rodzinnych.<\/strong><\/p>\r\n<p><strong>I dlatego w\u0142a\u015bnie dzi\u015b m\u00f3wimy: warto by\u0107 Polakiem<\/strong>, warto by\u0107 polskim patriot\u0105. Tak\u017ce na \u015al\u0105sku.<\/p>\r\n<p><strong>Aby to wykaza\u0107 mo\u017cna si\u0119 odwo\u0142ywa\u0107 do dumnej tradycji powsta\u0144 \u015bl\u0105skich<\/strong>, kiedy to ch\u0142opscy i robotniczy mieszka\u0144cy \u015al\u0105ska bronili swojej to\u017csamo\u015bci przed przewag\u0105 niemieckich warstw posiadaj\u0105cych. Czy do dramatycznego czynu wiernych Polsce \u015al\u0105zak\u00f3w, kt\u00f3rzy ponie\u015bli najstraszliwsz\u0105 cen\u0119 przywi\u0105zania do zamordowanej polskiej pa\u0144stwowo\u015bci w czasie drugiej wojny \u015bwiatowej. <strong>Do przelanej krwi tysi\u0119cy polskich patriot\u00f3w<\/strong>, dawnych powsta\u0144c\u00f3w, \u017co\u0142nierzy, harcerzy. Do postawy tych, kt\u00f3rzy zachowywali polsko\u015b\u0107 w warunkach najstraszliwszych.<\/p>\r\n<p><strong>Ale mo\u017cna si\u0119 te\u017c odwo\u0142a\u0107 do wsp\u00f3\u0142czesnego m\u0105drego patriotyzmu nakierowanego na tworzenie ekonomicznej si\u0142y tego regionu. <\/strong>Nie zapewni\u0105 tej si\u0142y wywo\u0142ywane sztucznie wa\u015bnie, ani ogl\u0105danie si\u0119 na inne kraje, dla kt\u00f3rych \u015al\u0105sk b\u0119dzie zawsze tylko drugoplanow\u0105 peryferi\u0105.<strong> Powodzenie zale\u017cy od \u0142\u0105czno\u015bci z Pa\u0144stwem Polskim, i od wsp\u00f3\u0142dzia\u0142ania wszystkich mieszka\u0144c\u00f3w regionu: miejscowych i przyjezdnych. <\/strong>Tych, kt\u00f3rzy byli tu zawsze i tych, kt\u00f3rzy osiedlili si\u0119 tu w ostatnich dziesi\u0119cioleciach, ale przecie\u017c tak\u017ce mieli sw\u00f3j udzia\u0142 w dorobku regionu, tak\u017ce do\u0142o\u017cyli swoj\u0105 cegie\u0142k\u0119 do tego, z czego \u015al\u0105sk jest dumny.<\/p>\r\n<p><strong>Apelujemy do mieszka\u0144c\u00f3w \u015al\u0105ska: nie traktujcie komunistycznych patologii czy nawet b\u0142\u0119d\u00f3w III RP wobec tej ziemi jako dziedzicznej winy Polski i Polak\u00f3w. <\/strong>Ta wina ma zawsze konkretnego sprawc\u0119, a sprawcy ci krzywdzili tak\u017ce inne cz\u0119\u015bci Polski. Tylko utrzymanie jedno\u015bci tego regionu z reszt\u0105 Polski, naturalnie przy poszanowaniu jego specyfiki, pozwoli na sensowny rozw\u00f3j, na pe\u0142ne wykorzystanie jego potencja\u0142u. Rozniecanie sztucznych podzia\u0142\u00f3w nie przyniesie nic dobrego, nikomu. <strong>Odwet za realne lub domniemane krzywdy stanie si\u0119 \u017ar\u00f3d\u0142em kolejnej krzywdy<\/strong> &#8211; cho\u0107by Polak\u00f3w z innych cz\u0119\u015bci Polski, tak\u017ce tych Polsce zabranych, kt\u00f3rzy przybyli na \u015al\u0105sk i s\u0105 ju\u017c &#8222;st\u0105d&#8221;.<\/p>\r\n<p><strong>Przyznawajmy si\u0119 zatem przy okazji spisu do polsko\u015bci i oka\u017cmy sobie nawzajem solidarno\u015b\u0107. To p\u00f3\u0142 sukcesu. Reszta b\u0119dzie zale\u017ca\u0142a od nas samych.<\/strong><\/p>\r\n<p>Swoje podpis pod listem mo\u017cna z\u0142o\u017cy\u0107 na portalu wPolityce.pl<\/p>\r\n<p><strong>Podpisy:<\/strong><\/p>\r\n<p><br \/>Jacek Karnowski, red. naczelny portalu wPolityce.pl<br \/>dr Barbara Fedyszak-Radziejowska, socjolog<br \/>Piotr Zaremba, dziennikarz<br \/>prof. Ryszard Legutko, filozof<br \/>Jaros\u0142aw Marek Rymkiewicz, Poeta<br \/>Zuzanna Kurtyka<br \/>Zbigniew Romaszewski, wicemarsza\u0142ek Senatu<br \/>prof. Zdzis\u0142aw Krasnod\u0119bski, socjolog<br \/>Krzysztof Skowro\u0144ski, dziennikarz<br \/>Piotr Gabryel, dziennikarz<br \/>Marek Jurek, b. marsza\u0142ek Sejmu<br \/>Krzysztof Czaba\u0144ski, dziennikarz<br \/>Piotr Semka, dziennikarz<br \/>Dariusz Kar\u0142owicz, filozof<br \/>Marek Pyza, dziennikarz<br \/>Bronis\u0142aw Wildstein, dziennikarz<br \/>Micha\u0142 Karnowski, dziennikarz<br \/>Marian Pi\u0142ka, polityk<br \/>\u0141ukasz Warzecha, dziennikarz<br \/>Pawe\u0142 Nowacki, dziennikarz<br \/>Teresa Bochwic, dziennikarka<br \/>Jan Pospieszalski, dziennikarz<br \/>Ewa \u015awieci\u0144ska, dziennikarz, re\u017cyser<br \/>Anita Gargas, dziennikarz<br \/>S\u0142awomir Cenckiewicz, historyk<br \/>Bart\u0142omiej Wr\u00f3blewski, dziennikarz<br \/>Krzysztof Karwowski, dziennikarz<br \/>Marcin Wik\u0142o, dziennikarz<br \/>Joanna Lichocka, dziennikarka<br \/>Artur Bazak, dziennikarz<br \/>Wiktor \u015awietlik, dziennikarz<\/p>\r\n<p><strong>Sw\u00f3j podpis pod listem mo\u017cna z\u0142o\u017cy\u0107 pisz\u0105c na adres:<\/strong><\/p>\r\n<p><strong>listdoslazakow@gmail.com<\/strong><\/p>\r\n<p>(prosimy o podanie imienia, nazwiska oraz miasta lub wojew\u00f3dztwo)<\/p>\r\n<p><strong>lub te\u017c wpisuj\u0105c si\u0119 pod tym tekstem<\/strong> (r\u00f3wnie\u017c prosimy o podanie imienia, nazwiska oraz miasta lub wojew\u00f3dztwo. Nazwiska z komentarzy zostan\u0105 zebrane i r\u00f3wnie\u017c do\u0142\u0105czone do listy sygnatariuszy).<\/p>","protected":false},"excerpt":{"rendered":"Pierwszego kwietnia zaczyna si\u0119 spis powszechny. Ruch Autonomii \u015al\u0105ska &#8211; organizacja, kt\u00f3rej liderzy w swoich wypowiedziach dopuszczaj\u0105 brak lojalno\u015bci wobec Pa\u0144stwa Polskiego &#8211; nawo\u0142uje obywateli do deklarowania narodowo\u015bci \u015bl\u0105skiej. W ten spos\u00f3b rutynowa procedura spisu mo\u017ce si\u0119 zmieni\u0107 w plebiscyt: za czy przeciw polsko\u015bci tego regionu. Taki plebiscyt uwa\u017camy za niepokoj\u0105cy. Mi\u0142o\u015b\u0107 do tej konkretnej [&hellip;]","protected":false},"author":3,"featured_media":0,"comment_status":"closed","ping_status":"closed","sticky":false,"template":"","format":"standard","meta":{"_acf_changed":false,"_monsterinsights_skip_tracking":false,"_monsterinsights_sitenote_active":false,"_monsterinsights_sitenote_note":"","_monsterinsights_sitenote_category":0,"ngg_post_thumbnail":0,"footnotes":"","_wp_rev_ctl_limit":""},"categories":[8],"tags":[98],"acf":[],"_links":{"self":[{"href":"https:\/\/www.bibula.com\/index.php?rest_route=\/wp\/v2\/posts\/35544"}],"collection":[{"href":"https:\/\/www.bibula.com\/index.php?rest_route=\/wp\/v2\/posts"}],"about":[{"href":"https:\/\/www.bibula.com\/index.php?rest_route=\/wp\/v2\/types\/post"}],"author":[{"embeddable":true,"href":"https:\/\/www.bibula.com\/index.php?rest_route=\/wp\/v2\/users\/3"}],"replies":[{"embeddable":true,"href":"https:\/\/www.bibula.com\/index.php?rest_route=%2Fwp%2Fv2%2Fcomments&post=35544"}],"version-history":[{"count":0,"href":"https:\/\/www.bibula.com\/index.php?rest_route=\/wp\/v2\/posts\/35544\/revisions"}],"wp:attachment":[{"href":"https:\/\/www.bibula.com\/index.php?rest_route=%2Fwp%2Fv2%2Fmedia&parent=35544"}],"wp:term":[{"taxonomy":"category","embeddable":true,"href":"https:\/\/www.bibula.com\/index.php?rest_route=%2Fwp%2Fv2%2Fcategories&post=35544"},{"taxonomy":"post_tag","embeddable":true,"href":"https:\/\/www.bibula.com\/index.php?rest_route=%2Fwp%2Fv2%2Ftags&post=35544"}],"curies":[{"name":"wp","href":"https:\/\/api.w.org\/{rel}","templated":true}]}}