{"id":35449,"date":"2011-03-30T10:41:14","date_gmt":"2011-03-30T15:41:14","guid":{"rendered":"http:\/\/www.bibula.com\/?p=35449"},"modified":"2011-03-30T10:41:14","modified_gmt":"2011-03-30T15:41:14","slug":"facebook-banuje-na-polecenie-izraela","status":"publish","type":"post","link":"https:\/\/www.bibula.com\/?p=35449","title":{"rendered":"Facebook banuje na polecenie Izraela"},"content":{"rendered":"<p><strong>Znany i popularny ostatnio portal  spo\u0142eczno\u015bciowy Facebook, zbanowa\u0142 konto Trzeciej Palesty\u0144skiej  Intifady, na specjaln\u0105 pro\u015bb\u0119 izraelskiego ministra w rz\u0105dzie partii  Likud.<\/strong><\/p>\r\n<p>Yuli Edelstein, bo o nim mowa, wys\u0142a\u0142  list do administracji Facebooka. I co? I strona, kt\u00f3r\u0105 &#8222;polubi\u0142o\u201d ponad  350, 000 os\u00f3b, zosta\u0142a skasowana. Edelstein napisa\u0142 do za\u0142o\u017cyciela FB,  Marka Zuckerberga (nie, zestawienie tych nazwisk nie jest antysemickim  spiskiem), \u017ce Palesty\u0144czycy na tej stronie nawo\u0142ywali do zabijania \u017byd\u00f3w  w Jerozolimie i zbrojnego powstania. Trudno zweryfikowa\u0107 t\u0119 informacj\u0119  bior\u0105c pod uwag\u0119, \u017ce strona, na kt\u00f3rej mia\u0142a si\u0119 ona znajdowa\u0107, ju\u017c nie  istnieje, niemniej jednak pisz\u0105cy tego newsa akurat zada\u0142 sobie trud  przet\u0142umaczenia z arabskiego ok. kilkunastu komunikat\u00f3w z tablicy, gdzie  by\u0142a mowa o wielkiej, ale pokojowej demonstracji.<\/p>\r\n<p>To si\u0119 nazywa skuteczny lobbing. Tyle,  \u017ce pan Edelstein, jak i pozostali syjoni\u015bci, mo\u017ce si\u0119 na nim skutecznie  przejecha\u0107. Albowiem je\u015bli kto\u015b zatamuje rw\u0105cy potok, to woda zacznie  wzbiera\u0107, a\u017c w ko\u0144cu rozwali tam\u0119 z pot\u0119\u017cn\u0105 si\u0142\u0105 i zatopi to, co  znajduje si\u0119 za ni\u0105. Palesty\u0144czycy chc\u0105 wyj\u015b\u0107 na ulice w &#8222;Dniu Gniewu\u201d  15 maja, w rocznic\u0119 powstania Pa\u0144stwa \u017bydowskiego.<\/p>\r\n<p>Za: <a href=\"http:\/\/news.yahoo.com\/s\/ap\/20110329\/ap_on_re_mi_ea\/ml_israel_facebook\">Yahoo News<\/a><\/p>","protected":false},"excerpt":{"rendered":"Znany i popularny ostatnio portal spo\u0142eczno\u015bciowy Facebook, zbanowa\u0142 konto Trzeciej Palesty\u0144skiej Intifady, na specjaln\u0105 pro\u015bb\u0119 izraelskiego ministra w rz\u0105dzie partii Likud. Yuli Edelstein, bo o nim mowa, wys\u0142a\u0142 list do administracji Facebooka. I co? I strona, kt\u00f3r\u0105 &#8222;polubi\u0142o\u201d ponad 350, 000 os\u00f3b, zosta\u0142a skasowana. Edelstein napisa\u0142 do za\u0142o\u017cyciela FB, Marka Zuckerberga (nie, zestawienie tych nazwisk [&hellip;]","protected":false},"author":1,"featured_media":0,"comment_status":"closed","ping_status":"closed","sticky":false,"template":"","format":"standard","meta":{"_acf_changed":false,"_monsterinsights_skip_tracking":false,"_monsterinsights_sitenote_active":false,"_monsterinsights_sitenote_note":"","_monsterinsights_sitenote_category":0,"ngg_post_thumbnail":0,"footnotes":"","_wp_rev_ctl_limit":""},"categories":[6],"tags":[16,61,53],"acf":[],"_links":{"self":[{"href":"https:\/\/www.bibula.com\/index.php?rest_route=\/wp\/v2\/posts\/35449"}],"collection":[{"href":"https:\/\/www.bibula.com\/index.php?rest_route=\/wp\/v2\/posts"}],"about":[{"href":"https:\/\/www.bibula.com\/index.php?rest_route=\/wp\/v2\/types\/post"}],"author":[{"embeddable":true,"href":"https:\/\/www.bibula.com\/index.php?rest_route=\/wp\/v2\/users\/1"}],"replies":[{"embeddable":true,"href":"https:\/\/www.bibula.com\/index.php?rest_route=%2Fwp%2Fv2%2Fcomments&post=35449"}],"version-history":[{"count":0,"href":"https:\/\/www.bibula.com\/index.php?rest_route=\/wp\/v2\/posts\/35449\/revisions"}],"wp:attachment":[{"href":"https:\/\/www.bibula.com\/index.php?rest_route=%2Fwp%2Fv2%2Fmedia&parent=35449"}],"wp:term":[{"taxonomy":"category","embeddable":true,"href":"https:\/\/www.bibula.com\/index.php?rest_route=%2Fwp%2Fv2%2Fcategories&post=35449"},{"taxonomy":"post_tag","embeddable":true,"href":"https:\/\/www.bibula.com\/index.php?rest_route=%2Fwp%2Fv2%2Ftags&post=35449"}],"curies":[{"name":"wp","href":"https:\/\/api.w.org\/{rel}","templated":true}]}}