{"id":35430,"date":"2011-03-29T21:59:45","date_gmt":"2011-03-30T02:59:45","guid":{"rendered":"http:\/\/www.bibula.com\/?p=35430"},"modified":"2011-03-29T21:59:45","modified_gmt":"2011-03-30T02:59:45","slug":"klamstwo-ma-krotkie-nogi-to-rzecznik-prasowy-minister-katarzyny-hall-zaslonil-krzyz","status":"publish","type":"post","link":"https:\/\/www.bibula.com\/?p=35430","title":{"rendered":"K\u0142amstwo ma kr\u00f3tkie nogi: To rzecznik prasowy minister Katarzyny Hall zas\u0142oni\u0142 krzy\u017c"},"content":{"rendered":"<p><strong><em>Dzi\u0119ki relacji telewizyjnej pracownicy katolickiej szko\u0142y we W\u0142oc\u0142awku rozpoznali osob\u0119, kt\u00f3ra przykry\u0142a krzy\u017c bannerem. Okaza\u0142o si\u0119, \u017ce to urz\u0119dnik z resortu edukacji<\/em><\/strong><\/p>\r\n<p><strong>To Grzegorz \u0179urawski, rzecznik prasowy minister edukacji,  w\u0142asnor\u0119cznie zas\u0142oni\u0142 krzy\u017c przed spotkaniem szefowej resortu z  przedstawicielami samorz\u0105d\u00f3w i dyrektorami szk\u00f3\u0142 regionu w Zespole Szk\u00f3\u0142  Katolickich im. ks. Jana D\u0142ugosza we W\u0142oc\u0142awku. Wcze\u015bniej si\u0119 tego  wypiera\u0142. Twierdzi\u0142 nawet, \u017ce krzy\u017c zas\u0142onili&#8230; organizatorzy.  Zidentyfikowa\u0142 go jednak dyrektor szko\u0142y.<\/strong><br \/><br \/>Do incydentu dosz\u0142o  podczas wizyty Katarzyny Hall we W\u0142oc\u0142awku. Szefowa Ministerstwa  Edukacji Narodowej wzi\u0119\u0142a udzia\u0142 w spotkaniu &#8222;Dok\u0105d zmierza polska  szko\u0142a &#8211; planowane zmiany w edukacji&#8221;, kt\u00f3re odby\u0142o si\u0119 w Zespole Szk\u00f3\u0142  Katolickich im. ks. Jana D\u0142ugosza. Z inicjatyw\u0105 jego zorganizowania  wyst\u0105pi\u0142a przewodnicz\u0105ca sejmowej podkomisji do spraw jako\u015bci  kszta\u0142cenia i wychowania pose\u0142 Domicela Kopaczewska (PO).<\/p>\r\n<p>Minister  mia\u0142a przemawia\u0107 na tle panoramy W\u0142oc\u0142awka, z zarysowan\u0105 w tle katedr\u0105 i  zabudow\u0105. W centrum &#8211; krzy\u017c na tamie, ustawiony w miejscu, z kt\u00f3rego  oprawcy zrzucili do wody cia\u0142o b\u0142ogos\u0142awionego ks. Jerzego Popie\u0142uszki.<\/p>\r\n<p>Jednak  tu\u017c przed wej\u015bciem minister Hall na aul\u0119 wicedyrektor szko\u0142y Katarzyna  Zarzecka zauwa\u017cy\u0142a, \u017ce krzy\u017c zosta\u0142 zas\u0142oni\u0119ty bannerem z napisem  &#8222;W\u0142oc\u0142awek&#8221;. Przesun\u0119\u0142a banner, ale po chwili ponownie zas\u0142ania\u0142 on  krucyfiks. Dopu\u015bci\u0142 si\u0119 tego urz\u0119dnik towarzysz\u0105cy szefowej MEN, kt\u00f3ry w  rozmowie z wicedyrektor stanowczo zakaza\u0142 jej przesuwania tego  elementu. &#8211; To ma zas\u0142ania\u0107 krzy\u017c &#8211; us\u0142ysza\u0142a. Nie pomog\u0142y \u017cadne  argumenty, jak cho\u0107by ten, \u017ce jest to po prostu zdj\u0119cie miasta. &#8211; To  tylko pani to wie, a my nie jeste\u015bmy na spotkaniu modlitewnym &#8211; wypali\u0142  m\u0119\u017cczyzna, kt\u00f3ry nie przedstawi\u0142 si\u0119 wtedy z imienia i nazwiska.<\/p>\r\n<p>Wicedyrektor  nie zd\u0105\u017cy\u0142a ju\u017c nic wi\u0119cej zrobi\u0107, bo na aul\u0119 wkroczy\u0142a minister.  Zapytany przez &#8222;Nasz Dziennik&#8221; o to zaj\u015bcie rzecznik prasowy resortu  edukacji Grzegorz \u0179urawski przekonywa\u0142 17 marca, \u017ce krzy\u017c zosta\u0142  zas\u0142oni\u0119ty przez jednego z organizator\u00f3w, a nie przez osob\u0119 z otoczenia  Katarzyny Hall.<\/p>\r\n<p>Ale k\u0142amstwo ma kr\u00f3tkie nogi. Dyrektorowi Zespo\u0142u  Szk\u00f3\u0142 Katolickich im. ks. Jana D\u0142ugosza we W\u0142oc\u0142awku bardzo zale\u017ca\u0142o na  ustaleniu sprawcy, zw\u0142aszcza po tym, jak rzecznik MEN publicznie  podzieli\u0142 si\u0119 swoimi podejrzeniami. Ksi\u0105dz dr Jacek K\u0119dzierski obejrza\u0142  wi\u0119c w telewizji relacj\u0119 z tego spotkania i zapozna\u0142 si\u0119 ze zdj\u0119ciami na  stronach internetowych resortu edukacji. Po konsultacji z wicedyrektor  szko\u0142y Katarzyn\u0105 Zarzeck\u0105 uzyska\u0142 pewno\u015b\u0107, \u017ce krzy\u017c zas\u0142ania\u0142 bannerem  Grzegorz \u0179urawski we w\u0142asnej osobie.<br \/>Ksi\u0105dz by\u0142 tym odkryciem  wstrz\u0105\u015bni\u0119ty. &#8211; Rozumiem, \u017ce sytuacja by\u0142a niezr\u0119czna, ale mo\u017cna by\u0142o z  niej wyj\u015b\u0107 z honorem, chocia\u017cby pisz\u0105c do mnie list czy nawet zadzwoni\u0107 i  powiedzie\u0107, \u017ce by\u0142o to niefortunne, nie do ko\u0144ca przemy\u015blane zaj\u015bcie.  Tymczasem kiedy udziela si\u0119 takiej, a nie innej wypowiedzi w prasie, to  jest to skandal. Zar\u00f3wno ja, jak i wicedyrektor szko\u0142y jeste\u015bmy w stu  procentach pewni, \u017ce to by\u0142 pan \u0179urawski. Ma\u0142o tego, w razie jakich\u015b  w\u0105tpliwo\u015bci jeste\u015bmy gotowi do konfrontacji z tym panem, a je\u017celi  zajdzie potrzeba &#8211; potwierdzimy to przed s\u0105dem &#8211; zapowiada ks. dr Jacek  K\u0119dzierski.<\/p>\r\n<p>Sposobno\u015b\u0107 ku temu mo\u017ce si\u0119 wkr\u00f3tce nadarzy\u0107. &#8211; Dziwi  mnie, \u017ce niekt\u00f3rzy widz\u0105 problem i wykazuj\u0105 z\u0142\u0105 wol\u0119, \u017ceby robi\u0107 z tego  jak\u0105\u015b afer\u0119. Je\u017celi pan chce dr\u0105\u017cy\u0107, to prosz\u0119, mo\u017cna nawet  przeprowadzi\u0107 post\u0119powanie prokuratorskie w tej sprawie. Rzeczywi\u015bcie  by\u0142a to niezr\u0119czno\u015b\u0107, \u017ce ten banner tam sta\u0142. Trzeba jednak du\u017co z\u0142ej  woli, \u017ceby robi\u0107 z tego jak\u0105\u015b afer\u0119 walki z krzy\u017cem &#8211; powiedzia\u0142a  wczoraj &#8222;Naszemu Dziennikowi&#8221; pose\u0142 PO Domicela Kopaczewska.<\/p>\r\n<p>Ksi\u0105dz  dr Jacek K\u0119dzierski nie ukrywa, \u017ce tak\u017ce inni pracownicy widzieli  zaj\u015bcie z udzia\u0142em rzecznika MEN. &#8211; Jest jeszcze co najmniej jedna  osoba, kt\u00f3ra wprawdzie nie s\u0142ysza\u0142a dialogu pomi\u0119dzy wicedyrektor  Zarzeck\u0105 a panem \u0179urawskim, ale rozpozna\u0142a rzecznika MEN jako osob\u0119,  kt\u00f3ra zas\u0142ania\u0142a krzy\u017c &#8211; m\u00f3wi dyrektor katolickiej szko\u0142y. <br \/>Jak  relacjonuje, od razu zauwa\u017cy\u0142, \u017ce minister Katarzyna Hall doskonale  zna\u0142a tego cz\u0142owieka, bo przekazywa\u0142a mu kwiaty i prezenty, kt\u00f3re  otrzyma\u0142a, z pro\u015bb\u0105, by zani\u00f3s\u0142 je do samochodu. &#8211; To zdumiewaj\u0105ce, \u017ce  cz\u0142owiek, kt\u00f3ry zas\u0142ania\u0142 dekoracj\u0119 krzy\u017ca, na \u0142amach &#8222;Naszego  Dziennika&#8221; nie przyznaje si\u0119, zrzucaj\u0105c win\u0119 na organizator\u00f3w &#8211; dziwi  si\u0119 ks. K\u0119dzierski.<br \/><br \/><strong>\u0179urawski sznuruje usta<\/strong><br \/>Co na to  rzecznik MEN? Wczoraj odm\u00f3wi\u0142 odpowiedzi na pytanie, dlaczego dwukrotnie  28 lutego br. zas\u0142oni\u0142 krzy\u017c i dlaczego nie przyzna\u0142 si\u0119 do tego od  razu. Skomentowa\u0142 jedynie, \u017ce nie jest to temat, kt\u00f3ry powinna porusza\u0107  rzetelna gazeta, a rozmowa o tym uw\u0142acza mu jako katolikowi. &#8211; Na tak  postawione pytanie odmawiam panu odpowiedzi. Nie b\u0119d\u0119 komentowa\u0142  donos\u00f3w. Dziwi\u0119 si\u0119, \u017ce pa\u0144stwo zajmuj\u0105 si\u0119 takimi tematami. Natomiast  nie interesuje pa\u0144stwa, co by\u0142o tematem spotkania, z jakimi problemami  przyszli tam nauczyciele &#8211; m\u00f3wi Grzegorz \u0179urawski.<br \/>Rzecznik twierdzi,  \u017ce decyzja o tym, jak b\u0119dzie wygl\u0105da\u0142 wystr\u00f3j sali, nie zapada\u0142a w  otoczeniu minister Hall. &#8211; Nie my podejmowali\u015bmy takie decyzje. Dlatego  prosz\u0119 nie anga\u017cowa\u0107 MEN w dyskusj\u0119 na temat wystroju sali &#8211; stwierdzi\u0142  \u0179urawski, zarzucaj\u0105c &#8222;Naszemu Dziennikowi&#8221;, jakoby robi\u0142 wok\u00f3\u0142 tej  sprawy &#8222;polityczn\u0105 zawieruch\u0119&#8221;.<br \/><br \/><strong>M\u0142odzie\u017c patrzy i ocenia<\/strong><br \/>Jednak  nie o wystr\u00f3j sali tu przecie\u017c chodzi, a o obsesyjn\u0105 wr\u0119cz niech\u0119\u0107 do  krzy\u017ca, manifestowan\u0105 ju\u017c np. na Krakowskim Przedmie\u015bciu. Pose\u0142  Stanis\u0142aw O\u017c\u00f3g (PiS), kt\u00f3ry wystosowa\u0142 do minister Katarzyny Hall  interpelacj\u0119 poselsk\u0105 z \u017c\u0105daniem wyja\u015bnienia na pi\u015bmie tego, co  wydarzy\u0142o si\u0119 28 lutego we W\u0142oc\u0142awku, jest zbulwersowany faktem, \u017ce  rzecznik MEN pozwoli\u0142 sobie na zas\u0142anianie znaku m\u0119cze\u0144stwa Chrystusa.  Zapowiada, \u017ce po ujawnieniu nowych fakt\u00f3w w tej sprawie interpelacj\u0119  uzupe\u0142ni zapytaniem poselskim.<\/p>\r\n<p>&#8211; B\u0119d\u0119 si\u0119 domaga\u0142 od minister Hall  odpowiedzi na pytanie, czy wie, \u017ce zrobi\u0142 to jej rzecznik prasowy  Grzegorz \u0179urawski i czy jest codzienn\u0105 praktyk\u0105 w resorcie, \u017ce ten pan w  taki spos\u00f3b przygotowuje t\u0142o spotka\u0144 pani minister w plac\u00f3wkach  o\u015bwiatowych, kulturalnych, gdzie s\u0105 symbole naszej wiary  chrze\u015bcija\u0144skiej. Ma\u0142o tego, czy w obiektach, gdzie widniej\u0105 symbole  innych wyzna\u0144: islamu czy judaizmu, r\u00f3wnie\u017c zachowuje si\u0119 podobnie &#8211;  zapowiada pose\u0142 O\u017c\u00f3g.<\/p>\r\n<p>Parlamentarzysta zastanawia si\u0119, czy podobne  zachowania maj\u0105 si\u0119 sta\u0107 codzienn\u0105 praktyk\u0105 tego rz\u0105du. &#8211; B\u0119d\u0119  dociekliwy i zapytam, czy ten rz\u0105d planuje zmian\u0119 odznacze\u0144, bo je\u017celi  komu\u015b nie podoba si\u0119 krzy\u017c, to mo\u017ce np. Krzy\u017c Zas\u0142ugi wed\u0142ug Platformy  Obywatelskiej zostanie zast\u0105piony innym odznaczeniem &#8211; m\u00f3wi O\u017c\u00f3g.<\/p>\r\n<p>Miliony  wierz\u0105cych Polak\u00f3w poczu\u0142y si\u0119 ura\u017cone zachowaniem rzecznika prasowego  MEN. &#8211; Czy jest to element edukacji, wychowania, w og\u00f3le sprawowania  w\u0142adzy proponowany przez rz\u0105d PO &#8211; PSL? Obecnie rz\u0105dz\u0105cy zapominaj\u0105 o  s\u0142u\u017cebnej roli w\u0142adzy wobec Narodu. To nie s\u0142u\u017cba, tylko w\u0142adztwo. Do  czego ma to prowadzi\u0107? &#8211; pyta pose\u0142. W jego ocenie, trudno mie\u0107 zaufanie  do resortu i do rz\u0105du, kt\u00f3ry w taki spos\u00f3b zamierza wychowywa\u0107 m\u0142odzie\u017c  i pokazywa\u0107 wzorce do na\u015bladowania. &#8211; Czy tacy ludzie, kt\u00f3rzy ok\u0142amuj\u0105  spo\u0142ecze\u0144stwo, zas\u0142uguj\u0105 na to, by w dalszym ci\u0105gu pe\u0142ni\u0107 te eksponowane  stanowiska? Rzecznik prasowy jest swego rodzaju ustami resortu i  ministra. Je\u017celi przez usta takiego rzecznika p\u0142yn\u0105 informacje o  dzia\u0142aniach resortu, to tylko pozazdro\u015bci\u0107 wiarygodno\u015bci &#8211; puentuje  pose\u0142 Stanis\u0142aw O\u017c\u00f3g.<br \/><br \/><em><strong>Mariusz Kamieniecki<\/strong><\/em><\/p>\r\n<p>&nbsp;<\/p>\r\n<blockquote>\r\n<h2>Nie chodzi\u0142o o przestawienie krzes\u0142a<\/h2>\r\n<p><strong>Ks. bp dr Edward Frankowski, biskup pomocniczy diecezji sandomierskiej:<\/strong><\/p>\r\n<hr \/>\r\n<p>Je\u017celi  kto\u015b dopuszcza si\u0119 usuni\u0119cia krzy\u017ca b\u0105d\u017a zas\u0142ania krzy\u017c, to musi mie\u0107 w  tym okre\u015blony cel. Niewykluczone, \u017ce osoba, kt\u00f3ra si\u0119 tego dopu\u015bci\u0142a we  W\u0142oc\u0142awku, mia\u0142a ide\u0119 zgodn\u0105 z tendencj\u0105 obowi\u0105zuj\u0105c\u0105 w Europie. By\u0107  mo\u017ce w ten w\u0142a\u015bnie spos\u00f3b chcia\u0142a wybawi\u0107 pani\u0105 minister od aluzji czy  te\u017c komentarzy, \u017ce wyst\u0119puje na tle krzy\u017ca. Jest to albo nadgorliwo\u015b\u0107  tego cz\u0142owieka, albo te\u017c zamierzone dzia\u0142anie, zgodne z obowi\u0105zuj\u0105cymi  wytycznymi.<\/p>\r\n<p>Czynu, z jakim mieli\u015bmy do czynienia w Zespole Szk\u00f3\u0142  Katolickich im. ks. Jana D\u0142ugosza we W\u0142oc\u0142awku, dokonano publicznie,  zosta\u0142 te\u017c on zauwa\u017cony przez wszystkich. We\u017amy pod uwag\u0119, \u017ce nie  mieli\u015bmy tu do czynienia z przestawieniem krzes\u0142a czy jakiego\u015b innego  mebla, nie by\u0142 to te\u017c \u017caden drobiazg, ale by\u0142o to zas\u0142oni\u0119cie krzy\u017ca!  Ten czyn by\u0142 zatem pewnego rodzaju zaparciem si\u0119 Chrystusa, i to  zaparciem publicznym. Je\u017celi w tak uroczystym momencie zas\u0142ania si\u0119  krzy\u017c, to mo\u017ce oznacza\u0107, \u017ce jest on by\u0107 mo\u017ce przeszkod\u0105 w osi\u0105gni\u0119ciu  cel\u00f3w, jakie stawia sobie pani minister.<br \/>Jest to niezrozumia\u0142e i nie  do zaakceptowania, \u017ceby w ten spos\u00f3b traktowa\u0107 krzy\u017c &#8211; jako znak, kt\u00f3ry  przeszkadza w celach dydaktycznych, bo tak przecie\u017c nale\u017cy traktowa\u0107  wizyt\u0119 ministra edukacji w szkole, i to w szkole katolickiej. Takie  zachowanie nale\u017cy okre\u015bli\u0107 jako skandaliczne i ka\u017cda gazeta ma prawo  zapyta\u0107 o to i uzyska\u0107 rzeteln\u0105 odpowied\u017a na temat intencji takiego  post\u0119powania.<br \/><br \/><em><strong>not. MaK<\/strong><\/em><\/p>\r\n<p class=\"zrodlo\">Za: <a href=\"http:\/\/www.naszdziennik.pl\/index.php?typ=po&amp;dat=20110330&amp;id=main\">Nasz Dziennik, \u015aroda, 30 marca 2011, Nr 74 (4005)<\/a><\/p>\r\n<\/blockquote>","protected":false},"excerpt":{"rendered":"Dzi\u0119ki relacji telewizyjnej pracownicy katolickiej szko\u0142y we W\u0142oc\u0142awku rozpoznali osob\u0119, kt\u00f3ra przykry\u0142a krzy\u017c bannerem. Okaza\u0142o si\u0119, \u017ce to urz\u0119dnik z resortu edukacji To Grzegorz \u0179urawski, rzecznik prasowy minister edukacji, w\u0142asnor\u0119cznie zas\u0142oni\u0142 krzy\u017c przed spotkaniem szefowej resortu z przedstawicielami samorz\u0105d\u00f3w i dyrektorami szk\u00f3\u0142 regionu w Zespole Szk\u00f3\u0142 Katolickich im. ks. Jana D\u0142ugosza we W\u0142oc\u0142awku. Wcze\u015bniej si\u0119 [&hellip;]","protected":false},"author":1,"featured_media":0,"comment_status":"closed","ping_status":"closed","sticky":false,"template":"","format":"standard","meta":{"_acf_changed":false,"_monsterinsights_skip_tracking":false,"_monsterinsights_sitenote_active":false,"_monsterinsights_sitenote_note":"","_monsterinsights_sitenote_category":0,"ngg_post_thumbnail":0,"footnotes":"","_wp_rev_ctl_limit":""},"categories":[8],"tags":[132,98],"acf":[],"_links":{"self":[{"href":"https:\/\/www.bibula.com\/index.php?rest_route=\/wp\/v2\/posts\/35430"}],"collection":[{"href":"https:\/\/www.bibula.com\/index.php?rest_route=\/wp\/v2\/posts"}],"about":[{"href":"https:\/\/www.bibula.com\/index.php?rest_route=\/wp\/v2\/types\/post"}],"author":[{"embeddable":true,"href":"https:\/\/www.bibula.com\/index.php?rest_route=\/wp\/v2\/users\/1"}],"replies":[{"embeddable":true,"href":"https:\/\/www.bibula.com\/index.php?rest_route=%2Fwp%2Fv2%2Fcomments&post=35430"}],"version-history":[{"count":0,"href":"https:\/\/www.bibula.com\/index.php?rest_route=\/wp\/v2\/posts\/35430\/revisions"}],"wp:attachment":[{"href":"https:\/\/www.bibula.com\/index.php?rest_route=%2Fwp%2Fv2%2Fmedia&parent=35430"}],"wp:term":[{"taxonomy":"category","embeddable":true,"href":"https:\/\/www.bibula.com\/index.php?rest_route=%2Fwp%2Fv2%2Fcategories&post=35430"},{"taxonomy":"post_tag","embeddable":true,"href":"https:\/\/www.bibula.com\/index.php?rest_route=%2Fwp%2Fv2%2Ftags&post=35430"}],"curies":[{"name":"wp","href":"https:\/\/api.w.org\/{rel}","templated":true}]}}