{"id":3542,"date":"2008-11-26T08:55:46","date_gmt":"2008-11-26T13:55:46","guid":{"rendered":"http:\/\/www.bibula.com\/?p=3542"},"modified":"2008-11-26T08:57:44","modified_gmt":"2008-11-26T13:57:44","slug":"swiety-obama-chodzi-na-silownie-zamiast-do-kosciola","status":"publish","type":"post","link":"https:\/\/www.bibula.com\/?p=3542","title":{"rendered":"&#8222;\u015awi\u0119ty&#8221; Obama chodzi na si\u0142owni\u0119 zamiast do ko\u015bcio\u0142a"},"content":{"rendered":"<p>Kampania prezydencka si\u0119 sko\u0144czy\u0142a i &#8222;\u015bwi\u0119temu&#8221; Obamie przestaje by\u0107 chwilowo potrzebny wizerunek pobo\u017cliwego chrze\u015bcijanina. Zd\u0105\u017cy\u0142 uwie\u015b\u0107 ju\u017c wystarczaj\u0105c\u0105 ilo\u015b\u0107 wyborc\u00f3w, ob\u0142\u0105kanych kazaniami baptystycznych pastor\u00f3w i medialnym jazgotem liberalno-rasistowskich str\u0119czycieli, i teraz mo\u017ce skupi\u0107 si\u0119 na wizerunku d\u0142ugofalowym, a przede wszystkim skupi\u0107 si\u0119 dalej na sobie.<\/p>\r\n\r\n<p>Jak zauwa\u017caj\u0105 obserwatorzy, od czasu wygranych wybor\u00f3w, prezydent-elekt Barack Obama przesta\u0142 chodzi\u0107 do ko\u015bcio\u0142a i wykorzystuje wolny czas niedzielny na budowanie swoich mi\u0119\u015bni w si\u0142owni. Stanowi to wyra\u017ane odst\u0119pstwo nawet od przypadk\u00f3w Billa Clintona, czy te\u017c Georga Busha, kt\u00f3rzy nie zaprzestali ucz\u0119szczania w niedziel\u0119 do swoich ko\u015bcio\u0142\u00f3w. Rzecznik Obamy wyja\u015bni\u0142 jednak, \u017ce prezydent-elekt jest osob\u0105 bardzo szanuj\u0105c\u0105 uczucia innych i nie ucz\u0119szcza obecnie do ko\u015bcio\u0142a, gdy\u017c po prostu nie chce przeszkadza\u0107 wiernym nie przyzwyczajonym do jego obecno\u015bci i \u017ce &#8222;szuka [odpowiedniego] ko\u015bcio\u0142a w Waszyngtonie&#8221;.<\/p>\r\n\r\n<p><br class=\"spacer_\" \/><\/p>\r\n\r\n<p>Na podstawie: <a href=\"http:\/\/www.catholicnewsagency.com\/new.php?n=14440\" target=\"_blank\">Catholic Agency News<\/a><\/p>\r\n\r\n<p><br class=\"spacer_\" \/><\/p>\r\n\r\n<p><br class=\"spacer_\" \/><\/p>","protected":false},"excerpt":{"rendered":"Kampania prezydencka si\u0119 sko\u0144czy\u0142a i &#8222;\u015bwi\u0119temu&#8221; Obamie przestaje by\u0107 chwilowo potrzebny wizerunek pobo\u017cliwego chrze\u015bcijanina. Zd\u0105\u017cy\u0142 uwie\u015b\u0107 ju\u017c wystarczaj\u0105c\u0105 ilo\u015b\u0107 wyborc\u00f3w, ob\u0142\u0105kanych kazaniami baptystycznych pastor\u00f3w i medialnym jazgotem liberalno-rasistowskich str\u0119czycieli, i teraz mo\u017ce skupi\u0107 si\u0119 na wizerunku d\u0142ugofalowym, a przede wszystkim skupi\u0107 si\u0119 dalej na sobie. Jak zauwa\u017caj\u0105 obserwatorzy, od czasu wygranych wybor\u00f3w, prezydent-elekt Barack Obama [&hellip;]","protected":false},"author":1,"featured_media":0,"comment_status":"closed","ping_status":"closed","sticky":false,"template":"","format":"standard","meta":{"_acf_changed":false,"_monsterinsights_skip_tracking":false,"_monsterinsights_sitenote_active":false,"_monsterinsights_sitenote_note":"","_monsterinsights_sitenote_category":0,"ngg_post_thumbnail":0,"footnotes":"","_wp_rev_ctl_limit":""},"categories":[7],"tags":[21],"acf":[],"_links":{"self":[{"href":"https:\/\/www.bibula.com\/index.php?rest_route=\/wp\/v2\/posts\/3542"}],"collection":[{"href":"https:\/\/www.bibula.com\/index.php?rest_route=\/wp\/v2\/posts"}],"about":[{"href":"https:\/\/www.bibula.com\/index.php?rest_route=\/wp\/v2\/types\/post"}],"author":[{"embeddable":true,"href":"https:\/\/www.bibula.com\/index.php?rest_route=\/wp\/v2\/users\/1"}],"replies":[{"embeddable":true,"href":"https:\/\/www.bibula.com\/index.php?rest_route=%2Fwp%2Fv2%2Fcomments&post=3542"}],"version-history":[{"count":0,"href":"https:\/\/www.bibula.com\/index.php?rest_route=\/wp\/v2\/posts\/3542\/revisions"}],"wp:attachment":[{"href":"https:\/\/www.bibula.com\/index.php?rest_route=%2Fwp%2Fv2%2Fmedia&parent=3542"}],"wp:term":[{"taxonomy":"category","embeddable":true,"href":"https:\/\/www.bibula.com\/index.php?rest_route=%2Fwp%2Fv2%2Fcategories&post=3542"},{"taxonomy":"post_tag","embeddable":true,"href":"https:\/\/www.bibula.com\/index.php?rest_route=%2Fwp%2Fv2%2Ftags&post=3542"}],"curies":[{"name":"wp","href":"https:\/\/api.w.org\/{rel}","templated":true}]}}