{"id":35419,"date":"2011-03-29T16:33:30","date_gmt":"2011-03-29T21:33:30","guid":{"rendered":"http:\/\/www.bibula.com\/?p=35419"},"modified":"2011-03-29T16:33:30","modified_gmt":"2011-03-29T21:33:30","slug":"korupcja-w-parlamencie-europejskim","status":"publish","type":"post","link":"https:\/\/www.bibula.com\/?p=35419","title":{"rendered":"Korupcja w Parlamencie Europejskim"},"content":{"rendered":"<p><strong>W\u0142adze PE nie wpu\u015bci\u0142y \u015bledczych do biur podejrzanych  o korupcj\u0119 europos\u0142\u00f3w, skar\u017cy si\u0119 Unijny Urz\u0105d ds. Zwalczania Nadu\u017cy\u0107  Finansowych (OLAF). Rzecznik PE twierdzi natomiast, \u017ce \u015bledztwo le\u017cy w  kompetencjach organ\u00f3w narodowych, z kt\u00f3rymi b\u0119dzie wsp\u00f3\u0142pracowa\u0107. <\/strong><\/p>\r\n<p>OLAF poinformowa\u0142, \u017ce natychmiast po  zesz\u0142otygodniowej publikacji &#8222;The Sunday Times&#8221;, ujawniaj\u0105cej korupcj\u0119  trzech europos\u0142\u00f3w, zdecydowa\u0142 o otwarciu formalnego \u015bledztwa. &#8222;Ta  decyzja zosta\u0142a podj\u0119ta w \u015bwietle potencjalnej szkody dla reputacji  europejskich instytucji, interesu publicznego, jakim jest wyja\u015bnienie  sprawy, a tak\u017ce potrzeby zapobie\u017cenia zniszczeniu potencjalnych dowod\u00f3w&#8221;  &#8211; czytamy w komunikacie prasowym OLAF-u.<\/p>\r\n<p>Jednak\u017ce &#8211; dodaje komunikat &#8211; \u015bledczym OLAF-u, kt\u00f3rzy we wtorek  pr\u00f3bowali zebra\u0107 dowody z biur zainteresowanych deputowanych, odm\u00f3wiono  dost\u0119pu do biur poselskich, informuj\u0105c, \u017ce zabezpieczeniem dowod\u00f3w zajm\u0105  si\u0119 s\u0142u\u017cby ochrony PE. OLAF otrzyma\u0142 24 marca list od przewodnicz\u0105cego  Jerzego Buzka, &#8222;stwierdzaj\u0105cy, \u017ce PE nie pozwoli na \u015bledztwo na jego  terenie i prosi o dodatkowe wyja\u015bnienia w sprawie kompetencji OLAF-u do  \u015bledztwa&#8221;.<\/p>\r\n<p>Rzecznik PE potwierdzi\u0142, \u017ce \u015bledczym OLAF-u odm\u00f3wiono wst\u0119pu do biur  poniewa\u017c \u015bledztwo le\u017cy w kompetencjach organ\u00f3w narodowych. Podkre\u015bli\u0142,  \u017ce zgodnie z traktatem UE, OLAF mo\u017ce prowadzi\u0107 \u015bledztwo w sprawach,  kt\u00f3re dotykaj\u0105 interes\u00f3w finansowych UE. Tymczasem w prowokacji &#8222;The  Sunday Times&#8221; nie chodzi\u0142o o defraudacje unijnych funduszy, ale o  przekupienie europos\u0142\u00f3w przez prywatn\u0105 firm\u0119 lobbingow\u0105.<\/p>\r\n<p>OLAF  jest innego zdania. W komunikacie prasowym podtrzymuje swoje  kompetencje do prowadzenia \u015bledztwa wobec europos\u0142\u00f3w, wskazuj\u0105c m.in. na  mi\u0119dzyinstytucjonalne porozumienie zawarte mi\u0119dzy PE, Rad\u0105 UE i Komisj\u0105  Europejsk\u0105, kt\u00f3re kompetencje OLAFU-u &#8222;rozszerza poza ochron\u0119  finansowych interes\u00f3w, do wszelkiej dzia\u0142alno\u015bci zwi\u0105zanej z potrzeb\u0105  ochrony interes\u00f3w Wsp\u00f3lnoty przed nieprawid\u0142owo\u015bciami&#8221;. To porozumienie &#8211;  zdaniem OLAF-u &#8211; uprawnia go do prowadzenie wewn\u0119trznego \u015bledztwa ws.  cz\u0142onk\u00f3w Parlamentu Europejskiego.<\/p>\r\n<p>&#8222;Sunday  Times&#8221; opublikowa\u0142 w niedziel\u0119 20 marca artyku\u0142 podsumowuj\u0105cy swoj\u0105  prowokacj\u0119 dziennikarsk\u0105. Zebrane przez dziennikarzy materia\u0142y obci\u0105\u017caj\u0105  by\u0142ego ministra spraw zagranicznych S\u0142owenii Zorana Thalera, by\u0142ego  wicepremiera Rumunii Adriana Severina i by\u0142ego ministra spraw  wewn\u0119trznych Austrii Ernsta Strassera. Byli oni gotowi za pieni\u0105dze  doprowadzi\u0107 do przyj\u0119cia w PE poprawek legislacyjnych napisanych pod  dyktando rzekomych lobbyst\u00f3w, wyceniaj\u0105c swoje us\u0142ugi nawet na 100 tys.  euro. W niedziel\u0119 27 marca, gazeta opublikowa\u0142a materia\u0142 obci\u0105\u017caj\u0105cy  kolejnego europos\u0142a, tym razem chadeka z Hiszpanii &#8211; Pablo  Zalb\u0119-Bidegaina.<\/p>\r\n<p>W sumie dziennikarze  skontaktowali si\u0119 z oko\u0142o setk\u0105 eurodeputowanych z r\u00f3\u017cnych kraj\u00f3w. Kilku  posz\u0142o na daleko id\u0105c\u0105 &#8222;wsp\u00f3\u0142prac\u0119&#8221;, co zosta\u0142o udokumentowane  nagraniami. \u0179r\u00f3d\u0142a w &#8222;The Sunday Times&#8221; powiedzia\u0142y, \u017ce materia\u0142y nie  obci\u0105\u017caj\u0105 polskich europos\u0142\u00f3w.<\/p>\r\n<p>Przykro to  stwierdzi\u0107, ale najwidoczniej nasza lokalna mocno rozwini\u0119ta korupcja  ju\u017c nam nie wystarcza. Teraz b\u0119dziemy jeszcze p\u0142aci\u0107 za korupcj\u0119  euro-pos\u0142\u00f3w, kt\u00f3rych decyzje maj\u0105 wp\u0142yw tak\u017ce na nas.<\/p>\r\n<p>(interia.pl\/AJa)<\/p>","protected":false},"excerpt":{"rendered":"W\u0142adze PE nie wpu\u015bci\u0142y \u015bledczych do biur podejrzanych o korupcj\u0119 europos\u0142\u00f3w, skar\u017cy si\u0119 Unijny Urz\u0105d ds. Zwalczania Nadu\u017cy\u0107 Finansowych (OLAF). Rzecznik PE twierdzi natomiast, \u017ce \u015bledztwo le\u017cy w kompetencjach organ\u00f3w narodowych, z kt\u00f3rymi b\u0119dzie wsp\u00f3\u0142pracowa\u0107. OLAF poinformowa\u0142, \u017ce natychmiast po zesz\u0142otygodniowej publikacji &#8222;The Sunday Times&#8221;, ujawniaj\u0105cej korupcj\u0119 trzech europos\u0142\u00f3w, zdecydowa\u0142 o otwarciu formalnego \u015bledztwa. &#8222;Ta [&hellip;]","protected":false},"author":1,"featured_media":0,"comment_status":"closed","ping_status":"closed","sticky":false,"template":"","format":"standard","meta":{"_acf_changed":false,"_monsterinsights_skip_tracking":false,"_monsterinsights_sitenote_active":false,"_monsterinsights_sitenote_note":"","_monsterinsights_sitenote_category":0,"ngg_post_thumbnail":0,"footnotes":"","_wp_rev_ctl_limit":""},"categories":[6],"tags":[114,23],"acf":[],"_links":{"self":[{"href":"https:\/\/www.bibula.com\/index.php?rest_route=\/wp\/v2\/posts\/35419"}],"collection":[{"href":"https:\/\/www.bibula.com\/index.php?rest_route=\/wp\/v2\/posts"}],"about":[{"href":"https:\/\/www.bibula.com\/index.php?rest_route=\/wp\/v2\/types\/post"}],"author":[{"embeddable":true,"href":"https:\/\/www.bibula.com\/index.php?rest_route=\/wp\/v2\/users\/1"}],"replies":[{"embeddable":true,"href":"https:\/\/www.bibula.com\/index.php?rest_route=%2Fwp%2Fv2%2Fcomments&post=35419"}],"version-history":[{"count":0,"href":"https:\/\/www.bibula.com\/index.php?rest_route=\/wp\/v2\/posts\/35419\/revisions"}],"wp:attachment":[{"href":"https:\/\/www.bibula.com\/index.php?rest_route=%2Fwp%2Fv2%2Fmedia&parent=35419"}],"wp:term":[{"taxonomy":"category","embeddable":true,"href":"https:\/\/www.bibula.com\/index.php?rest_route=%2Fwp%2Fv2%2Fcategories&post=35419"},{"taxonomy":"post_tag","embeddable":true,"href":"https:\/\/www.bibula.com\/index.php?rest_route=%2Fwp%2Fv2%2Ftags&post=35419"}],"curies":[{"name":"wp","href":"https:\/\/api.w.org\/{rel}","templated":true}]}}