{"id":35400,"date":"2011-03-29T15:33:02","date_gmt":"2011-03-29T20:33:02","guid":{"rendered":"http:\/\/www.bibula.com\/?p=35400"},"modified":"2011-03-29T15:33:02","modified_gmt":"2011-03-29T20:33:02","slug":"czy-w-cerkwi-greckokatolickiej-nastapi-zwrot","status":"publish","type":"post","link":"https:\/\/www.bibula.com\/?p=35400","title":{"rendered":"Czy w Cerkwi Greckokatolickiej nast\u0105pi zwrot?"},"content":{"rendered":"<p><strong>Grekokatoliccy  biskupi\u00a0w miejsce 78-letniego kardyna\u0142a Lubomyra Huzara nowym  zwierzchnikiem\u00a0 Ukrai\u0144skiej Cerkwi Greckokatolickiej i arcybiskupem  wi\u0119kszym kijowsko-halickim wybrali zaledwie 41-letniego biskupa  Swiatos\u0142awa Szewczuka, dotychczasowego\u00a0 administratora apostolskiego  diecezji w Buenos Aires w Argentynie.<\/strong><\/p>\r\n<p>Wyb\u00f3r ten, tak ze wzgl\u0119du  na wiek nominata, jak i jego niewielki sta\u017c biskupi (na dodatek bardzo  egzotyczny), jest ogromnym zaskoczeniem. Osobi\u015bcie jako prawnuk ksi\u0119dza  greckokatolickiego z Sokala i Ty\u015bmienicy ciesz\u0119 si\u0119 tego, \u017ce elektorzy  mieli taka odwag\u0119.<\/p>\r\n<p>Ciesz\u0119 si\u0119 tak\u017ce\u00a0z tego, \u017ce nie wybrano nikogo z  \u017carliwych czcicieli Stepana Bandery i UPA np. arcybiskupa lwowskiego  Ohora Wo\u017aniaka, kt\u00f3ry \u015bwi\u0119ci\u0142 pomnik zbrodniarza we Lwowie i wyg\u0142asza\u0142  peany na jego cze\u015b\u0107.<\/p>\r\n<p>Oby ten wyb\u00f3r oznacza\u0142 nie tylko dop\u0142yw  \u015bwie\u017cej krwi do skostnia\u0142ych struktur ko\u015bcielnych, ale i byl radykalnym  zwrotem w kierunku odci\u0119cia si\u0119 od banderyzmu i nacjonalizmu.<\/p>\r\n<p>Tego grekokatolikom \u017cycz\u0119 z ca\u0142ego serca.<\/p>\r\n<p style=\"padding-left: 30px;\"><strong>\u0179yciorys <\/strong><\/p>\r\n<p style=\"padding-left: 30px;\">Arcybiskup  Swiatos\u0142aw Szewczuk urodzi\u0142 si\u0119 5 maja 1970 w Stryju na ziemi lwowskiej  w rodzinie bardzo zaanga\u017cowanej w \u017cycie religijne w czasach, gdy  Ko\u015bci\u00f3\u0142 greckokatolicki w \u00f3wczesnym Zwi\u0105zku Sowieckim by\u0142  zdelegalizowany, a jego wyznawc\u00f3w usi\u0142owano si\u0142\u0105 w\u0142\u0105czy\u0107 do Ko\u015bcio\u0142a  prawos\u0142awnego. Po uko\u0144czeniu szko\u0142y \u015bredniej przysz\u0142y biskup ucz\u0119szcza\u0142  do szko\u0142y piel\u0119gniarskiej w Borys\u0142awiu, kszta\u0142c\u0105c si\u0119 jednocze\u015bnie w  latach 1983-89 w podziemnym seminarium duchownym.<\/p>\r\n<p style=\"padding-left: 30px;\">Gdy na pocz\u0105tku  lat dziewi\u0119\u0107dziesi\u0105tych grekokatolicy odzyskali mo\u017cno\u015b\u0107 normalnego  wyznawania swej wiary, w 1991 w\u0142adze UKGK wys\u0142a\u0142y go na studia  filozoficzne na Uniwersytecie Salezja\u0144skim w Buenos Aires. Po powrocie  do kraju w 1994 studiowa\u0142 teologi\u0119 w greckokatolickim seminarium  duchownym we Lwowie. Wtedy te\u017c 21 maja 1994 przyj\u0105\u0142 \u015bwi\u0119cenia diakonatu z  r\u0105k konsekrowanego kilka lat wcze\u015bniej w podziemiu biskupa Filemona  Kurczaby (1913-95), a 26 czerwca tego\u017c roku wy\u015bwi\u0119ci\u0142 go na kap\u0142ana  kard. Myros\u0142aw Iwan Lubacziw\u015bkyj.<\/p>\r\n<p style=\"padding-left: 30px;\">Wkr\u00f3tce potem wyjecha\u0142 na dalsze  studia w zakresie antropologii teologicznej oraz podstaw teologii  moralnej w tradycji bizanty\u0144skiej na Papieskim Uniwersytecie \u015bw. Tomasza  z Akwinu w Rzymie, kt\u00f3re uko\u0144czy\u0142 z wyr\u00f3\u017cnieniem w 1999 r., uzyskuj\u0105c  doktorat z teologii. Nast\u0119pnie wr\u00f3ci\u0142 do kraju i do 2009 by\u0142 kolejno  prefektem, wicerektorem i rektorem (od czerwca 2007) Lwowskiego  Seminarium Duchownego pw. \u015awi\u0119tego Ducha. R\u00f3wnocze\u015bnie w latach 2002-05  by\u0142 osobistym sekretarzem kard. Lubomyra Huzara.<\/p>\r\n<p style=\"padding-left: 30px;\">14 stycznia 2009  r. Benedykt XVI mianowa\u0142 ks. prof. Szewczuka biskupem pomocniczym  greckokatolickiej eparchii Opieki Matki Bo\u017cej w Buenos Aires. Sakry  udzieli\u0142 mu 7 kwietnia tego\u017c roku we lwowskiej archikatedrze \u015bw. Jerzego  (Jura) miejscowy arcybiskup Ihor Wo\u017aniak, a jednym ze  wsp\u00f3\u0142konsekrator\u00f3w by\u0142 biskup eparchii w stolicy Argentyny &#8211; Mychaji\u0142  (Miguel) Mykycej. Gdy 10 kwietnia 2010 ten 75-letni w\u00f3wczas w\u0142adyka  ust\u0105pi\u0142 z urz\u0119du, papie\u017c mianowa\u0142 jego nast\u0119pc\u0105, ale z tytu\u0142em  administratora apostolskiego Na tym stanowisku zasta\u0142 bp. Szewczuka  obecny wyb\u00f3r na najwy\u017cszy urz\u0105d w Ukrai\u0144skim Ko\u015bciele Greckokatolickim.<\/p>\r\n<p style=\"padding-left: 30px;\">Opr\u00f3cz  ojczystego, ukrai\u0144skiego, abp Swiatos\u0142aw zna bardzo dobrze r\u00f3wnie\u017c  j\u0119zyki: angielski, hiszpa\u0144ski, w\u0142oski, polski i grecki oraz swobodnie  czyta teksty \u0142aci\u0144skie.<\/p>\r\n<p><strong><em>Ks. Tadeusz Isakowicz-Zaleski<\/em><\/strong><\/p>","protected":false},"excerpt":{"rendered":"Grekokatoliccy biskupi\u00a0w miejsce 78-letniego kardyna\u0142a Lubomyra Huzara nowym zwierzchnikiem\u00a0 Ukrai\u0144skiej Cerkwi Greckokatolickiej i arcybiskupem wi\u0119kszym kijowsko-halickim wybrali zaledwie 41-letniego biskupa Swiatos\u0142awa Szewczuka, dotychczasowego\u00a0 administratora apostolskiego diecezji w Buenos Aires w Argentynie. Wyb\u00f3r ten, tak ze wzgl\u0119du na wiek nominata, jak i jego niewielki sta\u017c biskupi (na dodatek bardzo egzotyczny), jest ogromnym zaskoczeniem. Osobi\u015bcie jako prawnuk [&hellip;]","protected":false},"author":1,"featured_media":0,"comment_status":"closed","ping_status":"closed","sticky":false,"template":"","format":"standard","meta":{"_acf_changed":false,"_monsterinsights_skip_tracking":false,"_monsterinsights_sitenote_active":false,"_monsterinsights_sitenote_note":"","_monsterinsights_sitenote_category":0,"ngg_post_thumbnail":0,"footnotes":"","_wp_rev_ctl_limit":""},"categories":[3],"tags":[167,17],"acf":[],"_links":{"self":[{"href":"https:\/\/www.bibula.com\/index.php?rest_route=\/wp\/v2\/posts\/35400"}],"collection":[{"href":"https:\/\/www.bibula.com\/index.php?rest_route=\/wp\/v2\/posts"}],"about":[{"href":"https:\/\/www.bibula.com\/index.php?rest_route=\/wp\/v2\/types\/post"}],"author":[{"embeddable":true,"href":"https:\/\/www.bibula.com\/index.php?rest_route=\/wp\/v2\/users\/1"}],"replies":[{"embeddable":true,"href":"https:\/\/www.bibula.com\/index.php?rest_route=%2Fwp%2Fv2%2Fcomments&post=35400"}],"version-history":[{"count":0,"href":"https:\/\/www.bibula.com\/index.php?rest_route=\/wp\/v2\/posts\/35400\/revisions"}],"wp:attachment":[{"href":"https:\/\/www.bibula.com\/index.php?rest_route=%2Fwp%2Fv2%2Fmedia&parent=35400"}],"wp:term":[{"taxonomy":"category","embeddable":true,"href":"https:\/\/www.bibula.com\/index.php?rest_route=%2Fwp%2Fv2%2Fcategories&post=35400"},{"taxonomy":"post_tag","embeddable":true,"href":"https:\/\/www.bibula.com\/index.php?rest_route=%2Fwp%2Fv2%2Ftags&post=35400"}],"curies":[{"name":"wp","href":"https:\/\/api.w.org\/{rel}","templated":true}]}}