{"id":35393,"date":"2011-03-29T15:38:32","date_gmt":"2011-03-29T20:38:32","guid":{"rendered":"http:\/\/www.bibula.com\/?p=35393"},"modified":"2011-03-29T15:38:32","modified_gmt":"2011-03-29T20:38:32","slug":"abp-chryzostom-papiez-dobrze-poinformowany-ale-nie-moze-mowic","status":"publish","type":"post","link":"https:\/\/www.bibula.com\/?p=35393","title":{"rendered":"Abp Chryzostom: Papie\u017c dobrze poinformowany, ale nie mo\u017ce m\u00f3wi\u0107"},"content":{"rendered":"<p><strong>Benedykt XVI jest bardzo dobrze poinformowany o sytuacji chrze\u015bcijan na  Bliskim Wschodzie i gdyby tylko m\u00f3g\u0142, podni\u00f3s\u0142by g\u0142os &#8211; powiedzia\u0142 po  wyj\u015bciu z Pa\u0142acu Apostolskiego zwierzchnik cypryjskiej Cerkwi  prawos\u0142awnej. Abp Chryzostom, kt\u00f3ry odbywa trzydniow\u0105 wizyt\u0119 w Rzymie,  zosta\u0142 wczoraj przyj\u0119ty przez Papie\u017ca na audiencji i obiedzie. Po  wyj\u015bciu z Watykanu udzieli\u0142 wywiadu dziennikowi Il Foglio.<\/strong><br \/><br \/>Po  Ratyzbonie Papie\u017c zrozumia\u0142, \u017ce mocne s\u0142owa niczemu nie s\u0142u\u017c\u0105, \u017ce nie  mo\u017ce powiedzie\u0107 do ko\u0144ca tego, co my\u015bli &#8211; zaznaczy\u0142 abp Chryzostom. Ale w  Ratyzbonie powiedzia\u0142 to bardzo jasno: islam musi si\u0119 wyrzec przemocy i  pos\u0142ugiwania si\u0119 Bogiem dla uzasadniania nienawi\u015bci religijnej &#8211;  kontynuowa\u0142 prawos\u0142awny hierarcha. Niespodziewanie przyzna\u0142, \u017ce jedynym  motywem jego wizyty w Watykanie by\u0142a pro\u015bba o pomoc. \u201ePoprosi\u0142em  Papie\u017ca, a za jego po\u015brednictwem Wsp\u00f3lnot\u0119 Europejsk\u0105, aby zrobi\u0142a co\u015b  dla chrze\u015bcijan na Bliskim Wschodzie, kt\u00f3rzy tak jak my, s\u0105 postawieni w  szachu przez re\u017cimy wojskowe. Pod pozorem demokracji d\u0105\u017c\u0105 one jedynie  do totalnej islamizacji. Islam jest w natarciu, zdobywa wci\u0105\u017c nowe  pozycje. My na Cyprze odczuwamy to bardziej ni\u017c wy, ale dotyczy to ca\u0142ej  Europy\u201d &#8211; podkre\u015bli\u0142 abp Chryzostom.<br \/><br \/>Zwierzchnik cypryjskiej  Cerkwi przyzna\u0142, \u017ce w\u015br\u00f3d muzu\u0142ma\u0144skich zwierzchnik\u00f3w jest te\u017c wielu  ludzi rozs\u0105dnych. W jego przekonaniu nie s\u0105 oni jednak w stanie  powstrzyma\u0107 naporu radyka\u0142\u00f3w. Wezwa\u0142 on te\u017c do opami\u0119tania w sprawie  europejskich aspiracji Turcji, okupuj\u0105cej cz\u0119\u015b\u0107 Cypru. \u201eNiekt\u00f3rzy w  Europie wierz\u0105, \u017ce Turcja jest krajem demokratycznym i przygotowanym do  integracji z Uni\u0105 Europejsk\u0105 &#8211; powiedzia\u0142 prawos\u0142awny hierarcha. &#8211; Tym,  co tak my\u015bl\u0105, chcia\u0142bym powiedzie\u0107: Otw\u00f3rzcie oczy. Przyjed\u017acie na Cypr i  zobaczcie: ko\u015bcio\u0142y obr\u00f3cone w ruin\u0119, nikomu nie wolno sprawowa\u0107 tam  liturgii. Czy tak wygl\u0105da demokracja?\u201d &#8211; pyta\u0142 abp Chryzostom po  wczorajszej audiencji u Benedykta XVI.<br \/><br \/>kb\/ il foglio<\/p>","protected":false},"excerpt":{"rendered":"Benedykt XVI jest bardzo dobrze poinformowany o sytuacji chrze\u015bcijan na Bliskim Wschodzie i gdyby tylko m\u00f3g\u0142, podni\u00f3s\u0142by g\u0142os &#8211; powiedzia\u0142 po wyj\u015bciu z Pa\u0142acu Apostolskiego zwierzchnik cypryjskiej Cerkwi prawos\u0142awnej. Abp Chryzostom, kt\u00f3ry odbywa trzydniow\u0105 wizyt\u0119 w Rzymie, zosta\u0142 wczoraj przyj\u0119ty przez Papie\u017ca na audiencji i obiedzie. Po wyj\u015bciu z Watykanu udzieli\u0142 wywiadu dziennikowi Il Foglio.Po [&hellip;]","protected":false},"author":1,"featured_media":0,"comment_status":"closed","ping_status":"closed","sticky":false,"template":"","format":"standard","meta":{"_acf_changed":false,"_monsterinsights_skip_tracking":false,"_monsterinsights_sitenote_active":false,"_monsterinsights_sitenote_note":"","_monsterinsights_sitenote_category":0,"ngg_post_thumbnail":0,"footnotes":"","_wp_rev_ctl_limit":""},"categories":[3],"tags":[100,70,41],"acf":[],"_links":{"self":[{"href":"https:\/\/www.bibula.com\/index.php?rest_route=\/wp\/v2\/posts\/35393"}],"collection":[{"href":"https:\/\/www.bibula.com\/index.php?rest_route=\/wp\/v2\/posts"}],"about":[{"href":"https:\/\/www.bibula.com\/index.php?rest_route=\/wp\/v2\/types\/post"}],"author":[{"embeddable":true,"href":"https:\/\/www.bibula.com\/index.php?rest_route=\/wp\/v2\/users\/1"}],"replies":[{"embeddable":true,"href":"https:\/\/www.bibula.com\/index.php?rest_route=%2Fwp%2Fv2%2Fcomments&post=35393"}],"version-history":[{"count":0,"href":"https:\/\/www.bibula.com\/index.php?rest_route=\/wp\/v2\/posts\/35393\/revisions"}],"wp:attachment":[{"href":"https:\/\/www.bibula.com\/index.php?rest_route=%2Fwp%2Fv2%2Fmedia&parent=35393"}],"wp:term":[{"taxonomy":"category","embeddable":true,"href":"https:\/\/www.bibula.com\/index.php?rest_route=%2Fwp%2Fv2%2Fcategories&post=35393"},{"taxonomy":"post_tag","embeddable":true,"href":"https:\/\/www.bibula.com\/index.php?rest_route=%2Fwp%2Fv2%2Ftags&post=35393"}],"curies":[{"name":"wp","href":"https:\/\/api.w.org\/{rel}","templated":true}]}}