{"id":35384,"date":"2011-03-29T10:53:28","date_gmt":"2011-03-29T15:53:28","guid":{"rendered":"http:\/\/www.bibula.com\/?p=35384"},"modified":"2011-03-29T10:53:28","modified_gmt":"2011-03-29T15:53:28","slug":"zakazany-10-kwietnia","status":"publish","type":"post","link":"https:\/\/www.bibula.com\/?p=35384","title":{"rendered":"Zakazany 10 kwietnia"},"content":{"rendered":"<p><strong>Zakazany koncert, kontrole w szkole, kt\u00f3ra zorganizowa\u0142a smole\u0144sk\u0105 wystaw\u0119, pomys\u0142y wy\u0142\u0105czenia Krakowskiego Przedmie\u015bcia z prawa do wolno\u015bci zgromadze\u0144, brak wycia syren dla uczczenia ofiar, o\u015bmieszanie obchod\u00f3w, tworzenie wok\u00f3\u0142 nich atmosfery odstr\u0119czaj\u0105cych partyjnych przepychanek, organizowanie konkurencyjnych uroczysto\u015bci &#8211; to tylko cz\u0119\u015b\u0107 repertuaru, jaki uruchomiono przeciwko naszym uroczysto\u015bciom w rocznic\u0119 10 kwietnia. A my i tak zrobimy swoje<\/strong><\/p>\r\n<p>&#8211; Zn\u00f3w b\u0119d\u0105 si\u0119 toczy\u0142y krzy\u017ce na k\u00f3\u0142kach, b\u0119d\u0105 przem\u00f3wienia wyg\u0142aszane ze skrzynek po jab\u0142kach &#8211; takimi s\u0142owami <strong>Ligia Krajewska (PO), wiceszefowa rady miejskiej Warszawy<\/strong>, skomentowa\u0142a fakt, \u017ce Polacy chc\u0105 upami\u0119tni\u0107 swojego Prezydenta i inne ofiary tragedii smole\u0144skiej.<\/p>\r\n<p>Podobne opinie wyg\u0142asza\u0142a te\u017c na \u0142amach \u201eGazety Wyborczej\u201d: &#8211; Powinni\u015bmy zastanowi\u0107 si\u0119, czy na podstawie prawa lokalnego nie ustanowi\u0107 Krakowskiego Przedmie\u015bcia stref\u0105 woln\u0105 od demonstracji.<\/p>\r\n<p>W identycznym tonie wypowiedzia\u0142 si\u0119 <strong>radny SLD Andrzej Golimont<\/strong>: &#8211; To kompromituj\u0105ca inicjatywa, dlatego wcale si\u0119 nie dziwi\u0119 radnym PiS, \u017ce wstydz\u0105 si\u0119 ujawni\u0107 swoich nazwisk. Te burdy pod pomnikiem ksi\u0119cia J\u00f3zefa Poniatowskiego maj\u0105 tyle wsp\u00f3lnego z czczeniem pami\u0119ci ofiar Smole\u0144ska, ile ojciec Tadeusz Rydzyk ze \u015bw. Franciszkiem z Asy\u017cu. A sama \u201eGazeta Wyborcza\u201d postanowi\u0142a zakwestionowa\u0107 spontaniczny charakter obchod\u00f3w, podczas kt\u00f3rych Polacy chc\u0105 spotka\u0107 si\u0119 &#8211; podobnie jak przed rokiem &#8211; na Krakowskim Przedmie\u015bciu: \u201eDzia\u0142acze-wnioskodawcy nie ujawniaj\u0105 si\u0119, by stworzy\u0107 wra\u017cenie, \u017ce manifestacje to spontaniczna reakcja Polak\u00f3w, a nie animowana przez polityk\u00f3w demonstracja\u201d.<\/p>\r\n<p><strong>9 kwietnia &#8211; ruszamy na rosyjsk\u0105 ambasad\u0119<\/strong><\/p>\r\n<p>Nasze obchody rocznicy Smole\u0144ska rozpoczynaj\u0105 si\u0119 9 kwietnia o 18.00 przed ambasad\u0105 Federacji Rosyjskiej w Warszawie, przy ul. Belwederskiej 49. B\u0119dziemy protestowa\u0107 przeciwko temu, jak prowadzone jest \u015bledztwo smole\u0144skie i domaga\u0107 si\u0119 przekazania Polsce wszystkich dowod\u00f3w w sprawie katastrofy. Na facebooku zawi\u0105za\u0142a si\u0119 grupa zach\u0119caj\u0105ca do udzia\u0142u w tej manifestacji. Jej uczestnicy sformu\u0142owali dziesi\u0119\u0107 pyta\u0144 do w\u0142adz Rosji:<\/p>\r\n<p>1. Dlaczego ju\u017c dzie\u0144 po katastrofie Rosjanie niszczyli wrak samolotu?<\/p>\r\n<p>2. Dlaczego Moskwa nie chce odda\u0107 czarnych skrzynek?<\/p>\r\n<p>3. Dlaczego stenogramy zawieraj\u0105 nieprawdziwe informacje?<\/p>\r\n<p>4. Dlaczego Rosjanie przekazali polskim pilotom b\u0142\u0119dne karty lotniska?<\/p>\r\n<p>5. Dlaczego kontrolerzy lotu nie zamkn\u0119li lotniska, cho\u0107 powinni to zrobi\u0107?<\/p>\r\n<p>6. Dlaczego rosyjscy eksperci k\u0142ami\u0105, \u017ce polscy piloci pr\u00f3bowali l\u0105dowa\u0107?<\/p>\r\n<p>7. Dlaczego kontrolerzy podawali pilotom z\u0142e informacje?<\/p>\r\n<p>8. Dlaczego Kreml boi si\u0119 ujawni\u0107 dokument\u00f3w lotniska w Smole\u0144sku?<\/p>\r\n<p>9. Dlaczego pod naciskiem Moskwy zmieniono zeznania kontroler\u00f3w lotu?<\/p>\r\n<p>10. Dlaczego wok\u00f3\u0142 lotniska wyci\u0119to drzewa, kt\u00f3re by\u0142y jednym z dowod\u00f3w oficjalnej wersji katastrofy?<\/p>\r\n<p>Zach\u0119camy Czytelnik\u00f3w \u201eGazety Polskiej\u201d z ca\u0142ego kraju do przyjazdu ju\u017c 9 kwietnia, do warszawiak\u00f3w za\u015b apelujemy o w\u0142\u0105czenie si\u0119 w \u201eAkcj\u0119 nocleg\u201d, prowadzon\u0105 na portalu Niezale\u017cna.pl. Nie ka\u017cdego sta\u0107 na rezerwowanie w Warszawie hotelu, wi\u0119c pomoc mieszka\u0144c\u00f3w stolicy, kt\u00f3rzy zgodz\u0105 si\u0119 przyj\u0105\u0107 przyjezdnych, b\u0119dzie bardzo przydatna i mo\u017ce znacz\u0105co przyczyni\u0107 si\u0119 do frekwencji na obchodach.<\/p>\r\n<p><strong> <\/strong><\/p>\r\n<p><strong>Zakazane syreny o 8.41<\/strong><\/p>\r\n<p>10 kwietnia o 8.00 odprawiona zostanie msza \u015bw. w intencji ofiar tragedii w ko\u015bciele pokarmelickim na Krakowskim Przedmie\u015bciu. O 8.41 spotykamy si\u0119 w miejscu Krzy\u017ca Pami\u0119ci, by uczci\u0107 ofiary tragedii. Prosimy w\u0142adze miast, a tak\u017ce wszystkich kierowc\u00f3w samochod\u00f3w o w\u0142\u0105czenie syren i sygna\u0142\u00f3w d\u017awi\u0119kowych na t\u0119 jedn\u0105 minut\u0119, podobnie jak ma to miejsce 1 sierpnia, kiedy upami\u0119tnia si\u0119 godzin\u0119 \u201eW\u201d.<\/p>\r\n<p>Radni warszawskiego PiS chcieli, by syreny w\u0142\u0105czy\u0142y w\u0142adze miasta. &#8211; Katastrofa smole\u0144ska to wci\u0105\u017c niezabli\u017aniona rana. Dlatego chcemy, by 10 kwietnia o godz. 8.41 w ca\u0142ym mie\u015bcie zawy\u0142y syreny. Dzi\u0119ki temu \u017caden warszawiak nie przegapi tego tragicznego momentu &#8211; m\u00f3wi\u0142 podczas obrad Rady Warszawy Maciej W\u0105sik, szef klubu radnych PiS.<\/p>\r\n<p>Tak\u017ce tej formie uczczenia ofiar sprzeciwili si\u0119 dzia\u0142acze PO. &#8211; Syreny wyj\u0105 zawsze w rocznic\u0119 wybuchu Powstania Warszawskiego. Lepiej, aby by\u0142y zarezerwowane dla godziny \u201eW\u201d &#8211; kuriozalnie t\u0142umaczy\u0142 Jaros\u0142aw Szostakowski, radny PO. \u201eNasi wyborcy nie \u017cycz\u0105 sobie takiego epatowania tragedi\u0105 smole\u0144sk\u0105. Ka\u017cdy warszawiak mo\u017ce czci\u0107 ten dzie\u0144, ale nie musz\u0105 by\u0107 budzeni syrenami\u201d &#8211; doda\u0142 na \u0142amach \u201eGazety Wyborczej\u201d inny dzia\u0142acz PO.<\/p>\r\n<p>&#8211; Je\u015bli pani prezydent Warszawy nie chce pom\u00f3c w uczczeniu tego dnia, apelujemy do warszawiak\u00f3w, by 10 kwietnia wywiesili w\u0142asne flagi i przychodzili ze zniczami pod Pa\u0142ac Prezydencki &#8211; odpowiada Maciej W\u0105sik.<\/p>\r\n<p>O 12.00 w miejscu Krzy\u017ca Pami\u0119ci odm\u00f3wimy modlitw\u0119 Anio\u0142 Pa\u0144ski. Przez ca\u0142y dzie\u0144 sta\u0107 b\u0119d\u0105 tam warty honorowe, organizowane m.in. przez kibic\u00f3w pi\u0142karskich.<\/p>\r\n<p><strong>Jak PO pr\u00f3buje uniemo\u017cliwi\u0107 koncert<\/strong><\/p>\r\n<p>O 15.00 \u201eGazeta Polska\u201d zapowiedzia\u0142a zorganizowanie koncertu na placu Teatralnym. De Presse, Pawe\u0142 Kukiz, Jan Pietrzak, Przemys\u0142aw Gintrowski, Lech Makowiecki &#8211; to tylko niekt\u00f3rzy arty\u015bci, kt\u00f3rzy zapowiedzieli, \u017ce na nim wyst\u0105pi\u0105.<\/p>\r\n<p>Tyle \u017ce koncert zosta\u0142 zakazany przez w\u0142adze miasta. Na d\u0142ugo przed wymaganym terminem Niezale\u017cne Wydawnictwo Polskie, w\u0142a\u015bciciel \u201eGazety Polskiej\u201d, zwr\u00f3ci\u0142o si\u0119 do In\u017cyniera Ruchu w Warszawie o wydanie zezwolenia na wy\u0142\u0105czenie z ruchu 10 kwietnia placu Teatralnego celem zorganizowania na nim koncertu ku czci ofiar Smole\u0144ska.<\/p>\r\n<p>Wcze\u015bniej uzyskali\u015bmy informacje od dyrekcji Teatru Wielkiego, i\u017c tego dnia nie odb\u0119dzie si\u0119 \u017cadne przedstawienie, wi\u0119c zgromadzenie przed gmachem Teatru, nawet licz\u0105ce kilka tysi\u0119cy ludzi, nie b\u0119dzie przeszkadza\u0142o widzom.<\/p>\r\n<p>Aby wyda\u0107 lub odm\u00f3wi\u0107 takiego zezwolenia, Biuro Drogownictwa i Komunikacji m.st. Warszawy musi zasi\u0119gn\u0105\u0107 opinii pe\u0142nomocnika ds. Traktu Kr\u00f3lewskiego. Wydawa\u0142o si\u0119, \u017ce sprawa jest na dobrej drodze, spotkali\u015bmy si\u0119 z przychylno\u015bci\u0105 urz\u0119dnik\u00f3w.<\/p>\r\n<p>Ale 10 marca wszystko wr\u00f3ci\u0142o do normy. Pe\u0142nomocnik ds. Traktu Kr\u00f3lewskiego poinformowa\u0142a, \u017ce w\u0142a\u015bnie<\/p>\r\n<p>zosta\u0142a\u2026 zwolniona i natychmiast, jak za dotkni\u0119ciem peowskiej r\u00f3\u017cd\u017cki, 11 marca otrzymali\u015bmy odmow\u0119, co oznacza, i\u017c w\u0142adze miejskie postanowi\u0142y nie dopu\u015bci\u0107 do zorganizowania koncertu.<\/p>\r\n<p>Odmow\u0119 w\u0142adze miejskie motywuj\u0105 tym, \u017ce w\u0142a\u015bnie 10 kwietnia Kancelaria Prezydenta Komorowskiego postanowi\u0142a zorganizowa\u0107 koncert w Teatrze Wielkim. Jak si\u0119 dowiadujemy, ch\u0119\u0107 wzi\u0119cia w nim udzia\u0142u zg\u0142osi\u0142o a\u017c\u2026 60 os\u00f3b.<\/p>\r\n<p>Odmowa musia\u0142a zosta\u0107 wydana na podstawie opinii pe\u0142nomocnika ds. Traktu Kr\u00f3lewskiego, kt\u00f3rym obecnie jest p. Jolanta Szalewska. Odmow\u0119 podpisa\u0142 in\u017cynier ruchu Janusz Galas, zast\u0119pca dyrektora Biura Drogownictwa i Komunikacji m.st. Warszawy, dzia\u0142aj\u0105c z upowa\u017cnienia prezydenta m.st. Warszawy Hanny Gronkiewicz-Waltz, kt\u00f3ra ju\u017c wcze\u015bniej zas\u0142yn\u0119\u0142a walk\u0105 o czysto\u015b\u0107 trotuar\u00f3w \u201eza\u015bmiecanych przez znicze\u201d.<\/p>\r\n<p>Urz\u0119dnicy sugerowali nam, \u017ce istnieje mo\u017cliwo\u015b\u0107, by nasz koncert odby\u0142 si\u0119 na placu Zamkowym, ale zachodzi obawa, \u017ce mo\u017ce by\u0107 to kolejny wybieg. W pobliskim ko\u015bciele zamierza bowiem uczestniczy\u0107 we mszy prezydent Komorowski. Czy w ostatniej chwili nie pojawi\u0105 si\u0119 zastrze\u017cenia BOR i tak\u017ce tu nie b\u0119dzie mog\u0142o doj\u015b\u0107 do koncertu?<\/p>\r\n<p>Prezes Niezale\u017cnego Wydawnictwa Polskiego i redaktor naczelny \u201eGazety Polskiej\u201d Tomasz Sakiewicz o\u015bwiadczy\u0142, \u017ce w takiej sytuacji mimo zakaz\u00f3w i potencjalnych represji 10 kwietnia przyb\u0119dzie na plac Teatralny o godz. 15.00 i b\u0119dzie \u015bpiewa\u0142 pie\u015bni patriotyczne. S\u0105dzi te\u017c, \u017ce wszyscy patrioci i przeciwnicy s\u0142u\u017calczego statusu Polski wobec Rosji b\u0119d\u0105 mu towarzyszyli, bez wzgl\u0119du na zagro\u017cenie ze strony organ\u00f3w bezpiecze\u0144stwa III RP.<\/p>\r\n<p>O 19.00 odprawiona zostanie msza \u015bw. w archikatedrze \u015bw. Jana. Po niej b\u0119dziemy uczestniczy\u0107 w Marszu Pami\u0119ci. O 21.00 odb\u0119dzie si\u0119 Apel Jasnog\u00f3rski w miejscu Krzy\u017ca Pami\u0119ci.<\/p>\r\n<p>13 kwietnia od godz. 12.00 do wieczora wzd\u0142u\u017c trasy na Krakowskim Przedmie\u015bciu rozk\u0142ada\u0107 b\u0119dziemy tulipany. O tej godzinie obsypywana kwiatami trumna z cia\u0142em Pierwszej Damy przyjecha\u0142a do Pa\u0142acu.<\/p>\r\n<p>18 kwietnia, w rocznic\u0119 pogrzebu Pary Prezydenckiej, wszyscy udajemy si\u0119 do Krakowa. Zostanie tam zorganizowany koncert. Msza \u015bw. najprawdopodobniej w ko\u015bciele Mariackim, potem przemarsz pod Wawel. W Warszawie za organizacj\u0119 uroczysto\u015bci odpowiada warszawski klub \u201eGazety Polskiej\u201d, w Krakowie &#8211; krakowski. Kluby te dzia\u0142aj\u0105 w porozumieniu z innymi organizacjami spo\u0142ecznymi i zwi\u0105zkowymi. Pozosta\u0142e kluby prosimy o zorganizowanie przyjazdu do Warszawy i Krakowa.<\/p>\r\n<p>&nbsp;<\/p>\r\n<p><strong>Chroni\u0107 dzieci przed wystaw\u0105 smole\u0144sk\u0105<\/strong><\/p>\r\n<p>Dramatyczny przyk\u0142ad uderzania w pami\u0119\u0107 o tragicznie zmar\u0142ych w katastrofie smole\u0144skiej mia\u0142 miejsce w Krakowie, w Szkole Podstawowej nr 85. W plac\u00f3wce, kt\u00f3rej patronem jest ksi\u0105dz Kazimierz Jancarz, panuje tradycja, by urz\u0105dza\u0107 w listopadzie dzie\u0144 patrona i po\u0142\u0105czone z nim wystawy tematyczne, dotycz\u0105ce historii Polski. W zwi\u0105zku z tragicznymi wydarzeniami 10 kwietnia zdecydowano si\u0119, by najnowsza wystawa dotyczy\u0142a katastrofy rz\u0105dowego tupolewa. Decyzja nie powinna dziwi\u0107, tym bardziej \u017ce jednym z honorowych patron\u00f3w szko\u0142y by\u0142 \u015bp. prezes IPN Janusz Kurtyka. Przygotowano wystr\u00f3j szko\u0142y zgodny z tematyk\u0105 wystawy, przez jaki\u015b czas aktywna by\u0142a tak\u017ce wystawa multimedialna, po\u015bwi\u0119cona prezesowi Kurtyce, zawieraj\u0105ca m.in. zdj\u0119cia z czas\u00f3w, w kt\u00f3rych studiowa\u0142. Ponadto w szkole powsta\u0142a galeria, w kt\u00f3rej znalaz\u0142y si\u0119 zdj\u0119cia zwi\u0105zane z tragedi\u0105 &#8211; wyrazista fotografia wraku, demonstruj\u0105ca stan uszkodzenia samolotu, zdj\u0119cia przedstawiaj\u0105ce trumny na lotnisku nakryte bia\u0142o-czerwonymi flagami, Krakowskie Przedmie\u015bcie zastawione zniczami czy wreszcie sam pogrzeb Lecha i Marii Kaczy\u0144skich. Opr\u00f3cz tego pojawi\u0142y si\u0119 zdj\u0119cia pary prezydenckiej i ostatniego prezydenta na uchod\u017astwie Ryszarda Kaczorowskiego, marsza\u0142k\u00f3w Sejmu, senator\u00f3w i pos\u0142\u00f3w oraz pilot\u00f3w i wojskowych.<\/p>\r\n<p>Wystawa by\u0142a bowiem po\u0142\u0105czona z drug\u0105, na kt\u00f3rej zaprezentowano, kto z poleg\u0142ych, jakie zajmowa\u0142 stanowisko, jak\u0105 funkcj\u0119 pe\u0142ni\u0142 w strukturach pa\u0144stwa polskiego. Ca\u0142y projekt zosta\u0142 skrytykowany w internetowym wydaniu \u201eGazety Wyborczej\u201d (Gazeta.pl, 22 marca 2011), gdzie wyczyta\u0107 mo\u017cna m.in., \u017ce \u201eZdaniem psycholog\u00f3w z tematem \u015bmierci trzeba dzieci oswaja\u0107, ale takie zdj\u0119cia i wystawy wymagaj\u0105 komentarza. &#8211; Szczeg\u00f3lnie w sz\u00f3stym, si\u00f3dmym roku \u017cycia u dzieci pojawia si\u0119 l\u0119k przed \u015bmierci\u0105. To mo\u017ce by\u0107 trudny i bolesny temat zw\u0142aszcza dla tych, kt\u00f3rym niedawno kto\u015b zmar\u0142, by\u0107 mo\u017ce pami\u0119taj\u0105 te\u017c sam\u0105 katastrof\u0119 i to mo\u017ce przywo\u0142ywa\u0107 smutne skojarzenia\u201d oraz \u017ce \u201ezdaniem rodzic\u00f3w szko\u0142a nie jest miejscem na takie wystawy\u201d.<\/p>\r\n<p>Dyrektorka szko\u0142y uwa\u017ca, \u017ce szum powsta\u0142y wok\u00f3\u0142 wystawy jest nieporozumieniem. &#8211; Nie widz\u0119 w niej nic specjalnego, to sztucznie nag\u0142o\u015bniona sprawa. Nie jestem pewna, w jakim celu sprawa zosta\u0142a tak rozdmuchana. By\u0107 mo\u017ce jest to wymierzone przeciwko mnie. Mo\u017ce kto\u015b chcia\u0142 wykreowa\u0107 mnie na PiS-owskiego oszo\u0142oma &#8211; m\u00f3wi w rozmowie z dziennikarzami \u201eGP\u201d Barbara Nowak. Sprawa podzieli\u0142a zreszt\u0105 \u015brodowisko szkolne. &#8211; Ci, kt\u00f3rzy pragn\u0105 kontynuowania przes\u0142ania ksi\u0119dza Jancarza i wychowywania m\u0142odzie\u017cy w duchu patriotycznym, s\u0105 uwa\u017cani za oszo\u0142om\u00f3w z PiS, z drugiej strony mamy ludzi normalnych, spokojnych, kt\u00f3rzy nie chc\u0105 traumy; bo pono\u0107 traum\u0119 wywo\u0142uje zdj\u0119cia z wystawy &#8211; komentuje by\u0142a dyrektorka.<\/p>\r\n<p>Smutek i traum\u0119 ma wywo\u0142ywa\u0107 tak\u017ce umieszczona w szkole ekspozycja \u201eO\u0142tarza Solidarno\u015bci\u201d &#8211; pami\u0105tki po mszach czwartkowych, kt\u00f3re odprawia\u0142 ks. Kazimierz Jancarz w latach 80. XX wieku w Mistrzejowicach. Wed\u0142ug pani dyrektor, nie jest to prawda. &#8211; Znam te dzieci. Ucz\u0119 je historii, wi\u0119c wiem, \u017ce gdy s\u0105 traktowane powa\u017cnie i powa\u017cnie si\u0119 z nimi rozmawia o tym, co si\u0119 wydarzy\u0142o w Smole\u0144sku, to dzieci przyjmuj\u0105 to w spos\u00f3b naturalny, nie jest to dla nich traum\u0105.<\/p>\r\n<p>Podobnie dyrektorka odnosi si\u0119 do tego, co dziennikarze \u201eGW\u201d pisz\u0105 o zastrze\u017ceniach rodzic\u00f3w, t\u0142umacz\u0105c, \u017ce nie tylko nie protestowali, ale wr\u0119cz pomagali w tworzeniu wystawy multimedialnej po\u015bwi\u0119conej prezesowi IPN. &#8211; Do dnia dzisiejszego nie s\u0142ysza\u0142am od \u017cadnego rodzica, \u017ce ma jakiekolwiek w\u0105tpliwo\u015bci, faktycznie jednak pojawi\u0142y si\u0119 jakie\u015b anonimowe donosy; nie jestem w stanie powiedzie\u0107, czy stoj\u0105 za nimi rodzice uczni\u00f3w &#8211; t\u0142umaczy dziennikarzom \u201eGP\u201d.<\/p>\r\n<p>Zamieszanie wok\u00f3\u0142 sprawy spowodowa\u0142o, \u017ce szko\u0142\u0119 odwiedzi\u0142a z niezapowiedzian\u0105 wizyt\u0105 dyrektor krakowskiego wydzia\u0142u edukacji Anna Korfel-Jasi\u0144ska. Obejrza\u0142a \u201eO\u0142tarz\u201d i wystaw\u0119, pytaj\u0105c, jak d\u0142ugo jeszcze b\u0119dzie eksponowana, w jakim celu powsta\u0142a, kto wybiera\u0142 zdj\u0119cia. Dwa dni p\u00f3\u017aniej odby\u0142a si\u0119 kolejna inspekcja &#8211; tym razem pojawi\u0142a si\u0119 osoba maj\u0105ca bezpo\u015bredni\u0105 piecz\u0119 nad szko\u0142\u0105, inspektor. Ta stwierdzi\u0142a, \u017ce \u201eO\u0142tarz Solidarno\u015bci\u201d, a \u015bci\u015blej prezentowane \u015bwieczniki mog\u0105 stwarza\u0107 niebezpiecze\u0144stwo dla dzieci. &#8211; To nie s\u0105 sprawy wydzia\u0142u edukacji, poza tym jeszcze raz m\u00f3wi\u0119, ta wystawa nikomu nie przeszkadza. Do mnie ani do obecnej pani dyrektor uwag nie zg\u0142aszano. Podejrzewam, \u017ce ten, kto podni\u00f3s\u0142 ca\u0142\u0105 spraw\u0119, chcia\u0142 wywo\u0142a\u0107 konflikt mi\u0119dzy lud\u017ami, kt\u00f3rzy chc\u0105 pami\u0119ta\u0107 o Smole\u0144sku i godnie uczci\u0107 t\u0119 rocznic\u0119, a osobami pragn\u0105cymi wymazania pami\u0119ci o poleg\u0142ych. Na fali tych wydarze\u0144 kto\u015b znalaz\u0142 pretekst, by zrobi\u0107 afer\u0119. Wystawa jest tylko znakiem pami\u0119ci, jak si\u0119 okazuje znak pami\u0119ci przeszkadza nawet na terenie szko\u0142y. Zastanawia tak\u017ce fakt, \u017ce donosy podnosz\u0105ce celowo\u015b\u0107 wystawy w naszej szkole pojawi\u0142y si\u0119 przed konkursem na dyrektora szko\u0142y &#8211; m\u00f3wi Barbara Nowak. (\u2026)<\/p>\r\n<p><strong><em>Magdalena Michalska, Piotr Lisiewicz<\/em><\/strong><\/p>\r\n<p><em>Wi\u0119cej w jutrzejszej \u201eGazecie Polskiej\u201d<\/em><\/p>","protected":false},"excerpt":{"rendered":"Zakazany koncert, kontrole w szkole, kt\u00f3ra zorganizowa\u0142a smole\u0144sk\u0105 wystaw\u0119, pomys\u0142y wy\u0142\u0105czenia Krakowskiego Przedmie\u015bcia z prawa do wolno\u015bci zgromadze\u0144, brak wycia syren dla uczczenia ofiar, o\u015bmieszanie obchod\u00f3w, tworzenie wok\u00f3\u0142 nich atmosfery odstr\u0119czaj\u0105cych partyjnych przepychanek, organizowanie konkurencyjnych uroczysto\u015bci &#8211; to tylko cz\u0119\u015b\u0107 repertuaru, jaki uruchomiono przeciwko naszym uroczysto\u015bciom w rocznic\u0119 10 kwietnia. A my i tak zrobimy [&hellip;]","protected":false},"author":3,"featured_media":0,"comment_status":"closed","ping_status":"closed","sticky":false,"template":"","format":"standard","meta":{"_acf_changed":false,"_monsterinsights_skip_tracking":false,"_monsterinsights_sitenote_active":false,"_monsterinsights_sitenote_note":"","_monsterinsights_sitenote_category":0,"ngg_post_thumbnail":0,"footnotes":"","_wp_rev_ctl_limit":""},"categories":[139],"tags":[98,137],"acf":[],"_links":{"self":[{"href":"https:\/\/www.bibula.com\/index.php?rest_route=\/wp\/v2\/posts\/35384"}],"collection":[{"href":"https:\/\/www.bibula.com\/index.php?rest_route=\/wp\/v2\/posts"}],"about":[{"href":"https:\/\/www.bibula.com\/index.php?rest_route=\/wp\/v2\/types\/post"}],"author":[{"embeddable":true,"href":"https:\/\/www.bibula.com\/index.php?rest_route=\/wp\/v2\/users\/3"}],"replies":[{"embeddable":true,"href":"https:\/\/www.bibula.com\/index.php?rest_route=%2Fwp%2Fv2%2Fcomments&post=35384"}],"version-history":[{"count":0,"href":"https:\/\/www.bibula.com\/index.php?rest_route=\/wp\/v2\/posts\/35384\/revisions"}],"wp:attachment":[{"href":"https:\/\/www.bibula.com\/index.php?rest_route=%2Fwp%2Fv2%2Fmedia&parent=35384"}],"wp:term":[{"taxonomy":"category","embeddable":true,"href":"https:\/\/www.bibula.com\/index.php?rest_route=%2Fwp%2Fv2%2Fcategories&post=35384"},{"taxonomy":"post_tag","embeddable":true,"href":"https:\/\/www.bibula.com\/index.php?rest_route=%2Fwp%2Fv2%2Ftags&post=35384"}],"curies":[{"name":"wp","href":"https:\/\/api.w.org\/{rel}","templated":true}]}}