{"id":35305,"date":"2011-03-27T21:04:16","date_gmt":"2011-03-28T02:04:16","guid":{"rendered":"http:\/\/www.bibula.com\/?p=35305"},"modified":"2011-03-27T21:08:26","modified_gmt":"2011-03-28T02:08:26","slug":"we-lwowie-znow-pokrzywdzono-polakow","status":"publish","type":"post","link":"https:\/\/www.bibula.com\/?p=35305","title":{"rendered":"We Lwowie zn\u00f3w pokrzywdzono Polak\u00f3w"},"content":{"rendered":"<p><strong><em>W  poniedzia\u0142ek w\u0142adze polskie przekaza\u0142y Ukrai\u0144com na w\u0142asno\u015b\u0107 &#8222;Narodnyj  Dom&#8221; w Przemy\u015blu, a w czwartek w\u0142adze ukrai\u0144skie odm\u00f3wi\u0142y Polakom prawa  do ich ko\u015bcio\u0142a we Lwowie. I to wszystko Radek Sikorski nazywa &#8222;m\u0105dr\u0105  polityk\u0105 wschodni\u0105&#8221;.<\/em><\/strong><\/p>\r\n<blockquote>\r\n<h2>Parafia we Lwowie przegra\u0142a rozpraw\u0119 z w\u0142adzami miasta<\/h2>\r\n<p>Parafia  rzymskokatolicka \u015bw. Marii Magdaleny we Lwowie 24 marca przegra\u0142a we  lwowskim s\u0105dzie administracyjnym rozpraw\u0119 z w\u0142adzami miasta, nadal  jednak b\u0119dzie walczy\u0107 o zwrot ko\u015bcio\u0142a. Poinformowa\u0142 o tym KAI ks.  W\u0142odzimierz Ku\u015bnierz, proboszcz parafii. W by\u0142ej \u015bwi\u0105tyni mie\u015bci si\u0119 od  wielu lat Dom Muzyki Organowej i Kameralnej.<\/p>\r\n<p>Kap\u0142an  zapewni\u0142, \u017ce parafia zaskar\u017cy ten wyrok, dodaj\u0105c jednocze\u015bnie, \u017ce sam  przebieg rozprawy wygl\u0105da\u0142 bardzo ciekawie. Przemawiali przedstawiciele  w\u0142adz miasta, pani z wydzia\u0142u w\u0142asno\u015bci miejskiej, dyrektor sali  organowej i bezpo\u015bredni przedstawiciel Rady Miejskiej. \u201eWsp\u00f3lne dla tych  wyst\u0105pie\u0144 by\u0142o to, \u017ce wszyscy wysuwali argumenty nie tyle prawne, co  natury politycznej. Podkre\u015blano, \u017ce nasze wymagania s\u0105 wyg\u00f3rowane, gdy\u017c w  por\u00f3wnaniu z tym, co si\u0119 robi dla Ukrai\u0144c\u00f3w w Polsce, u nas we Lwowie  jest o wiele lepiej Polakom. Przedstawicielka Rady Miejskiej powiedzia\u0142a  nawet, robi\u0105c aluzj\u0119 do naszego ko\u015bcio\u0142a, \u017ce wiele re\u017cim\u00f3w okupacyjnych  we Lwowie zostawi\u0142o swoje \u015blady architektoniczne, kt\u00f3re zupe\u0142nie nie  odpowiadaj\u0105 duchowi kultury ukrai\u0144skiej\u201d &#8211; powiedzia\u0142 ks. Ku\u015bnierz.<\/p>\r\n<p>Zdaniem  proboszcza, argumentacja ta jest zadziwiaj\u0105ca, gdy\u017c id\u0105c tym tropem  my\u015blenia, trzeba by \u201ebuldo\u017cerem przejecha\u0107 przez ca\u0142e centrum, przez  star\u00f3wk\u0119 Lwowa i zniszczy\u0107 wszystko, co nosi \u015blady architektoniczne  nieukrai\u0144skie\u201d, w tym katedr\u0119 greckokatolick\u0105 \u015bw. Jura, \u201ekt\u00f3ra jest  wybudowana w stylu zupe\u0142nie niecerkiewnym\u201d. A skoro te elementy obce dla  kultury ukrai\u0144skiej we Lwowie zosta\u0142y wzniesione r\u0119kami ludzi obcych,  czyli Polak\u00f3w, to znaczy, \u017ce traktuje si\u0119 nas \u201ejako element obcy\u201d,  kt\u00f3rego obecno\u015b\u0107 jedynie si\u0119 toleruje &#8211; zauwa\u017cy\u0142 ks. Ku\u015bnierz. Ks.  Ku\u015bnierz uwa\u017ca, \u017ce wypowiedzi przedstawicieli w\u0142adz miasta w s\u0105dzie  mo\u017cna uzna\u0107 za wyraz \u201edyskryminowania jako mniejszo\u015bci narodowej i  mniejszo\u015bci religijnej\u201d. Wi\u0119kszo\u015b\u0107 wiernych parafii \u015bw. Marii Magdaleny  jest bowiem Polakami.<\/p>\r\n<p>Czy parafia b\u0119dzie nadal  walczy\u0107 o zwrot ko\u015bcio\u0142a? \u201eOczywi\u015bcie &#8211; stwierdzi\u0142 proboszcz. &#8211; B\u0119dziemy  walczy\u0107. Chcieliby\u015bmy te\u017c odczu\u0107 wi\u0119cej pomocy ze strony w\u0142adz  ko\u015bcielnych, a\u017ceby parafia nie by\u0142a osamotniona w swojej walce, \u017ceby nas  podtrzymywali modlitewnie wszyscy ci, kt\u00f3rym zale\u017cy na tym, a\u017ceby w  Ko\u015bciele na Ukrainie dzia\u0142y si\u0119 dobre rzeczy\u201d.<\/p>\r\n<p class=\"zrodlo\">kcz (KAI Lw\u00f3w) \/ Lw\u00f3w<\/p>\r\n<\/blockquote>\r\n<p>&nbsp;<\/p>\r\n<blockquote>\r\n<h2>Parafia rzymskokatolicka \u015bw. Marii Magdaleny we Lwowie<\/h2>\r\n<p>Parafia  rzymskokatolicka \u015bw. Marii Magdaleny we Lwowie od 1991 r. domaga si\u0119  zwrotu swego XVII-wiecznego ko\u015bcio\u0142a, w kt\u00f3rym od czas\u00f3w komunistycznych  mie\u015bci si\u0119 Dom Muzyki Organowej i Kameralnej.<\/p>\r\n<p>Po decyzji Rady  Miejskiej Lwowa z 11 marca ub.r. o przed\u0142u\u017ceniu wynajmu ko\u015bcio\u0142a na cele  muzyczne na dalszych 20 lat wsp\u00f3lnota parafialna zwr\u00f3ci\u0142a si\u0119 do s\u0105du w  Kijowie. Wcze\u015bniej miejscowy proboszcz, ks. Ku\u015bnierz i prawie 500  parafian wystosowali apel do w\u0142adz i spo\u0142ecze\u0144stwa miasta. Przypomniano w  nim, \u017ce Rada Lwowa podj\u0119\u0142a t\u0119 decyzj\u0119, nie uwzgl\u0119dniaj\u0105c potrzeb  wsp\u00f3lnoty parafialnej i jej wieloletnich stara\u0144 o zwrot lub przynajmniej  korzystanie na r\u00f3wnoprawnych warunkach ze swej prawowitej w\u0142asno\u015bci.<\/p>\r\n<p>Nabo\u017ce\u0144stwa  w ko\u015bciele s\u0105 odprawiane od 2001 r., ale centralne przej\u015bcie do o\u0142tarza  jest zastawione \u0142awkami, kt\u00f3rych nie mo\u017cna przesuwa\u0107, poniewa\u017c &#8211;  zdaniem dyrekcji &#8211; niszczy to posadzk\u0119. Ponadto zamurowane jest g\u0142\u00f3wne  wej\u015bcie do ko\u015bcio\u0142a. Parafia nie mo\u017ce te\u017c korzysta\u0107 z ko\u015bcielnych  organ\u00f3w, umieszczonych w \u015bwi\u0105tyni w 1936 r. Po ka\u017cdej Mszy \u015bw. ksi\u0105dz  przewozi w bezpieczne miejsce Naj\u015bwi\u0119tszy Sakrament. Rada uzasadnia sw\u0105  odmow\u0119 zwrotu \u015bwi\u0105tyni, powo\u0142uj\u0105c si\u0119 na znaczenie znajduj\u0105cych si\u0119 w  niej organ\u00f3w dla kulturalnego \u017cycia miasta. Jest to najwi\u0119kszy  instrument tego typu na Ukrainie.<\/p>\r\n<p>Wyposa\u017cenie ko\u015bcio\u0142a &#8211; o\u0142tarze  boczne, obrazy, rze\u017aby, konfesjona\u0142y, kl\u0119czniki, \u0142awki &#8211; cz\u0119\u015bciowo  przej\u0119\u0142y w\u0142adze, cz\u0119\u015bciowo zosta\u0142y one zniszczone; jeszcze inna cz\u0119\u015b\u0107  trafi\u0142a do muze\u00f3w. Baptysterium z freskami Jana Henryka Rosena  zamieniono na toalet\u0119, cenne freski zamalowano. Wie\u017ce ko\u015bcielne  pozbawiono krzy\u017cy, z przyko\u015bcielnego placu usuni\u0119to figur\u0119 Matki Bo\u017cej.  Jedyn\u0105 pozosta\u0142o\u015bci\u0105 po dawnej \u015bwietno\u015bci budynku jest o\u0142tarz g\u0142\u00f3wny i  epitafia ze zniszczonymi elementami dekoracyjnymi.<\/p>\r\n<p>Rzymskokatolicki  ko\u015bci\u00f3\u0142 pw. \u015bw. Marii Magdaleny, ufundowany w 1600 r. przez Ann\u0119  Pstroko\u0144sk\u0105 (obecnie przy ul. Bandery 8 &#8211; przed wojn\u0105 Leona Sapiehy)  wzniesiono w XVII w. wg projektu Wojciecha Kielara i Jana Godnego.  \u015awi\u0105tyni\u0119 rozbudowali wg projektu Macieja Urbanika pod koniec XVII w.  dominikanie, kt\u00f3rzy byli gospodarzami ko\u015bcio\u0142a i klasztoru do chwili  kasaty zakon\u00f3w, przeprowadzonej przez rz\u0105d austriacki w ramach tzw.  reformy j\u00f3zefi\u0144skiej.<\/p>\r\n<p>Budynek pe\u0142ni\u0142 funkcje sakralne do 1945 r.  Po wydaleniu ze Lwowa duchowie\u0144stwa i wiernych by\u0142 on przez pewien czas  zamkni\u0119ty. Otwarty ponownie w 1946 r. s\u0142u\u017cy\u0142 wiernym do pa\u017adziernika  1962 r. W \u015bwi\u0105tyni, przekazanej nast\u0119pnie Politechnice Lwowskiej,  urz\u0105dzono klub m\u0142odzie\u017cowy, a potem dzia\u0142aj\u0105c\u0105 do dzisiaj sal\u0119 organow\u0105.<\/p>\r\n<\/blockquote>\r\n<p>&nbsp;<\/p>\r\n<blockquote>\r\n<h2>S\u0105d administracyjny we Lwowie odrzuci\u0142 pro\u015bb\u0119 o zwrot Polakom ko\u015bcio\u0142a rzymskokatolickiej parafii pw. \u015bw. Marii Magdaleny.<\/h2>\r\n<p>Parafia  rzymskokatolicka pw. \u015bw. Marii Magdaleny we Lwowie od 1991 roku  bezskutecznie domaga si\u0119 zwrotu swego XVII-wiecznego ko\u015bcio\u0142a, w kt\u00f3rym  od czas\u00f3w komunistycznych mie\u015bci si\u0119 Dom Muzyki Organowej i Kameralnej i  gdzie obok nabo\u017ce\u0144stw odbywaj\u0105 si\u0119 tak\u017ce koncerty muzyczne. 11 marca  2010 r. Rada Miasta Lwowa podj\u0119\u0142a decyzj\u0119 o przed\u0142u\u017ceniu wynajmu  ko\u015bcio\u0142a na cele muzyczne na kolejne 20 lat. Odmow\u0119 zwrotu \u015bwi\u0105tyni  Polakom uzasadnia m.in. znaczeniem dla ukrai\u0144skiej kultury organ\u00f3w,  kt\u00f3re znajduj\u0105 si\u0119 w tym obiekcie.<br \/>Wsp\u00f3lnota parafialna, nie  zgadzaj\u0105c si\u0119 z odmow\u0105, zwr\u00f3ci\u0142a si\u0119 do s\u0105du w Kijowie. Ponadto  proboszcz parafii ks. W\u0142odzimierz Ku\u015bnierz z poparciem p\u00f3\u0142 tysi\u0105ca  parafian wystosowa\u0142 apel do w\u0142adz i spo\u0142ecze\u0144stwa Lwowa, przypominaj\u0105c,  \u017ce radni lwowscy, podejmuj\u0105c decyzj\u0119, nie uwzgl\u0119dnili potrzeb wsp\u00f3lnoty  parafialnej i jej wieloletnich stara\u0144 o zwrot lub przynajmniej  korzystanie na r\u00f3wnoprawnych warunkach ze swej prawowitej w\u0142asno\u015bci. <br \/>Nie  pomog\u0142y argumenty i to, \u017ce od 2001 r. w \u015bwi\u0105tyni odprawiane s\u0105  nabo\u017ce\u0144stwa. Nikomu z radnych Lwowa nie przeszkadza te\u017c fakt, \u017ce  przej\u015bcie do o\u0142tarza jest zastawione \u0142awkami, a g\u0142\u00f3wne wej\u015bcie do  ko\u015bcio\u0142a zamurowane. Wierni podczas nabo\u017ce\u0144stw nie mog\u0105 te\u017c korzysta\u0107 ze  wspomnianych ko\u015bcielnych organ\u00f3w. Nie m\u00f3wi\u0105c ju\u017c o tym, \u017ce po ka\u017cdej  Mszy \u015bw. kap\u0142an musi wywie\u017a\u0107 Naj\u015bwi\u0119tszy Sakrament w obawie przez jego  zbezczeszczeniem. <br \/>Jak podkre\u015bla ks. Ku\u015bnierz, s\u0105d nie podzieli\u0142  zdania parafian, uznaj\u0105c ich \u017c\u0105dania za zbyt wyg\u00f3rowane, natomiast  przyzna\u0142 racj\u0119 lwowskim rajcom, kt\u00f3rych argumentacja oscylowa\u0142a bardziej  wok\u00f3\u0142 polityki ni\u017c merytorycznych racji. Bulwersuj\u0105ce jest jednak to,  \u017ce sytuacj\u0119 Polak\u00f3w na Ukrainie okre\u015blono jako zdecydowanie lepsz\u0105 ni\u017c  Ukrai\u0144c\u00f3w w Polsce. Taka argumentacja bulwersuje \u015brodowiska polskich  Kresowiak\u00f3w. <br \/>Jak powiedzia\u0142 nam Stanis\u0142aw Szarzy\u0144ski, cz\u0142onek  Dyrektoriatu \u015awiatowego Kongresu Kresowian, Ukrai\u0144cy wobec zachowawczej  postawy polskich w\u0142adz i przychylno\u015bci wobec mniejszo\u015bci ukrai\u0144skiej  \u015bmiej\u0105 si\u0119 nam w twarz. &#8211; To ju\u017c kolejny dow\u00f3d &#8222;przychylno\u015bci i  \u017cyczliwo\u015bci&#8221; w\u0142adz Lwowa wobec Polak\u00f3w zamieszka\u0142ych we Lwowie, a tak\u017ce  przyk\u0142ad &#8222;dobros\u0105siedzkiej&#8221; wsp\u00f3\u0142pracyradnych i w\u0142adz partnerskich miast  &#8211; Przemy\u015bla i Lwowa &#8211; m\u00f3wi z nut\u0105 kpiny Stanis\u0142aw Szarzy\u0144ski.  Podkre\u015bla, \u017ce traktowanie Polak\u00f3w we Lwowie \u015bmia\u0142o mo\u017cna okre\u015bli\u0107 jako  przyk\u0142ad dyskryminacji mniejszo\u015bci narodowej i mniejszo\u015bci religijnej.  Jednocze\u015bnie przypomina, \u017ce decyzja lwowskiego s\u0105du zapad\u0142a zaledwie  trzy dni po uroczystym przekazaniu na w\u0142asno\u015b\u0107 Zwi\u0105zkowi Ukrai\u0144c\u00f3w w  Polsce budynku &#8222;Narodowego Domu&#8221; w Przemy\u015blu. Tymczasem, jak m\u00f3wi, ok.  30 tys. Polak\u00f3w we Lwowie od wielu lat nie mo\u017ce si\u0119 doprosi\u0107 godnego  lokalu na dzia\u0142alno\u015b\u0107 kulturaln\u0105. &#8211; To tylko potwierdza, \u017ce w stosunkach  z Ukrai\u0144cami jeste\u015bmy petentami i p\u00f3ki polskie w\u0142adze nie zajm\u0105  zdecydowanego stanowiska i nie stan\u0105 po stronie polskich obywateli  zamieszka\u0142ych na zachodniej Ukrainie, nie ma co liczy\u0107 nie lepsze  traktowanie Polski i Polak\u00f3w &#8211; przekonuje Stanis\u0142aw Szarzy\u0144ski. <br \/>Polacy  we Lwowie wprawdzie zapowiadaj\u0105 odwo\u0142anie od decyzji s\u0105du, ale patrz\u0105c  na dotychczasow\u0105 praktyk\u0119, trudno liczy\u0107, \u017ce decyzja ta b\u0119dzie korzystna  dla parafian ko\u015bcio\u0142a \u015bw. Marii Magdaleny.<\/p>\r\n<p><em><strong>Mariusz Kamieniecki<\/strong><\/em><\/p>\r\n<p class=\"zrodlo\">Za: <a href=\"http:\/\/www.naszdziennik.pl\/index.php?dat=20110328&amp;typ=po&amp;id=po05.txt\">Nasz Dziennik, Poniedzia\u0142ek, 28 marca 2011, Nr 72 (4003)<\/a><\/p>\r\n<\/blockquote>","protected":false},"excerpt":{"rendered":"W poniedzia\u0142ek w\u0142adze polskie przekaza\u0142y Ukrai\u0144com na w\u0142asno\u015b\u0107 &#8222;Narodnyj Dom&#8221; w Przemy\u015blu, a w czwartek w\u0142adze ukrai\u0144skie odm\u00f3wi\u0142y Polakom prawa do ich ko\u015bcio\u0142a we Lwowie. I to wszystko Radek Sikorski nazywa &#8222;m\u0105dr\u0105 polityk\u0105 wschodni\u0105&#8221;. Parafia we Lwowie przegra\u0142a rozpraw\u0119 z w\u0142adzami miasta Parafia rzymskokatolicka \u015bw. Marii Magdaleny we Lwowie 24 marca przegra\u0142a we lwowskim s\u0105dzie [&hellip;]","protected":false},"author":1,"featured_media":0,"comment_status":"closed","ping_status":"closed","sticky":false,"template":"","format":"standard","meta":{"_acf_changed":false,"_monsterinsights_skip_tracking":false,"_monsterinsights_sitenote_active":false,"_monsterinsights_sitenote_note":"","_monsterinsights_sitenote_category":0,"ngg_post_thumbnail":0,"footnotes":"","_wp_rev_ctl_limit":""},"categories":[8],"tags":[167],"acf":[],"_links":{"self":[{"href":"https:\/\/www.bibula.com\/index.php?rest_route=\/wp\/v2\/posts\/35305"}],"collection":[{"href":"https:\/\/www.bibula.com\/index.php?rest_route=\/wp\/v2\/posts"}],"about":[{"href":"https:\/\/www.bibula.com\/index.php?rest_route=\/wp\/v2\/types\/post"}],"author":[{"embeddable":true,"href":"https:\/\/www.bibula.com\/index.php?rest_route=\/wp\/v2\/users\/1"}],"replies":[{"embeddable":true,"href":"https:\/\/www.bibula.com\/index.php?rest_route=%2Fwp%2Fv2%2Fcomments&post=35305"}],"version-history":[{"count":0,"href":"https:\/\/www.bibula.com\/index.php?rest_route=\/wp\/v2\/posts\/35305\/revisions"}],"wp:attachment":[{"href":"https:\/\/www.bibula.com\/index.php?rest_route=%2Fwp%2Fv2%2Fmedia&parent=35305"}],"wp:term":[{"taxonomy":"category","embeddable":true,"href":"https:\/\/www.bibula.com\/index.php?rest_route=%2Fwp%2Fv2%2Fcategories&post=35305"},{"taxonomy":"post_tag","embeddable":true,"href":"https:\/\/www.bibula.com\/index.php?rest_route=%2Fwp%2Fv2%2Ftags&post=35305"}],"curies":[{"name":"wp","href":"https:\/\/api.w.org\/{rel}","templated":true}]}}