{"id":35274,"date":"2011-03-26T20:57:52","date_gmt":"2011-03-27T01:57:52","guid":{"rendered":"http:\/\/www.bibula.com\/?p=35274"},"modified":"2011-03-26T20:58:13","modified_gmt":"2011-03-27T01:58:13","slug":"premier-celebryci-i-jow-w-tvn24-jerzy-przystawa","status":"publish","type":"post","link":"https:\/\/www.bibula.com\/?p=35274","title":{"rendered":"Premier, celebryci i JOW w TVN24 &#8211; <em>Jerzy Przystawa<\/em>"},"content":{"rendered":"<p>Czytam na pasku TVN24: <strong><em>Premier: jeste\u015bmy jedynymi, kt\u00f3rzy chc\u0105 okr\u0119g\u00f3w jednomandatowych, wszyscy inni s\u0105 przeciw<\/em><\/strong>.<\/p>\r\n<p>Przed kamerami TVN24\u00a0(\u2018\u015aniadanie  z premierem\u2019, sobota 26 marca 2011) Premier spotka\u0142 si\u0119 z \u201ecelebrytami  artystycznymi\u201d. Popularny piosenkarz, Pawe\u0142 Kukiz, zada\u0142 mu pytanie i  postawi\u0142 zarzut nie wywi\u0105zania si\u0119 z obietnicy wprowadzenia JOW w  wyborach do Sejmu. Wywi\u0105za\u0142a si\u0119 ciekawa polemika. Premier zapewnia\u0142, \u017ce  robi w tej sprawie wszystko, a uparty Bard nieprzyjemnie si\u0119 go  czepia\u0142. Mi\u0119dzy innymi czepia\u0142 si\u0119 o to, \u017ce od wielu lat dzia\u0142a w Polsce  Ruch Obywatelski na rzecz JOW, kt\u00f3ry zorganizowa\u0142 ok. 60 konferencji na  ten temat i zorganizowa\u0142 szereg manifestacji pod nazw\u0105 \u201eMarsz na  Warszaw\u0119\u201d a Premier, ani nikt z jego partii, nie wykaza\u0142 \u017cadnego  zainteresowania, nawet nie wyszed\u0142 na spotkanie.<\/p>\r\n<p>Ciekawa  by\u0142a odpowied\u017a Premiera. Zapewni\u0142 on Kukiza, ze doskonale zna jego  koleg\u00f3w (?) z Ruchu JOW i dlatego proponuje mu por\u00f3wna\u0107 to, co zrobili  ci jego koledzy, przez prawie 20 lat organizuj\u0105c konferencje i marsze, a  to co zrobi\u0142 w tej sprawie on?<strong> <em>Oni nie zrobili nic i nie uzyskali nic, a on zrobi\u0142 wszystko co by\u0142o mo\u017cliwe:<\/em><\/strong> wprowadzi\u0142 JOW do Senatu, wprowadzi\u0142\u00a0JOW do samorz\u0105d\u00f3w lokalnych poni\u017cej miast na prawach powiatu!<\/p>\r\n<p>Odpowied\u017a  Premiera zas\u0142uguje na uwag\u0119. Wyobra\u017amy sobie, \u017ce jest jaki\u015b ruch  obywatelski, kt\u00f3ry postawi\u0142 sobie za cel zbudowanie w miejscowo\u015bci X  szpitala. I jest premier, kt\u00f3ry zapewnia wszystkich, \u017ce jest ca\u0142ym  sercem za budow\u0105 tego szpitala i dlatego wybudowa\u0142 ju\u017c boisko do gry w  kriketa, basen k\u0105pielowy i tor wy\u015bcigowy dla Formu\u0142y 1. I teraz m\u00f3wi: o  co wam chodzi? Przecie\u017c zrobi\u0142em wszystko, co by\u0142o w mojej mocy, tego  szpitala wam nie zbudowa\u0142em, bo lokalna klika lekarzy, kt\u00f3rzy maj\u0105 tu  prywatne praktyki, si\u0119 sprzeciwia.<\/p>\r\n<p>Ruch  Obywatelski na rzecz Jednomandatowych Okreg\u00f3w Wyborczych od samego  pocz\u0105tku wysuwa tylko jeden postulat: wybory w ma\u0142ych, jednomandatowych  okr\u0119gach wyborczych do Sejmu! Do Sejmu, a nie do Senatu, sejmik\u00f3w  wojew\u00f3dzkich czy rad gmin.<\/p>\r\n<p>Piosenkarz  Pawe\u0142 Kukiz, zauwa\u017cy\u0142 t\u0119 sprzeczno\u015b\u0107 i zwr\u00f3ci\u0142 Premierowi uwag\u0119 na  fakt, \u017ce: PO ma dzisiaj Prezydenta ze swojej partii, ma Senat, w kt\u00f3rym  wi\u0119kszo\u015b\u0107 stanowi\u0105 jej aktywi\u015bci. PO obiecywa\u0142a referendum w tej  sprawie. Prezydent ma prawo zarz\u0105dzi\u0107 referendum za zgod\u0105 Senatu..<\/p>\r\n<p>Premier zby\u0142 t\u0119 uwag\u0119 milczeniem.<\/p>\r\n<p>Przed  nami, lud\u017ami Ruchu JOW, stoi nie lada jakie zadanie: jak wspom\u00f3c  samotnego Premiera, kt\u00f3ry, otoczony wrogami i przeciwnikami, chce tego  samego, co my, tylko nic nie mo\u017ce? Podsuwam ten problem wszystkim,  kt\u00f3rzy razem z nami p\u00f3jd\u0105 znowu jesieni\u0105 w \u201eMarszu na Warszaw\u0119\u201d. Mo\u017ce  Premier tym razem do\u0142\u0105czy? Skoro my NIC nie zrobili\u015bmy, a On NIC nie  mo\u017ce, to wreszcie NIC plus NIC stworz\u0105 jak\u0105\u015b now\u0105 jako\u015b\u0107? P\u00f3jdziemy  razem z Panem Premierem b\u0142aga\u0107 Pana Prezydenta, \u017ceby zarz\u0105dzi\u0142  referendum? Mo\u017ce pos\u0142ucha?<\/p>\r\n<p><strong><em>Jerzy Przystawa<\/em><\/strong><\/p>","protected":false},"excerpt":{"rendered":"Czytam na pasku TVN24: Premier: jeste\u015bmy jedynymi, kt\u00f3rzy chc\u0105 okr\u0119g\u00f3w jednomandatowych, wszyscy inni s\u0105 przeciw. Przed kamerami TVN24\u00a0(\u2018\u015aniadanie z premierem\u2019, sobota 26 marca 2011) Premier spotka\u0142 si\u0119 z \u201ecelebrytami artystycznymi\u201d. Popularny piosenkarz, Pawe\u0142 Kukiz, zada\u0142 mu pytanie i postawi\u0142 zarzut nie wywi\u0105zania si\u0119 z obietnicy wprowadzenia JOW w wyborach do Sejmu. Wywi\u0105za\u0142a si\u0119 ciekawa polemika. [&hellip;]","protected":false},"author":1,"featured_media":0,"comment_status":"closed","ping_status":"closed","sticky":false,"template":"","format":"standard","meta":{"_acf_changed":false,"_monsterinsights_skip_tracking":false,"_monsterinsights_sitenote_active":false,"_monsterinsights_sitenote_note":"","_monsterinsights_sitenote_category":0,"ngg_post_thumbnail":0,"footnotes":"","_wp_rev_ctl_limit":""},"categories":[9],"tags":[98],"acf":[],"_links":{"self":[{"href":"https:\/\/www.bibula.com\/index.php?rest_route=\/wp\/v2\/posts\/35274"}],"collection":[{"href":"https:\/\/www.bibula.com\/index.php?rest_route=\/wp\/v2\/posts"}],"about":[{"href":"https:\/\/www.bibula.com\/index.php?rest_route=\/wp\/v2\/types\/post"}],"author":[{"embeddable":true,"href":"https:\/\/www.bibula.com\/index.php?rest_route=\/wp\/v2\/users\/1"}],"replies":[{"embeddable":true,"href":"https:\/\/www.bibula.com\/index.php?rest_route=%2Fwp%2Fv2%2Fcomments&post=35274"}],"version-history":[{"count":0,"href":"https:\/\/www.bibula.com\/index.php?rest_route=\/wp\/v2\/posts\/35274\/revisions"}],"wp:attachment":[{"href":"https:\/\/www.bibula.com\/index.php?rest_route=%2Fwp%2Fv2%2Fmedia&parent=35274"}],"wp:term":[{"taxonomy":"category","embeddable":true,"href":"https:\/\/www.bibula.com\/index.php?rest_route=%2Fwp%2Fv2%2Fcategories&post=35274"},{"taxonomy":"post_tag","embeddable":true,"href":"https:\/\/www.bibula.com\/index.php?rest_route=%2Fwp%2Fv2%2Ftags&post=35274"}],"curies":[{"name":"wp","href":"https:\/\/api.w.org\/{rel}","templated":true}]}}