{"id":35270,"date":"2011-03-26T17:44:13","date_gmt":"2011-03-26T22:44:13","guid":{"rendered":"http:\/\/www.bibula.com\/?p=35270"},"modified":"2011-03-26T20:59:40","modified_gmt":"2011-03-27T01:59:40","slug":"pobito-dziennikarza-za-prawde-o-tvp","status":"publish","type":"post","link":"https:\/\/www.bibula.com\/?p=35270","title":{"rendered":"Pobito dziennikarza za prawd\u0119 o TVP"},"content":{"rendered":"<p><strong>Pawe\u0142 Miter, 24-latek, cz\u0142onek KSD, kt\u00f3ry dzi\u0119ki skutecznej prowokacji dziennikarskiej obna\u017cy\u0142 skrajne upolitycznienie obecnych w\u0142adz Telewizji Polskiej, zosta\u0142 skatowany przez nieznanych sprawc\u00f3w &#8211; dowiedzia\u0142 si\u0119 Portal Ksd.media.pl &#8211; Zosta\u0142em poobijany, wybito mi przedni z\u0105b i przekazano ostrze\u017cenie, \u017cebym uwa\u017ca\u0142 z kim rozmawiam i nie kontaktowa\u0142 si\u0119 ju\u017c z pras\u0105 &#8211; powiedzia\u0142 KSD Pawe\u0142 Miter.<\/strong><\/p>\r\n<p>Do pobicia dosz\u0142o na jednym ze strze\u017conych osiedli wroc\u0142awskich. Zaj\u015bcie mia\u0142o miejsce 23 marca 2011 r. (\u015broda). Dzie\u0144 wcze\u015bniej w tygodniku \u201eNasza Polska\u201d ukaza\u0142 si\u0119 wywiad z Paw\u0142em Miterem, w kt\u00f3rym m\u0142ody dziennikarz powiedzia\u0142 po raz pierwszy, \u017ce otrzymywa\u0142 SMS-y z pogr\u00f3\u017ckami. Pobicie zosta\u0142o zg\u0142oszone jednostce policyjnej we Wroc\u0142awiu.<\/p>\r\n<p>W marcu tego roku \u201eRzeczpospolita\u201d opisa\u0142a prowokacj\u0119 jakiej dokona\u0142 Pawe\u0142 Miter. 24-letni dziennikarz wys\u0142a\u0142 by\u0142emu prezesowi TVP W\u0142odzimierzowi \u0141awniczakowi maila z domeny jacek.michalowski@prezydent.pl sugeruj\u0105c, \u017ce mail zosta\u0142 wys\u0142any przez Jacka Micha\u0142owskiego, szefa kancelarii prezydenta Bronis\u0142awa Komorowskiego.<\/p>\r\n<p>Z tre\u015bci maila napisanego przez m\u0142odego prowokatora prezes z Woronicza dowiedzia\u0142 si\u0119, \u017ce prezydent Komorowski chcia\u0142by, \u017ceby Paw\u0142owi Miterze da\u0107 program w telewizji. Nied\u0142ugo po tym z ram\u00f3wki zdj\u0119to program \u201eWarto rozmawia\u0107\u201d red. Jana Pospieszalskiego (cz\u0142onka KSD). W tym czasie w\u0142adze TVP podpisa\u0142y wst\u0119pn\u0105 umow\u0119 z \u201ecz\u0142owiekiem od prezydenta\u201d, Paw\u0142em Miterem, na kwot\u0119 39 tys. z\u0142.<\/p>\r\n<p>Red. Miter dosta\u0142 program w TVP po mailu wskazuj\u0105cym na poparcie Bronis\u0142awa Komorowskiego, jednak tu\u017c po publikacji \u201eRzeczpospolitej\u201d dyrektorzy z TVP (Marian Kubalica i Andrzej Jeziorek, wspieraj\u0105cy anga\u017c Mitery w w telewizyjnej \u201eJedynce\u201d) z\u0142o\u017cyli zawiadomienie w prokuraturze oskar\u017caj\u0105c m\u0142odego dziennikarza o oszustwo. Pawe\u0142 Miter zacz\u0105\u0142 otrzymywa\u0107 SMS-y z pogr\u00f3\u017ckami, a\u017c w ko\u0144cu w dniu 23 marca zosta\u0142 dotkliwie pobity.<\/p>\r\n<p>Pawe\u0142 Miter jest cz\u0142onkiem Katolickiego Stowarzyszenia Dziennikarzy. Dokona\u0142 odwa\u017cnej i fachowej prowokacji dziennikarskiej, kt\u00f3ra pokaza\u0142a prawdziwe oblicze TVP, firmy, kt\u00f3ra na jedno skinienie politycznych mocodawc\u00f3w potrafi za\u0142atwi\u0107 niemal wszystko, \u0142\u0105cznie z programami. Jak ma si\u0119 to do obietnic prezydenta, premiera i rz\u0105du, zapowiadaj\u0105cych odpolitycznienie medi\u00f3w publicznych? Jak ma si\u0119 to do sytuacji, w kt\u00f3rej nie tak dawno Krajowa Rada Radiofonii i Telewizji wybra\u0142a nowe Rady Nadzorcze medi\u00f3w publicznych, kt\u00f3re podzielono w stricte polityczny spos\u00f3b pomi\u0119dzy PO-SLD i PSL? Na te pytania doskonale odpowiedzia\u0142 swoj\u0105 prowokacj\u0105 red. Pawe\u0142 Miter.<\/p>\r\n<p>Jednak czy polskie media pozwol\u0105 na bezkarne katowanie dziennikarzy za ich odwag\u0119 i b\u0119d\u0105 milcze\u0107 nad t\u0105 spraw\u0105? Na to pytanie odpowiedzie\u0107 mog\u0105 jedynie przedstawiciele prasy, radia i telewizji, do kt\u00f3rych apelujemy o odwag\u0119 i rzetelne opisywanie rzeczywisto\u015bci, kt\u00f3r\u0105 obna\u017cy\u0142 Pawe\u0142 Miter.<\/p>\r\n<p>Czas sko\u0144czy\u0107 z milczeniem o esbeckich metodach knebluj\u0105cych usta odwa\u017cnym dziennikarzom, metodach dalej stosowanych w XXI wieku w Polsce, o gro\u017abach, pobiciach i zastraszaniu. W Polsce nie b\u0119dzie drugiej Politkowskiej, a prawda o Telewizji Publicznej, tubie propagandowej polityk\u00f3w, nie mo\u017ce zosta\u0107 ukryta pod blichtrem nowomowy os\u00f3b odpowiedzialnych za skandal, kt\u00f3ry pokaza\u0142 \u015bwiatu red. Pawe\u0142 Miter.<\/p>\r\n<p>Pod informacj\u0105 na stronie KSD podpisa\u0142 si\u0119 Robert Wit Wyrostkiewicz, Prezes Oddzia\u0142u Warszawskiego Katolickiego Stowarzyszenia Dziennikarzy.<\/p>\r\n<p>Autor: Olga Alehno, | \u0179r\u00f3d\u0142o: ksd.media.pl<\/p>","protected":false},"excerpt":{"rendered":"Pawe\u0142 Miter, 24-latek, cz\u0142onek KSD, kt\u00f3ry dzi\u0119ki skutecznej prowokacji dziennikarskiej obna\u017cy\u0142 skrajne upolitycznienie obecnych w\u0142adz Telewizji Polskiej, zosta\u0142 skatowany przez nieznanych sprawc\u00f3w &#8211; dowiedzia\u0142 si\u0119 Portal Ksd.media.pl &#8211; Zosta\u0142em poobijany, wybito mi przedni z\u0105b i przekazano ostrze\u017cenie, \u017cebym uwa\u017ca\u0142 z kim rozmawiam i nie kontaktowa\u0142 si\u0119 ju\u017c z pras\u0105 &#8211; powiedzia\u0142 KSD Pawe\u0142 Miter. Do [&hellip;]","protected":false},"author":1,"featured_media":0,"comment_status":"closed","ping_status":"closed","sticky":false,"template":"","format":"standard","meta":{"_acf_changed":false,"_monsterinsights_skip_tracking":false,"_monsterinsights_sitenote_active":false,"_monsterinsights_sitenote_note":"","_monsterinsights_sitenote_category":0,"ngg_post_thumbnail":0,"footnotes":"","_wp_rev_ctl_limit":""},"categories":[8],"tags":[114,98,159],"acf":[],"_links":{"self":[{"href":"https:\/\/www.bibula.com\/index.php?rest_route=\/wp\/v2\/posts\/35270"}],"collection":[{"href":"https:\/\/www.bibula.com\/index.php?rest_route=\/wp\/v2\/posts"}],"about":[{"href":"https:\/\/www.bibula.com\/index.php?rest_route=\/wp\/v2\/types\/post"}],"author":[{"embeddable":true,"href":"https:\/\/www.bibula.com\/index.php?rest_route=\/wp\/v2\/users\/1"}],"replies":[{"embeddable":true,"href":"https:\/\/www.bibula.com\/index.php?rest_route=%2Fwp%2Fv2%2Fcomments&post=35270"}],"version-history":[{"count":0,"href":"https:\/\/www.bibula.com\/index.php?rest_route=\/wp\/v2\/posts\/35270\/revisions"}],"wp:attachment":[{"href":"https:\/\/www.bibula.com\/index.php?rest_route=%2Fwp%2Fv2%2Fmedia&parent=35270"}],"wp:term":[{"taxonomy":"category","embeddable":true,"href":"https:\/\/www.bibula.com\/index.php?rest_route=%2Fwp%2Fv2%2Fcategories&post=35270"},{"taxonomy":"post_tag","embeddable":true,"href":"https:\/\/www.bibula.com\/index.php?rest_route=%2Fwp%2Fv2%2Ftags&post=35270"}],"curies":[{"name":"wp","href":"https:\/\/api.w.org\/{rel}","templated":true}]}}