{"id":352,"date":"2006-05-16T00:00:00","date_gmt":"2006-05-16T00:00:00","guid":{"rendered":""},"modified":"-0001-11-30T00:00:00","modified_gmt":"-0001-11-30T04:00:00","slug":"","status":"publish","type":"post","link":"https:\/\/www.bibula.com\/?p=352","title":{"rendered":"Dar \u015brodowisk \u017cydowsko-maso\u0144skich dla Papie\u017ca podczas wizyty w Wadowicach"},"content":{"rendered":"<p>Podczas zbli\u017caj\u0105cej si\u0119 wizyty papie\u017ca Benedykta XVI w Polsce, mi\u0119dzynarodowa organizacja <em>Pave the Way Foundation (PTWF) <\/em> wr\u0119czy Papie\u017cowi oraz kardyna\u0142owi Stanis\u0142awowi Dziwiszowi specjalne pami\u0105tki b\u0119d\u0105ce symbolicznymi kopiami pomnika Jana Paw\u0142a II, kt\u00f3ry zostanie zbudowany w Jerozolimie, a postawiony w Wadowicach.<\/p>\r\n<p>27 maja br. w Wadowicach przedstawiciele organizacji <em>PTWF <\/em>zaprezentuj\u0105 kopi\u0119 pomnika, a przyjaciel papie\u017ca Jana Paw\u0142a II i zarazem cz\u0142onek Rady organizacji <em>PTWF<\/em> Jerzy Kluger odczyta po polsku list z podzi\u0119kowaniami za starania Jana Paw\u0142a II w rozwijaniu dialogu katolicko-\u017cydowskiego.<\/p>\r\n<p>Przewodnicz\u0105cy organizacji <em>PTWF<\/em> Gary L. Krupp [odznaczony Papieskim Orderem \u015bwi\u0119tego Grzegorza &#8211; <em>sic!<\/em>] powiedzia\u0142, \u017ce &#8222;Ten dar jest gestem pochodz\u0105cym z gl\u0119bi serca spo\u0142eczno\u015bci \u017cydowskiej dla swych braci i si\u00f3str chrze\u015bcijan na ca\u0142ym \u015bwiecie, i ma s\u0142u\u017cy\u0107 sta\u0142emu przypominaniu o historycznych osi\u0105gni\u0119ciach papie\u017ca Jana Paw\u0142a II w jego wysi\u0142kach maj\u0105cych na celu z\u0142agodzenie relacji pomi\u0119dzy religiami \u015bwiata.&#8221;<\/p>\r\n<p>&#8222;Doceniamy, \u017ce podczas trwania Jego [Jana Paw\u0142a II] pontyfikatu i wcze\u015bniej jeszcze jako biskup i arcybiskup Krakowa, kardyna\u0142 Karol Wojty\u0142a zmieni\u0142 nastawienie Polak\u00f3w w stosunku do Judaizmu i [zmieni\u0142 istniej\u0105ce nastawienie na] tolerancj\u0119 do innych.&#8221;  Gary L. Krupp doda\u0142 te\u017c, \u017ce &#8222;Ta epoka tolerancji i zrozumienia mo\u017cliwa by\u0142a w\u0142a\u015bnie dzi\u0119ki pracom papie\u017ca Jana Paw\u0142a II i b\u0119dzie entuzjastycznie kontynuowana przez jego sekretarza, us\u0142uguj\u0105cego Papie\u017cowi przez ponad 40 lat, i obecnego Arcybiskupa Krakowa, kardyna\u0142a Stanis\u0142awa Dziwisza.&#8221;<\/p>\r\n<p>&nbsp;<\/p>\r\n<p>KOMENTARZ <em>BIBU\u0141Y<\/em>: Gdy czyta si\u0119 oficjalne o\u015bwiadczenie o nazwie &#8222;Cele i Wizje organizacji <em>Pave the Way Foundation<\/em>&#8221; prezentowane na ich stronie internetowej, gdy czyta si\u0119 o ich dotychczasowych dzia\u0142aniach na polach &#8222;kultury, edukacji i promowania pokoju&#8221;, od razu wiadomo o jakiej to &#8222;kulturze, edukacji&#8221; i o jakim &#8222;pokoju&#8221; mowa jest. Nie, nie jest to Pok\u00f3j Chrystusowy, nie jest to krzewienie kultury \u0142aci\u0144skiej, nie jest to edukacja tomistyczna &#8211; wszystko natomiast jest dok\u0142adnie odwrotnie: mamy do czynienia z has\u0142ami specyficznie i \u015bci\u015ble maso\u0144skimi.\r\n<p>Chwalenie i stawianie kolejnych pomnik\u00f3w Janowi Paw\u0142owi II przez \u017cydowskie i maso\u0144skie organizacje, potwierdza znany od co najmniej 27 lat argument, i\u017c jako Papie\u017c promowa\u0142 idee, kt\u00f3re kwalifikowane by\u0142y za pontyfikat\u00f3w przedsoborowych papie\u017cy jako  sprzeczne z Nauk\u0105 Ko\u015bcio\u0142a. Nie ulega <em>\u017cadnej<\/em> w\u0105tpliwo\u015bci, \u017ce <em>wiele<\/em> niertodoksyjnych, zmierzaj\u0105cych w konsekwencji do destrukcji Wiary katolickiej poczyna\u0144 i wypowiedzi Jana Paw\u0142a II, by\u0142oby zakwalifowanych jako podstawa do ekskomunikacji, <em>je\u015bli<\/em> by\u0142yby wypowiedziane podczas pontyfikat\u00f3w przedsoborowych.<BR \/>\r\nKo\u015bci\u00f3\u0142 zmieni\u0142 si\u0119 do tego stopnia, \u017ce nie tylko przesta\u0142 walczy\u0107 z najzacieklejszymi i odwiecznymi wrogami Ko\u015bcio\u0142a &#8211; dzi\u015b wyst\u0119puj\u0105cymi w roli &#8222;tolerancyjnych&#8221; i \u0142agodnych wilk\u00f3w w owczej sk\u00f3rze &#8211; lecz sam przy\u0142\u0105czy\u0142 si\u0119 do ich ch\u00f3ru. Jest w procesie przepowiedzianej <em>autodestrukcji<\/em>. I za to stawiane s\u0105 pomniki.\r\n<p>\r\n\r\n<p align=\"justify\"><strong>&#8222;Zwolennik\u00f3w b\u0142\u0119d\u00f3w  nale\u017cy dzi\u015b szuka\u0107 ju\u017c nie w\u015br\u00f3d otwartych wrog\u00f3w Ko\u015bcio\u0142a, ale w samym  Ko\u015bciele: ukrywaj\u0105 si\u0119 oni &#8211; \u017ce tak powiemy &#8211; w samym wn\u0119trzu Ko\u015bcio\u0142a;  st\u0105d te\u017c mog\u0105 by\u0107 bardziej szkodliwi, bo s\u0105 mniej dostrzegalni&#8221;.<br \/>\r\n    <em>\u015bw. Pius X. <\/em><\/strong><em> Encyklika Pascendi Dominici Gregis. <\/em><\/p>\r\n<p>\r\n<p><strong>&#8222;Rzym straci wiar\u0119        i stanie si\u0119 siedzib\u0105 antychrysta&#8221;&nbsp;<br \/>\r\n  <\/strong>    (<em>Z or\u0119dzia Matki Bo\u017cej w La Salette 1846 r.<\/em>)\r\n<p>\r\n\r\n<p>\r\n<p>\r\n\r\n","protected":false},"excerpt":{"rendered":"Podczas zbli\u017caj\u0105cej si\u0119 wizyty papie\u017ca Benedykta XVI w Polsce, mi\u0119dzynarodowa organizacja Pave the Way Foundation (PTWF) wr\u0119czy Papie\u017cowi oraz kardyna\u0142owi Stanis\u0142awowi Dziwiszowi specjalne pami\u0105tki b\u0119d\u0105ce symbolicznymi kopiami pomnika Jana Paw\u0142a II, kt\u00f3ry zostanie zbudowany w Jerozolimie, a postawiony w Wadowicach. 27 maja br. w Wadowicach przedstawiciele organizacji PTWF zaprezentuj\u0105 kopi\u0119 pomnika, a przyjaciel papie\u017ca Jana [&hellip;]","protected":false},"author":1,"featured_media":0,"comment_status":"closed","ping_status":"open","sticky":false,"template":"","format":"standard","meta":{"_acf_changed":false,"_monsterinsights_skip_tracking":false,"_monsterinsights_sitenote_active":false,"_monsterinsights_sitenote_note":"","_monsterinsights_sitenote_category":0,"ngg_post_thumbnail":0,"footnotes":"","_wp_rev_ctl_limit":""},"categories":[3],"tags":[],"acf":[],"_links":{"self":[{"href":"https:\/\/www.bibula.com\/index.php?rest_route=\/wp\/v2\/posts\/352"}],"collection":[{"href":"https:\/\/www.bibula.com\/index.php?rest_route=\/wp\/v2\/posts"}],"about":[{"href":"https:\/\/www.bibula.com\/index.php?rest_route=\/wp\/v2\/types\/post"}],"author":[{"embeddable":true,"href":"https:\/\/www.bibula.com\/index.php?rest_route=\/wp\/v2\/users\/1"}],"replies":[{"embeddable":true,"href":"https:\/\/www.bibula.com\/index.php?rest_route=%2Fwp%2Fv2%2Fcomments&post=352"}],"version-history":[{"count":0,"href":"https:\/\/www.bibula.com\/index.php?rest_route=\/wp\/v2\/posts\/352\/revisions"}],"wp:attachment":[{"href":"https:\/\/www.bibula.com\/index.php?rest_route=%2Fwp%2Fv2%2Fmedia&parent=352"}],"wp:term":[{"taxonomy":"category","embeddable":true,"href":"https:\/\/www.bibula.com\/index.php?rest_route=%2Fwp%2Fv2%2Fcategories&post=352"},{"taxonomy":"post_tag","embeddable":true,"href":"https:\/\/www.bibula.com\/index.php?rest_route=%2Fwp%2Fv2%2Ftags&post=352"}],"curies":[{"name":"wp","href":"https:\/\/api.w.org\/{rel}","templated":true}]}}