{"id":35199,"date":"2011-03-25T09:29:55","date_gmt":"2011-03-25T14:29:55","guid":{"rendered":"http:\/\/www.bibula.com\/?p=35199"},"modified":"2011-03-25T09:40:29","modified_gmt":"2011-03-25T14:40:29","slug":"tygodnik-powszechny-odznacza-komisarza-polit-poprawnosci","status":"publish","type":"post","link":"https:\/\/www.bibula.com\/?p=35199","title":{"rendered":"Tygodnik Powszechny odznacza komisarza polit-poprawno\u015bci"},"content":{"rendered":"<p><strong>TP przyzna\u0142a w tym roku Medal \u015awi\u0119tego Jerzego ksi\u0119dzu Ludwikowi  Wi\u015bniewskiemu znanemu z publikowanych w Gazecie Wyborczej donos\u00f3w <\/strong>[1]<strong> na ko\u015bci\u00f3\u0142  oraz Jerzemu Jedlickiemu czo\u0142owemu komisarzowi polit-poprawno\u015bci w  naszym kraju.<\/strong><\/p>\r\n<p><em>Profesor Jerzy Jedlicki jest  wytrwa\u0142ym stra\u017cnikiem i komentatorem inteligenckiego losu i etosu.  Obro\u0144ca poni\u017conych i wykluczonych, czujny komentator polskich przyg\u00f3d z  wolno\u015bci\u0105, kt\u00f3ry w\u0142asnym przyk\u0142adem \u015bwiadczy, \u017ce cywilizacja szacunku  jest mo\u017cliwa.<\/em><\/p>\r\n<p><a href=\"https:\/\/lh6.googleusercontent.com\/-u68I_yNbqBA\/TYyNZKsFl3I\/AAAAAAAAAIg\/Z2M-GA3G3hU\/s1600\/jedlicki.JPG\"><img fetchpriority=\"high\" decoding=\"async\" class=\"alignleft\" style=\"border: 0pt none; margin: 10px;\" src=\"https:\/\/lh6.googleusercontent.com\/-u68I_yNbqBA\/TYyNZKsFl3I\/AAAAAAAAAIg\/Z2M-GA3G3hU\/s1600\/jedlicki.JPG\" border=\"0\" alt=\"\" width=\"230\" height=\"260\" align=\"left\" \/><\/a><em>Medal \u015awi\u0119tego Jerzego jest honorow\u0105 nagrod\u0105 \u201eTygodnika  Powszechnego\u201d, przyznawan\u0105 od 1993 r. za \u201ezmagania ze z\u0142em i uparte  budowanie dobra w \u017cyciu spo\u0142ecznym\u201d.<\/em>[2]<\/p>\r\n<p><strong>Profesor  Jedlicki jest przewodnicz\u0105cym rady programowej stowarzyszenia \u201eOtwarta  Rzeczpospolita\u201d (aka \u201eZamkni\u0119ty Kibuc\u201d <\/strong>[3]<strong>) czo\u0142owego organu  totalitaryzmu etnicznego w naszym kraju.<\/strong><\/p>\r\n<p><strong><\/strong>Stowarzyszenie to jest  kaga\u0144cowym stawiaj\u0105cym sobie za cel ograniczanie wolno\u015bci wypowiedzi,  zastraszanie, cenzurowanie i represjonowanie wszelkich niezgodnych z  \u017cydowskim punktem widzenia wypowiedzi.  Aktywnie wspiera anty-polskie  inicjatywy takie jak blokowanie przez \u017cydowsko-marksistowskie boj\u00f3wki  niezale\u017cnych patriotycznych obchod\u00f3w \u015bwi\u0119ta niepodleg\u0142o\u015bci [4].<\/p>\r\n<p>Jerzy Jedlicki m\u00f3wi w rozmowie z \u201eTP\u201d:<em> \u201e<strong>Broni\u0119 poprawno\u015bci politycznej<\/strong>.  Ma \u015bmieszne przegi\u0119cia i g\u0142upi\u0105 nazw\u0119, ale jest bardzo rozs\u0105dnym  pomys\u0142em, \u017ceby stara\u0107 si\u0119 nie obra\u017ca\u0107 nie tylko konkretnych ludzi, ale  ca\u0142ych grup rasowych, etnicznych, religijnych czy pod innymi wzgl\u0119dami  odmiennych. W cywilizacj\u0119 mi\u0142o\u015bci nie wierz\u0119, wierz\u0119 w cywilizacj\u0119  szacunku\u201d.[2]<\/em><\/p>\r\n<p><strong>\u201eCywilizacja  szacunku\u201d  w t\u0142umaczeniu z orwellowskiego to \u201ecywilizacja kontroli\u201d.  Szacunek jest tylko w jedn\u0105 stron\u0119 . Dla nich. Dla nas ju\u017c nie musi go  by\u0107.<\/strong><\/p>\r\n<p>Jacy laureaci taka kapitu\u0142a, odznaczenie, publikacja.<\/p>\r\n<p>Tylko co na to \u015bw. Jerzy?<\/p>\r\n<p><strong><em>Aladar<\/em><\/strong><\/p>\r\n<div class=\"zrodlo\">\r\n<p style=\"padding-left: 30px;\">Zdj\u0119cie i cytaty za onet.pl<\/p>\r\n<ol>\r\n<li><a href=\"http:\/\/wyborcza.pl\/1,75478,8813410,Dramatyczny_list_dominikanina__Winy_mojego_Kosciola.html\">http:\/\/wyborcza.pl\/1,75478,8813410,Dramatyczny_list_dominikanina__Winy_mojego_Kosciola.html<\/a><\/li>\r\n<li><a href=\"http:\/\/tygodnik.onet.pl\/30,0,61075,jerzy_jedlicki_i_ojciec_ludwik_wisniewski_laureatami_medalu_swietego_jerzego_2011,artykul.html\">http:\/\/tygodnik.onet.pl\/30,0,61075,jerzy_jedlicki_i_ojciec_ludwik_wisniewski_laureatami_medalu_swietego_jerzego_2011,artykul.html<\/a><\/li>\r\n<li><a href=\"http:\/\/strefa.nowyekran.pl\/post\/3194,stowarzyszenie-zamkniety-kibuc\">http:\/\/strefa.nowyekran.pl\/post\/3194,stowarzyszenie-zamkniety-kibuc<\/a><\/li>\r\n<li><a href=\"http:\/\/niepoprawnosci.blogspot.com\/2010\/11\/wojna-polsko-zydowska-pod-flaga-biao.html\">http:\/\/niepoprawnosci.blogspot.com\/2010\/11\/wojna-polsko-zydowska-pod-flaga-biao.html<\/a><\/li>\r\n<\/ol><\/div>\r\n<blockquote>\r\n<h2>Chamy i \u017bydy raz jeszcze<\/h2>\r\n<p><strong>Pan Marian Miszalski w \u015bwi\u0105tecznym numerze &#8222;Najwy\u017cszego CZASU!&#8221;   (&#8222;NCz!&#8221; nr 15-16\/06) wzi\u0105\u0142 w obron\u0119 Stanis\u0142awa Michalkiewicza i  s\u0142usznie. Niestety w artykule swym zatytu\u0142owanym &#8222;\u015aladami  Bermana i  Brystygierowej&#8221; wprowadza on w b\u0142\u0105d czytelnik\u00f3w, gdy wraca  do sprawy  s\u0142ynnego paszkwilu politycznego Witolda Jedlickiego, pisz\u0105c: &#8222;Z tych  samych powod\u00f3w s\u0142ynn\u0105 analiz\u0119 polityczna marca &#8217;68 \u00bbChamy i \u017bydy\u00ab pi\u00f3ra  profesora Jedlickiego, zamieszczon\u0105 w paryskiej \u00bbKulturze\u00ab (nr 12, rok  1962) nazywaj\u0105 uporczywie w \u00bbWyborczej\u00ab pamfletem&#8230;&#8221;. Ot\u00f3\u017c pan Marian w  swym zapami\u0119taniu polemicznym pomyli\u0142 par\u0119 rzeczy. &#8222;Chamy i \u017bydy&#8221; nie  s\u0105 analiz\u0105 wydarze\u0144 marcowych 1968 roku, kt\u00f3re wyprzedzi\u0142y o lat kilka, o  czym \u015bwiadczy data ich publikacji przytoczona przez pana Mariana, lecz  paszkwilem na pierwsze pokojowe zwyci\u0119stwo Polak\u00f3w nad sowieckim  Imperium Z\u0142a odniesionym w pa\u017adzierniku 1956 roku. Przynios\u0142o to  zwyci\u0119stwo szereg namacalnych korzy\u015bci Polakom w postaci rozwi\u0105zania  za\u0142o\u017conych pod przymusem ko\u0142choz\u00f3w, rozpadu stalinowskiego Zwi\u0105zku  M\u0142odzie\u017cy Polskiej, wycofania jawnych kom\u00f3rek UB w zak\u0142adach pracy, a  przede wszystkim uwolnienia ksi\u0119dza Prymasa Stefana Wyszy\u0144skiego z  internowania w klasztorze w Koma\u0144czy.<\/strong><\/p>\r\n<p>W roku 1962 agent  wp\u0142ywu gen. Mieczys\u0142awa Moczara (w\u0142. Niko\u0142aja Tichonowicza Diomki)  Witold Jedlicki zosta\u0142 wys\u0142any na \u017cydowskich papierach na Zach\u00f3d.   Umie\u015bci\u0142 on paszkwil na pa\u017adziernikowe zwyci\u0119stwo Polak\u00f3w w 1956 roku na  \u0142amach paryskiej &#8222;Kultury&#8221;, sugeruj\u0105c, i\u017c \u017cadnego zwyci\u0119stwa nie by\u0142o,  za\u015b Polacy dali si\u0119 wystrychn\u0105\u0107 na dudk\u00f3w. Znakomici psychologowie z MSW  dobrze wykalkulowali, \u017ce &#8222;Ksi\u0105\u017c\u0119 pan&#8221;, czyli red. Jerzy Giedrojc  nabierze si\u0119 na antykomunistyczn\u0105 retoryk\u0119 paszkwilu. Liczyli te\u017c na  niech\u0119\u0107 ksi\u0119cia pana do ksi\u0119dza Prymasa, kt\u00f3rego Witold Jedlicki  atakowa\u0142 bezpardonowo z pozycji nieprzejednanego antykomunizmu, co by\u0142o  bezczelnym zabiegiem polemicznym ze strony agenta UB (O wsp\u00f3\u0142pracy  Witolda Jedlickiego ze stalinowskim UB opowiedzia\u0142 red. Ewie  Polak-Pa\u0142kiewiczowej premier Jan Olszewski. Koledzy z Klubu Krzywego  Ko\u0142a dali si\u0119 nabra\u0107 na  nieudane samob\u00f3jstwo Jedlickiego w prote\u015bcie  przeciwko ubeckim szanta\u017com  i uznali w swej naiwno\u015bci, i\u017c godzien on  jest ich zaufania). Zadaniem Jedlickiego by\u0142o wm\u00f3wienie jego  czytelnikom, \u017ce uczestnicz\u0105ca w walkach frakcyjnych w \u0142onie kierownictwa  PZPR wewn\u0105trzpartyjna koteria proreformatorska zwana &#8222;Pu\u0142awianami&#8221; &#8211; to  w istocie stalinowcy, za\u015b promoskiewska koteria zwana &#8222;Natolinem&#8221; &#8211; to  ludzie antystalinowskiego Nikity Chruszczowa. Uczestnicy wydarze\u0144  pa\u017adziernikowych wprawdzie pami\u0119tali, \u017ce Kreml (i w tym Nikita  Chruszczow) konsekwentnie usi\u0142owa\u0142 powstrzyma\u0107 przemiany w Polsce i to w  obronie stanowisk &#8222;natoli\u0144czyk\u00f3w&#8221; we w\u0142adzach partyjnych podj\u0105\u0142 pr\u00f3b\u0119  interwencji zbrojnej, uruchamiaj\u0105c 19 pa\u017adziernika 1956 roku sowieckie  czo\u0142gi i okr\u0119ty wojenne, ale gen. Moczar i jego zausznik W. Jedlicki  liczyli na kr\u00f3tk\u0105 pami\u0119\u0107 Polak\u00f3w po up\u0142ywie kilku lat od tych wydarze\u0144.<\/p>\r\n<p>Najwa\u017cniejszym  atoli zadaniem propagandowym Jedlickiego by\u0142o wm\u00f3wienie czytelnikom, i\u017c  proreformatorscy &#8222;pu\u0142awianie&#8221; &#8211; to &#8222;\u017bydy&#8221;, za\u015b ich przeciwnicy z  &#8222;Natolina&#8221; &#8211; to &#8222;chamy&#8221; i rodowici Polacy. By\u0142o to oczywiste k\u0142amstwo,  poniewa\u017c \u017bydzi oraz Polacy \u017cydowskiego pochodzenia znajdowali si\u0119 w  obydwu zwalczaj\u0105cych si\u0119 koteriach (Nie m\u00f3wi\u0119 o frakcjach, gdy\u017c  stalinowski &#8222;centralizm demokratyczny&#8221; je wyklucza\u0142). &#8222;Natoli\u0144czyk\u00f3w&#8221;  \u017cydowskiego pochodzenia nazywano wtedy z przek\u0105sem &#8222;natolinerami&#8221;. Poza  tym W. Jedlicki ukrywa\u0142 przed czytelnikami i t\u0119 okoliczno\u015b\u0107, \u017ce w\u015br\u00f3d  &#8222;rodowitych&#8221; Polak\u00f3w w &#8222;natoli\u0144skim&#8221; gronie by\u0142o masa os\u00f3b  bia\u0142oruskiego, ukrai\u0144skiego i nawet niemieckiego pochodzenia z  Mieczys\u0142awem Moczarem alias Niko\u0142ajem Diomk\u0105 na czele.<\/p>\r\n<p>Wys\u0142anie  Witolda Jedlickiego z jego misj\u0105 propagandow\u0105 na Zach\u00f3d w roku 1962  \u015bwiadczy\u0142o, \u017ce ob\u00f3z promoskiewski ju\u017c wtedy przygotowywa\u0142 czystk\u0119  element\u00f3w &#8222;nieb\u0142agonadio\u017cnych&#8221;, czyli \u017ale ocenianych na Kremlu we  w\u0142adzach PRL oraz w LWP pod pozorem dymisjonowania \u017byd\u00f3w. W\u0142adys\u0142aw  Gomu\u0142ka (w odr\u00f3\u017cnieniu od jego poprzednika Boles\u0142awa Bieruta) nie  pozwala\u0142 Moskwie interweniowa\u0107 przy podejmowaniu decyzji personalnych.  Dlatego konspiracyjnie dzia\u0142aj\u0105cy ob\u00f3z promoskiewski przygotowywa\u0142  wstrz\u0105sy spo\u0142eczne w PRL, by wykorzysta\u0107 je dla wywierania nacisk\u00f3w na  Gomu\u0142k\u0119. O planowaniu wieloletnim w dzia\u0142aniach obozu promoskiewskiego  \u015bwiadczy afera gen. Zygmunta Duszy\u0144skiego, usuni\u0119tego z MON wskutek  d\u0119tego skandalu szpiegowskiego na wiele lat przed wydarzeniami marcowymi  1968 roku. Gen. Duszy\u0144ski &#8211; rodowity Polak, partyzant z GL i AL, by\u0142  \u017ale widziany w Moskwie, gdy\u017c w odr\u00f3\u017cnieniu od gen. Wojciecha  Jaruzelskiego miewa\u0142 w\u0142asne  zdanie w sporach z sowieckimi genera\u0142ami.  Moskwa planowa\u0142a usuni\u0119cie marsza\u0142ka Mariana Spychalskiego &#8211; osobistego  przyjaciela tow. Wies\u0142awa i zast\u0105pienie go swym &#8222;cz\u0142owiekiem&#8221;, czyli  gen. Jaruzelskim, ale na drodze jego awansu sta\u0142 starszy od niego  stopniem gen. Duszy\u0144ski. Wi\u0119c go usuni\u0119to w atmosferze skandalu  obyczajowo-szpiegowskiego. Nast\u0119pnie w 1968 roku Gomu\u0142ka musia\u0142 odwo\u0142a\u0107  marsza\u0142ka Spychalskiego pod naciskiem moskiewskiej agentury krzycz\u0105cej  na zebraniach partyjnych oficer\u00f3w LWP, \u017ce nie b\u0119d\u0105 s\u0142u\u017cy\u0107 pod &#8222;Mo\u0144kiem&#8221;.  &#8222;Mo\u0144kiem&#8221; tym mia\u0142 by\u0107 rodowity Polak Marian Spychalski, o\u017ceniony z  rodowit\u0105 Polk\u0105, okrzyczan\u0105 podobnie jak  i on \u017byd\u00f3wk\u0105. Ca\u0142a kampania  czystki w LWP pod kierownictwem gen. Jaruzelskiego oraz w organach  w\u0142adzy cywilnej i partyjnej pod kierownictwem Moczara-Diomki prowadzona  by\u0142a w atmosferze nagonki na elementy syjonistyczne, ale uderza\u0142a  g\u0142\u00f3wnie w Polak\u00f3w ciesz\u0105cych si\u0119 z\u0142\u0105 opini\u0105 w Moskwie. Jak mawia\u0142 m\u00f3j  kolega z celi wi\u0119ziennej Piotr \u0179ebru\u0144: &#8222;nie ten \u017byd, kto \u017byd, lecz kogo  Partia wska\u017ce&#8221;. Kampania antysemicka odgrywa\u0142a rol\u0119 zas\u0142ony dymnej,  kryj\u0105cej prawdziwe cele koterii moskiewskiej. Najlepszym przyk\u0142adem  \u00f3wczesnych manipulacji by\u0142a sprawa gen. Tadeusza Bo\u0144cza-Pi\u00f3ry,  pochodz\u0105cego z polskiej i katolickiej rodziny ziemia\u0144skiej i za to  dr\u0119czonego przez Informacj\u0119 Wojskow\u0105 w okresie stalinowskim, a  wydalonego z LWP przez gen. Jaruzelskiego po tym jak Centralna Komisja  Kontroli Partyjnej usun\u0119\u0142a go z szereg\u00f3w PZPR za rzekome ukrycie przez  niego \u017cydowskiego nazwiska Feder.<\/p>\r\n<p>\u017bydowskie <em>lobby<\/em> polityczne, o  kt\u00f3rym z takim gniewem pisze pan Marian, od lat akcentuje antysemicki  wyd\u017awi\u0119k nagonki marcowej 1968 roku, pomijaj\u0105c jej antypolskie aspekty.  Jacek Kuro\u0144 &#8211; przyw\u00f3dca Ruchu 8 Marca zaproponowa\u0142 nawet w III RP, by  dzie\u0144 8 marca obchodzi\u0107 nie jako dzie\u0144 polskiego studenta broni\u0105cego  godno\u015bci narodowej Polak\u00f3w, lecz jako dzie\u0144 \u017cydowskiego emigranta.  Zwraca\u0142em wielokrotnie uwag\u0119, \u017ce pami\u0119\u0107 \u017cydowskich emigrant\u00f3w nale\u017cy  czci\u0107 nie 8 marca, lecz w dzie\u0144 ha\u0144by Gomu\u0142ki czyli 19 marca, kiedy to  tow. Wies\u0142aw publicznie wezwa\u0142 \u017byd\u00f3w (ku uciesze w\u0142adz Izraela), by  wyje\u017cd\u017cali z PRL do &#8222;ziemi obiecanej&#8221;.<\/p>\r\n<p>Chcia\u0142bym te\u017c zwr\u00f3ci\u0107 uwag\u0119 na <em>qui pro quo<\/em>,  zawinione przez pana Mariana, gdy wymienia jako autora &#8222;Cham\u00f3w i \u017byd\u00f3w&#8221;  prof. Jedlickiego. Ot\u00f3\u017c prof. Jerzy Jedlicki &#8211;  rodzony brat Witolda  Jedlickiego, stoi dzi\u015b na czele Stowarzyszenia &#8222;Otwarta  Rzeczypospolita&#8221;, zarzucaj\u0105cego polskiej prawicy antysemityzm. W imieniu  tego stowarzyszenia dziennikarz &#8222;Gazety Wyborczej&#8221; Sergiusz Kowalski w  raporcie o j\u0119zyku nienawi\u015bci zaatakowa\u0142 mnie za moje s\u0142owa prawdy o  sprawie mordu na \u017bydach w Jedwabnem zamieszczone na \u0142amach &#8222;Najwy\u017cszego  CZASU!&#8221;, &#8222;Tygodnika Solidarno\u015b\u0107&#8221; oraz &#8222;Naszej Polski&#8221; i nawyzywa\u0142 mi od  antysemit\u00f3w (Dla r\u00f3wnowagi nawyzywa\u0142 mi te\u017c od \u017byd\u00f3w i nie udzieli\u0142 mi  odpowiedzi na pytanie, na jakiej podstawie mnie tak zaklasyfikowa\u0142).  Podobnie post\u0105pi\u0142 ostatnio tygodnik &#8222;Przekr\u00f3j&#8221; w ramach kampanii  przeciwko Radiu Maryja. Dziennikarz red. Piotra Najsztuba poprosi\u0142 mnie o  informacje o mym wieloletnim przyjacielu prof. Jerzym Robercie Nowaku,  atakowanym wielokrotnie przez &#8222;Gazet\u0119 Wyborcz\u0105&#8221;. Niezadowolony z mej  obrony jego dzia\u0142alno\u015bci publicystycznej, nawyzywa\u0142 prof. Jerzego  Roberta Nowaka od antysemit\u00f3w (podaj\u0105c dla r\u00f3wnowagi, i\u017c s\u0105 ludzie,  kt\u00f3rzy upieraj\u0105 si\u0119, \u017ce jest on \u017bydem o prawdziwym nazwisku Moryc  Nauman), za\u015b mnie zaliczy\u0142 do \u017byd\u00f3w, kt\u00f3rzy go wspieraj\u0105. Gdy go  zapyta\u0142em, na jakiej podstawie mnie tak zaklasyfikowa\u0142, odpowiedzia\u0142, \u017ce  jest got\u00f3w mnie przeprosi\u0107, ale tego oczywi\u015bcie nie uczyni\u0142. I to  wszystko w ramach walki z prawicowym antysemityzmem. Wyobra\u017cam sobie, co  by by\u0142o, gdybym ja sobie pozwoli\u0142 na nazwanie \u017bydami kogokolwiek z  tamtej strony barykady.<\/p>\r\n<p><em><strong>Antoni Zambrowski<\/strong><\/em><\/p>\r\n<p class=\"zrodlo\">Za: <a href=\"http:\/\/www.asme.pl\/114867692339477.shtml\">Publicystyka Antysocjalistycznego Mazowsza<\/a><\/p>\r\n<\/blockquote>","protected":false},"excerpt":{"rendered":"TP przyzna\u0142a w tym roku Medal \u015awi\u0119tego Jerzego ksi\u0119dzu Ludwikowi Wi\u015bniewskiemu znanemu z publikowanych w Gazecie Wyborczej donos\u00f3w [1] na ko\u015bci\u00f3\u0142 oraz Jerzemu Jedlickiemu czo\u0142owemu komisarzowi polit-poprawno\u015bci w naszym kraju. Profesor Jerzy Jedlicki jest wytrwa\u0142ym stra\u017cnikiem i komentatorem inteligenckiego losu i etosu. Obro\u0144ca poni\u017conych i wykluczonych, czujny komentator polskich przyg\u00f3d z wolno\u015bci\u0105, kt\u00f3ry w\u0142asnym przyk\u0142adem [&hellip;]","protected":false},"author":1,"featured_media":0,"comment_status":"closed","ping_status":"closed","sticky":false,"template":"","format":"standard","meta":{"_acf_changed":false,"_monsterinsights_skip_tracking":false,"_monsterinsights_sitenote_active":false,"_monsterinsights_sitenote_note":"","_monsterinsights_sitenote_category":0,"ngg_post_thumbnail":0,"footnotes":"","_wp_rev_ctl_limit":""},"categories":[8],"tags":[132,16,53,159,25,36],"acf":[],"_links":{"self":[{"href":"https:\/\/www.bibula.com\/index.php?rest_route=\/wp\/v2\/posts\/35199"}],"collection":[{"href":"https:\/\/www.bibula.com\/index.php?rest_route=\/wp\/v2\/posts"}],"about":[{"href":"https:\/\/www.bibula.com\/index.php?rest_route=\/wp\/v2\/types\/post"}],"author":[{"embeddable":true,"href":"https:\/\/www.bibula.com\/index.php?rest_route=\/wp\/v2\/users\/1"}],"replies":[{"embeddable":true,"href":"https:\/\/www.bibula.com\/index.php?rest_route=%2Fwp%2Fv2%2Fcomments&post=35199"}],"version-history":[{"count":0,"href":"https:\/\/www.bibula.com\/index.php?rest_route=\/wp\/v2\/posts\/35199\/revisions"}],"wp:attachment":[{"href":"https:\/\/www.bibula.com\/index.php?rest_route=%2Fwp%2Fv2%2Fmedia&parent=35199"}],"wp:term":[{"taxonomy":"category","embeddable":true,"href":"https:\/\/www.bibula.com\/index.php?rest_route=%2Fwp%2Fv2%2Fcategories&post=35199"},{"taxonomy":"post_tag","embeddable":true,"href":"https:\/\/www.bibula.com\/index.php?rest_route=%2Fwp%2Fv2%2Ftags&post=35199"}],"curies":[{"name":"wp","href":"https:\/\/api.w.org\/{rel}","templated":true}]}}