{"id":35121,"date":"2011-03-24T11:54:21","date_gmt":"2011-03-24T16:54:21","guid":{"rendered":"http:\/\/www.bibula.com\/?p=35121"},"modified":"2011-03-24T11:54:21","modified_gmt":"2011-03-24T16:54:21","slug":"kiedy-walesa-przeprosi-siebie-stanislaw-zaryn","status":"publish","type":"post","link":"https:\/\/www.bibula.com\/?p=35121","title":{"rendered":"Kiedy Wa\u0142\u0119sa przeprosi siebie? &#8211; <em>Stanis\u0142aw \u0179aryn<\/em>"},"content":{"rendered":"<p><strong><em>Nie mo\u017ce by\u0107 tak, \u017ceby Lech Wa\u0142\u0119sa wci\u0105\u017c by\u0142  bezpodstawnie pomawiany o wsp\u00f3\u0142prac\u0119 z SB. Przez nikogo. Z rozbawieniem  czekam wi\u0119c na nowy proces, Wa\u0142\u0119sa-Wa\u0142\u0119sa &#8211; pisze Stanis\u0142aw \u0179aryn.<\/em><\/strong><\/p>\r\n<p>Krzysztof Wyszkowski musi przeprosi\u0107 Lecha Wa\u0142\u0119s\u0119 za nazwanie go  tajnym i p\u0142atnym wsp\u00f3\u0142pracownikiem S\u0142u\u017cby Bezpiecze\u0144stwa w latach 70.  S\u0105d uzna\u0142, \u017ce by\u0142y zwi\u0105zkowiec nie przedstawi\u0142 wystarczaj\u0105cych dowod\u00f3w,  aby zarzuci\u0107 Wa\u0142\u0119sie agenturaln\u0105 przesz\u0142o\u015b\u0107. &#8211; Dozwolona publiczna  krytyka nie mo\u017ce narusza\u0107 godno\u015bci i dobrego imienia os\u00f3b, chyba, \u017ce  oparta jest na prawdziwych zarzutach i podj\u0119ta w celu ochrony  uzasadnionego interesu spo\u0142ecznego &#8211; powiedzia\u0142 s\u0119dzia Roman  Kowalkowski.<\/p>\r\n<p>By\u0142y prezydent Lech Wa\u0142\u0119sa odnosz\u0105c si\u0119 do wyroku przyzna\u0142, \u017ce  spodziewa\u0142 si\u0119 takiego rozstrzygni\u0119cia. &#8211; Ja wiedzia\u0142em, \u017ce inny wyrok  nie zapadnie. Sprawa by\u0142a czysta od pocz\u0105tku do ko\u0144ca, to by\u0142o  pom\u00f3wienie. (\u2026) Ja wiedzia\u0142em, \u017ce mam czyst\u0105 kart\u0119 &#8211; stwierdzi\u0142 Wa\u0142\u0119sa.<\/p>\r\n<p>Gdy Lech Wa\u0142\u0119sa otrzyma\u0142 w 2005 roku status pokrzywdzonego od IPN  zapowiedzia\u0142, \u017ce b\u0119dzie si\u0119 s\u0105dzi\u0142 z ka\u017cdym, kto oskar\u017cy go o wsp\u00f3\u0142prac\u0119  z SB. Obecnie, na fali wygranej sprawy z Wyszkowskim, z rozbawieniem  czekam na nowy proces. Proces Wa\u0142\u0119sa-Wa\u0142\u0119sa. Czy by\u0142y prezydent  zdecyduje si\u0119 wyst\u0105pi\u0107 przeciwko pod\u0142ym oszczerstwom, kt\u00f3re pod jego  adresem pad\u0142y 24 lutego w audycji Moniki Olejnik w TVN24? Przecie\u017c tam  Lech Wa\u0142\u0119sa powiedzia\u0142, \u017ce Lech Wa\u0142\u0119sa podpisa\u0142 zobowi\u0105zanie do  wsp\u00f3\u0142pracy ze S\u0142u\u017cb\u0105 Bezpiecze\u0144stwa! &#8211; W tamtym czasie wszyscy  podpisywali i ja te\u017c podpisa\u0142em. Podpisa\u0142em nie z my\u015bl\u0105, \u017ce kiedykolwiek  przejd\u0119 na tamt\u0105 stron\u0119, \u017ce zdradz\u0119, tylko z my\u015bl\u0105 &#8222;jak was ogra\u0107&#8221;,  &#8222;ju\u017c ja wiem, gdzie jest b\u0142\u0105d&#8221; &#8211; m\u00f3wi\u0142.<\/p>\r\n<p>Pytany o to, czy Lech Wa\u0142\u0119sa donosi\u0142 na koleg\u00f3w i bra\u0142 pieni\u0105dze,  go\u015b\u0107 TVN24 odpowiedzia\u0142 w spos\u00f3b bardzo wymijaj\u0105cy. Przyzna\u0142, \u017ce to on  &#8222;by\u0142 przyw\u00f3dc\u0105&#8221;, wi\u0119c donosi\u0142by w ten spos\u00f3b na siebie. &#8211; Podj\u0105\u0142em  decyzj\u0119, \u017ce wi\u0119cej zrobi\u0119 tak w\u0142a\u015bnie post\u0119puj\u0105c. Gdybym mia\u0142 powt\u00f3rzy\u0107  moje \u017cycie powt\u00f3rzy\u0142bym je dok\u0142adnie tak, jak robi\u0142em. Nawet z tymi  kontaktami z bezpiek\u0105, dlatego \u017ce tylko tak mo\u017cna by\u0142o ich ogra\u0107 &#8211; m\u00f3wi\u0142  Wa\u0142\u0119sa, pog\u0142\u0119biaj\u0105c jeszcze w\u0105tpliwo\u015bci dotycz\u0105ce przesz\u0142o\u015bci by\u0142ego  prezydenta.<\/p>\r\n<p>Licz\u0119 na to, \u017ce skandaliczne wypowiedzi z audycji Moniki Olejnik  doczekaj\u0105 si\u0119 r\u00f3wnie sprawiedliwej oceny, co s\u0142owa Wyszkowskiego. Nie  mo\u017ce tak by\u0107, \u017ceby Lech Wa\u0142\u0119sa wci\u0105\u017c by\u0142 bezpodstawnie pomawiany o  wsp\u00f3\u0142prac\u0119 z SB. Przez nikogo. Przecie\u017c audycja by\u0142a atakiem na dobre  imi\u0119 by\u0142ego przyw\u00f3dcy \u201eSolidarno\u015bci\u201d, niszczy\u0142a jego godno\u015b\u0107 i  dokonania. Licz\u0119, \u017ce adwokaci by\u0142ego prezydenta ju\u017c szykuj\u0105 pisma  procesowe, kt\u00f3re w najbli\u017cszych dniach trafi\u0105 do Lecha Wa\u0142\u0119sy.<\/p>\r\n<p>Czy Lech Wa\u0142\u0119sa ma dowody na swoje s\u0142owa? Czy przedstawi w s\u0105dzie  wiarygodny dow\u00f3d na poparcie tezy, \u017ce Lech Wa\u0142\u0119sa podpisa\u0142 zobowi\u0105zanie  do wsp\u00f3\u0142pracy? Czy przekona s\u0105d, \u017ce Lech Wa\u0142\u0119sa wsp\u00f3\u0142pracowa\u0142 z SB?  W\u0105tpi\u0119. By\u0142y prezydent b\u0119dzie chyba musia\u0142 przeprosi\u0107 za swoje s\u0142owa.<\/p>\r\n<p><strong><em>Stanis\u0142aw \u0179aryn<\/em><\/strong><\/p>\r\n<blockquote>\r\n<p><strong>KOMENTARZ <em>BIBU\u0141Y<\/em><\/strong>: Warto celem zarchiwizownia pewnych postaw wobec donosicielstwa, obrzydliwych wybor\u00f3w w pa\u0144stwie policyjnym PRL-u, oraz oczywistego wspierania systemu komunistycznego, przywo\u0142a\u0107 reakcj\u0119 prof. Adama Wielomskiego, prowadz\u0105cego portal konserwatyzm.pl, kt\u00f3ry na wie\u015b\u0107 o wyroku s\u0105dowym, pisze:<\/p>\r\n<p style=\"padding-left: 30px;\">Trudno mi zrozumie\u0107 Wyszkowskiego. Skoro Wa\u0142\u0119sa ju\u017c &#8222;oczy\u015bci\u0142&#8221; teczk\u0119 TW  &#8222;Bolek&#8221; i ma orzeczenie s\u0105du lustracyjnego o swojej niewinno\u015bci, to  wyrok s\u0105du m\u00f3g\u0142 by\u0107 tylko jeden. W zwi\u0105zku z tym wysuwanie kolejnych  oskar\u017ce\u0144 i procesowanie si\u0119 jest z g\u00f3ry skazane na niepowodzenie, a  drogo kosztuje. Swoje mo\u017cna my\u015ble\u0107, ale po co m\u00f3wi\u0107 co\u015b, o czym wiadomo,  \u017ce si\u0119 za to odpowie? A tak swoj\u0105 drog\u0105: kogo w og\u00f3le obchodzi czy 45  lat temu Lech Wa\u0142\u0119sa by\u0142 agentem SB? Jakie to ma dzi\u015b znaczenie? [aw] <a href=\"http:\/\/www.konserwatyzm.pl\/aktualnosci.php\/Wiadomosc\/8149\/\">link<\/a><\/p>\r\n<\/blockquote>","protected":false},"excerpt":{"rendered":"Nie mo\u017ce by\u0107 tak, \u017ceby Lech Wa\u0142\u0119sa wci\u0105\u017c by\u0142 bezpodstawnie pomawiany o wsp\u00f3\u0142prac\u0119 z SB. Przez nikogo. Z rozbawieniem czekam wi\u0119c na nowy proces, Wa\u0142\u0119sa-Wa\u0142\u0119sa &#8211; pisze Stanis\u0142aw \u0179aryn. Krzysztof Wyszkowski musi przeprosi\u0107 Lecha Wa\u0142\u0119s\u0119 za nazwanie go tajnym i p\u0142atnym wsp\u00f3\u0142pracownikiem S\u0142u\u017cby Bezpiecze\u0144stwa w latach 70. S\u0105d uzna\u0142, \u017ce by\u0142y zwi\u0105zkowiec nie przedstawi\u0142 wystarczaj\u0105cych [&hellip;]","protected":false},"author":1,"featured_media":0,"comment_status":"closed","ping_status":"closed","sticky":false,"template":"","format":"standard","meta":{"_acf_changed":false,"_monsterinsights_skip_tracking":false,"_monsterinsights_sitenote_active":false,"_monsterinsights_sitenote_note":"","_monsterinsights_sitenote_category":0,"ngg_post_thumbnail":0,"footnotes":"","_wp_rev_ctl_limit":""},"categories":[9],"tags":[98,36],"acf":[],"_links":{"self":[{"href":"https:\/\/www.bibula.com\/index.php?rest_route=\/wp\/v2\/posts\/35121"}],"collection":[{"href":"https:\/\/www.bibula.com\/index.php?rest_route=\/wp\/v2\/posts"}],"about":[{"href":"https:\/\/www.bibula.com\/index.php?rest_route=\/wp\/v2\/types\/post"}],"author":[{"embeddable":true,"href":"https:\/\/www.bibula.com\/index.php?rest_route=\/wp\/v2\/users\/1"}],"replies":[{"embeddable":true,"href":"https:\/\/www.bibula.com\/index.php?rest_route=%2Fwp%2Fv2%2Fcomments&post=35121"}],"version-history":[{"count":0,"href":"https:\/\/www.bibula.com\/index.php?rest_route=\/wp\/v2\/posts\/35121\/revisions"}],"wp:attachment":[{"href":"https:\/\/www.bibula.com\/index.php?rest_route=%2Fwp%2Fv2%2Fmedia&parent=35121"}],"wp:term":[{"taxonomy":"category","embeddable":true,"href":"https:\/\/www.bibula.com\/index.php?rest_route=%2Fwp%2Fv2%2Fcategories&post=35121"},{"taxonomy":"post_tag","embeddable":true,"href":"https:\/\/www.bibula.com\/index.php?rest_route=%2Fwp%2Fv2%2Ftags&post=35121"}],"curies":[{"name":"wp","href":"https:\/\/api.w.org\/{rel}","templated":true}]}}