{"id":35031,"date":"2011-03-22T14:07:24","date_gmt":"2011-03-22T19:07:24","guid":{"rendered":"http:\/\/www.bibula.com\/?p=35031"},"modified":"2011-03-22T14:08:00","modified_gmt":"2011-03-22T19:08:00","slug":"skandal-podczas-protestu-przed-%e2%80%9eznakiem%e2%80%9d","status":"publish","type":"post","link":"https:\/\/www.bibula.com\/?p=35031","title":{"rendered":"Skandal podczas protestu przed Wydawnictwem \u201eZnak&#8221;"},"content":{"rendered":"<p style=\"text-align: left;\"><strong>&#8222;Heil Hitler&#8221; krzyczeli ochroniarze z wydawnictwa &#8222;Znak&#8221; do  protestuj\u0105cych przeciwko rozpowszechnianiu ksi\u0105\u017cki Jana Tomasza Grossa  &#8222;Z\u0142ote \u0179niwa&#8221;.<\/strong><\/p>\r\n<p>&#8211; Protestujemy przeciwko wydawaniu antypolskich ksi\u0105\u017cek. \u201eZnak\u201d jest  r\u00f3wnie odpowiedzialny jak Gross &#8211; m\u00f3wi Ryszard Kapu\u015bci\u0144ski, szef Klub\u00f3w  \u201eGazety Polskiej\u201d, kt\u00f3rych cz\u0142onkowie, wraz z Lig\u0105 Obrony Suwerenno\u015bci,  pojawili si\u0119 przed siedzib\u0105 wydawnictwa \u201eZnak\u201d.<\/p>\r\n<p>Protest zwi\u0105zany by\u0142 z ksi\u0105\u017ck\u0105 \u201eZ\u0142ote \u0179niwa\u201d, kt\u00f3rej autor Jan Tomasz  Gross twierdzi, \u017ce Polacy czerpali korzy\u015bci z Holocaustu. Jej wydawc\u0105  jest \u201eZnak\u201d. Od kilku dni trwa akcja blokowania wszystkich mail firmy,  kt\u00f3r\u0105 &#8211; na r\u00f3wni z Grossem &#8211; obwinia si\u0119 za dzia\u0142alno\u015b\u0107 antypolsk\u0105.<\/p>\r\n<p>&#8211; Niedawno \u201eZnak\u201d odm\u00f3wi\u0142 wydania ksi\u0105\u017cki Romana Graczyka \u201eCena  przetrwania\u201d SB wobec Tygodnika Powszechnego\u201d, a teraz zgodzi\u0142 si\u0119  wypu\u015bci\u0107 na <a id=\"anchorbbtBubble165\">rynek<\/a> publikacj\u0119 jednoznacznie szkaluj\u0105c\u0105 Polak\u00f3w. Nie mo\u017cemy si\u0119 na to  zgodzi\u0107 &#8211; dodaje Kapu\u015bci\u0144ski, kt\u00f3ry wraz z Lig\u0105 Obrony Suwerenno\u015bci  apeluje, aby nie kupowa\u0107 ksi\u0105\u017cek \u201eZnaku\u201d.<\/p>\r\n<p>W trakcie protestu dosz\u0142o do skandalu. Cz\u0142onkowie manifestacji chcieli  z\u0142o\u017cy\u0107 w wydawnictwie &#8222;Znak&#8221; zdj\u0119cia\u00a0siedemdziesi\u0119ciu Polak\u00f3w &#8211;  Sprawiedliwych w\u015br\u00f3d Narod\u00f3w \u015awiata. Ochroniarze nie tylko porozrzucali  zdj\u0119cia, ale zacz\u0119li prowokowa\u0107 okrzykami &#8222;Heil Hitler&#8221;.<br \/> &#8211; To byli m\u0142odzi ludzie. Zapyta\u0142am si\u0119 ich, czy w og\u00f3le wiedz\u0105 co m\u00f3wi\u0105.  To wtedy jeden z nich krzykn\u0105\u0142 do mnie &#8222;ty hitler\u00f3wo&#8221;.\u00a0Zd\u0119bia\u0142am\u00a0&#8211;  opowiada Niezaleznej.pl.\u00a0 pani Krystyna (prosi o zachowanie  anonimowo\u015bci), kt\u00f3ra pojawi\u0142a si\u0119 przed krakowsk\u0105 siedzib\u0105 &#8222;Znaku&#8221;.<\/p>\r\n<p>Na witrynach gda\u0144skich ksi\u0119garni od kilku dni kto\u015b przykleja kartki  formatu A4 z napisem \u201eTu sprzedaj\u0105 antypolskie ksi\u0105\u017cki\u201d. W jednej z  ksi\u0119gar\u0144 zdj\u0119to ju\u017c \u201eZ\u0142ote \u017cniwa\u201d z wystawy (przy ul. Garncarskiej).<\/p>\r\n<p><img fetchpriority=\"high\" decoding=\"async\" class=\"aligncenter\" src=\"http:\/\/niezalezna.pl\/uploads\/foto\/2011\/03\/gross.jpg\" alt=\"\" width=\"576\" height=\"432\" \/><\/p>","protected":false},"excerpt":{"rendered":"&#8222;Heil Hitler&#8221; krzyczeli ochroniarze z wydawnictwa &#8222;Znak&#8221; do protestuj\u0105cych przeciwko rozpowszechnianiu ksi\u0105\u017cki Jana Tomasza Grossa &#8222;Z\u0142ote \u0179niwa&#8221;. &#8211; Protestujemy przeciwko wydawaniu antypolskich ksi\u0105\u017cek. \u201eZnak\u201d jest r\u00f3wnie odpowiedzialny jak Gross &#8211; m\u00f3wi Ryszard Kapu\u015bci\u0144ski, szef Klub\u00f3w \u201eGazety Polskiej\u201d, kt\u00f3rych cz\u0142onkowie, wraz z Lig\u0105 Obrony Suwerenno\u015bci, pojawili si\u0119 przed siedzib\u0105 wydawnictwa \u201eZnak\u201d. Protest zwi\u0105zany by\u0142 z ksi\u0105\u017ck\u0105 [&hellip;]","protected":false},"author":1,"featured_media":0,"comment_status":"closed","ping_status":"closed","sticky":false,"template":"","format":"standard","meta":{"_acf_changed":false,"_monsterinsights_skip_tracking":false,"_monsterinsights_sitenote_active":false,"_monsterinsights_sitenote_note":"","_monsterinsights_sitenote_category":0,"ngg_post_thumbnail":0,"footnotes":"","_wp_rev_ctl_limit":""},"categories":[8],"tags":[65,22,98],"acf":[],"_links":{"self":[{"href":"https:\/\/www.bibula.com\/index.php?rest_route=\/wp\/v2\/posts\/35031"}],"collection":[{"href":"https:\/\/www.bibula.com\/index.php?rest_route=\/wp\/v2\/posts"}],"about":[{"href":"https:\/\/www.bibula.com\/index.php?rest_route=\/wp\/v2\/types\/post"}],"author":[{"embeddable":true,"href":"https:\/\/www.bibula.com\/index.php?rest_route=\/wp\/v2\/users\/1"}],"replies":[{"embeddable":true,"href":"https:\/\/www.bibula.com\/index.php?rest_route=%2Fwp%2Fv2%2Fcomments&post=35031"}],"version-history":[{"count":0,"href":"https:\/\/www.bibula.com\/index.php?rest_route=\/wp\/v2\/posts\/35031\/revisions"}],"wp:attachment":[{"href":"https:\/\/www.bibula.com\/index.php?rest_route=%2Fwp%2Fv2%2Fmedia&parent=35031"}],"wp:term":[{"taxonomy":"category","embeddable":true,"href":"https:\/\/www.bibula.com\/index.php?rest_route=%2Fwp%2Fv2%2Fcategories&post=35031"},{"taxonomy":"post_tag","embeddable":true,"href":"https:\/\/www.bibula.com\/index.php?rest_route=%2Fwp%2Fv2%2Ftags&post=35031"}],"curies":[{"name":"wp","href":"https:\/\/api.w.org\/{rel}","templated":true}]}}