{"id":34829,"date":"2011-03-18T11:55:51","date_gmt":"2011-03-18T16:55:51","guid":{"rendered":"http:\/\/www.bibula.com\/?p=34829"},"modified":"2011-03-18T11:55:51","modified_gmt":"2011-03-18T16:55:51","slug":"%e2%80%9csolidarnosc%e2%80%9d-w-polskim-sejmie-jest-zakazana","status":"publish","type":"post","link":"https:\/\/www.bibula.com\/?p=34829","title":{"rendered":"&#8222;Solidarno\u015b\u0107&#8221; w polskim Sejmie jest zakazana"},"content":{"rendered":"<p><strong>W czwartek w Sejmie dosz\u0142o do sytuacji bez precedensu &#8211; Stra\u017c  Marsza\u0142kowska odebra\u0142a koszulki z logiem &#8222;Solidarno\u015bci\u201d dzia\u0142aczom  zwi\u0105zku, kt\u00f3rzy przyszli, by uczestniczy\u0107 w drugim czytaniu pakietu  ustaw zdrowotnych. <\/strong><\/p>\r\n<p>Cz\u0142onkowie Krajowego Sekretariatu Ochrony Zdrowia NSZZ &#8222;Solidarno\u015b\u0107\u201d  byli jedn\u0105 z grup, kt\u00f3rzy przybyli do Sejmu, by z galerii przygl\u0105da\u0107 si\u0119  drugiemu czytaniu ustaw zdrowotnych. Od pocz\u0105tku Stra\u017c Marsza\u0142kowska  utrudnia\u0142a im to zadanie najpierw nie pozwalaj\u0105c wej\u015b\u0107 do Sejmu, a  nast\u0119pnie odbieraj\u0105c koszulki z napisem &#8222;Solidarno\u015b\u0107&#8221;.<\/p>\r\n<p>&#8222;Dostali\u015bmy odpowied\u017a, \u017ce galeria nie jest miejscem do prezentowania  opcji politycznej. Logo &#8222;S\u201d by\u0142o przeszkod\u0105, \u017ceby wej\u015b\u0107 na obszar  galerii, cz\u0119\u015b\u0107 koleg\u00f3w by\u0142a wr\u0119cz rewidowana\u201d &#8211; opowiada dr Jacek  Sa\u0142kowski. Koszulki zosta\u0142y zarekwirowane i zwi\u0105zkowcom uda\u0142o si\u0119  odzyska\u0107 ich w\u0142asno\u015b\u0107 dopiero po interwencji pos\u0142a Tomasza Latosa.<\/p>\r\n<p>&#8222;Uniemo\u017cliwiono nam wej\u015bcie w tych koszulkach do Parlamentu, poniewa\u017c  stwierdzono, \u017ce te koszulki i ten symbol jest po prostu zakazany w  polskim Parlamencie. Nie wolno manifestowa\u0107 przynale\u017cno\u015bci zwi\u0105zkowej\u201d &#8211;  komentuje przewodnicz\u0105ca Krajowego Sekretariatu Ochrony Zdrowia NSZZ  &#8222;Solidarno\u015b\u0107\u201d Maria Ochman.<\/p>\r\n<p>Zauwa\u017ca, \u017ce &#8222;S\u201d nie znalaz\u0142a si\u0119 w czwartek w Parlamencie  przypadkiem, gdy\u017c to w\u0142a\u015bnie &#8222;S\u201d upomina\u0142a si\u0119 w 21 postulatach o prawa  pracownik\u00f3w i prawo do s\u0142u\u017cby zdrowia. Podkre\u015bla, \u017ce ta sytuacja jest  zupe\u0142nie niezrozumia\u0142a. &#8222;Tu nie ma \u017cadnych napis\u00f3w, kt\u00f3re by ur\u0105ga\u0142y  komukolwiek\u201d &#8211; m\u00f3wi. &#8222;&lt;Solidarno\u015b\u0107&gt; w polskim Sejmie jest  zakazana\u201d &#8211; dodaje.<\/p>\r\n<p>Oburzenia postaw\u0105 Stra\u017cy Marsza\u0142kowskiej nie kryje Tomasz Latos.  &#8222;Wed\u0142ug Stra\u017cy Marsza\u0142kowskiej s\u0142ynne na ca\u0142ym \u015bwiecie symbole &#8222;S\u201d s\u0105 w  polskim Sejmie zabronione\u201d &#8211; m\u00f3wi pose\u0142 PiS. &#8222;To w PRL-u trzeba by\u0142o  przemyca\u0107 znaczki z tym napisem. Nigdy nie przysz\u0142oby mi do g\u0142owy, \u017ce z  podobnymi represjami spotkam si\u0119 w polskim Sejmie\u201d &#8211; dodaje.<\/p>","protected":false},"excerpt":{"rendered":"W czwartek w Sejmie dosz\u0142o do sytuacji bez precedensu &#8211; Stra\u017c Marsza\u0142kowska odebra\u0142a koszulki z logiem &#8222;Solidarno\u015bci\u201d dzia\u0142aczom zwi\u0105zku, kt\u00f3rzy przyszli, by uczestniczy\u0107 w drugim czytaniu pakietu ustaw zdrowotnych. Cz\u0142onkowie Krajowego Sekretariatu Ochrony Zdrowia NSZZ &#8222;Solidarno\u015b\u0107\u201d byli jedn\u0105 z grup, kt\u00f3rzy przybyli do Sejmu, by z galerii przygl\u0105da\u0107 si\u0119 drugiemu czytaniu ustaw zdrowotnych. Od pocz\u0105tku [&hellip;]","protected":false},"author":1,"featured_media":0,"comment_status":"closed","ping_status":"closed","sticky":false,"template":"","format":"standard","meta":{"_acf_changed":false,"_monsterinsights_skip_tracking":false,"_monsterinsights_sitenote_active":false,"_monsterinsights_sitenote_note":"","_monsterinsights_sitenote_category":0,"ngg_post_thumbnail":0,"footnotes":"","_wp_rev_ctl_limit":""},"categories":[8],"tags":[16,98,87],"acf":[],"_links":{"self":[{"href":"https:\/\/www.bibula.com\/index.php?rest_route=\/wp\/v2\/posts\/34829"}],"collection":[{"href":"https:\/\/www.bibula.com\/index.php?rest_route=\/wp\/v2\/posts"}],"about":[{"href":"https:\/\/www.bibula.com\/index.php?rest_route=\/wp\/v2\/types\/post"}],"author":[{"embeddable":true,"href":"https:\/\/www.bibula.com\/index.php?rest_route=\/wp\/v2\/users\/1"}],"replies":[{"embeddable":true,"href":"https:\/\/www.bibula.com\/index.php?rest_route=%2Fwp%2Fv2%2Fcomments&post=34829"}],"version-history":[{"count":0,"href":"https:\/\/www.bibula.com\/index.php?rest_route=\/wp\/v2\/posts\/34829\/revisions"}],"wp:attachment":[{"href":"https:\/\/www.bibula.com\/index.php?rest_route=%2Fwp%2Fv2%2Fmedia&parent=34829"}],"wp:term":[{"taxonomy":"category","embeddable":true,"href":"https:\/\/www.bibula.com\/index.php?rest_route=%2Fwp%2Fv2%2Fcategories&post=34829"},{"taxonomy":"post_tag","embeddable":true,"href":"https:\/\/www.bibula.com\/index.php?rest_route=%2Fwp%2Fv2%2Ftags&post=34829"}],"curies":[{"name":"wp","href":"https:\/\/api.w.org\/{rel}","templated":true}]}}