{"id":34801,"date":"2011-03-17T22:16:32","date_gmt":"2011-03-18T03:16:32","guid":{"rendered":"http:\/\/www.bibula.com\/?p=34801"},"modified":"2011-03-17T22:19:33","modified_gmt":"2011-03-18T03:19:33","slug":"europejski-sad-nad-krzyzem","status":"publish","type":"post","link":"https:\/\/www.bibula.com\/?p=34801","title":{"rendered":"Europejski s\u0105d nad krzy\u017cem. W Polsce, minister Hall te\u017c wstydzi si\u0119 krzy\u017ca"},"content":{"rendered":"<p><strong><em>Dzi\u015b zapadnie ostateczny wyrok w sprawie obecno\u015bci krzy\u017ca w jednej z w\u0142oskich szk\u00f3\u0142<\/em><\/strong><\/p>\r\n<p><strong>Czy kampania ateistyczna, kt\u00f3rej symbolem sta\u0142a si\u0119 walka z krzy\u017cem,  dzi\u015b otrzyma kolejne wsparcie Europejskiego Trybuna\u0142u Praw Cz\u0142owieka w  Strasburgu? Wszystko zale\u017cy od ostatecznego wyroku w sprawie odwo\u0142awczej  &#8222;W\u0142ochy contra Lautsi&#8221;, kt\u00f3ry ma dzisiaj zapa\u015b\u0107. Cho\u0107 sprawa dotyczy  obecno\u015bci krzy\u017ca w klasach jednej z w\u0142oskich szk\u00f3\u0142, jej rezultat mo\u017ce  mie\u0107 daleko id\u0105ce konsekwencje dla dalszego kierunku interpretacji  Konwencji Praw Cz\u0142owieka. Je\u015bli Trybuna\u0142 potwierdzi ponownie, \u017ce rzekomo  wieszanie krzy\u017cy w klasach narusza prawa rodzic\u00f3w do wychowania dzieci  zgodnie z w\u0142asnymi przekonaniami i narusza wolno\u015b\u0107 religijn\u0105 uczni\u00f3w,  oznacza\u0107 to b\u0119dzie triumf laicyzmu, kt\u00f3ry d\u0105\u017cy do budowania Europy  pozbawionej wymiaru chrze\u015bcija\u0144skiego.<\/strong><\/p>\r\n<p>Dzi\u015b po po\u0142udniu  Wielka Izba Europejskiego Trybuna\u0142u Praw Cz\u0142owieka w Strasburgu wypowie  si\u0119 na temat odwo\u0142ania, jakie rz\u0105d W\u0142och z\u0142o\u017cy\u0142 po orzeczeniu w sprawie  krzy\u017ca w jednej ze szk\u00f3\u0142 publicznych wydanym w listopadzie 2009 roku.  Europejski Trybuna\u0142 Praw Cz\u0142owieka w Strasburgu orzek\u0142 w nim, \u017ce  wieszanie krzy\u017cy w klasach to naruszenie &#8222;prawa rodzic\u00f3w do wychowania  dzieci zgodnie z w\u0142asnymi przekonaniami&#8221; oraz &#8222;wolno\u015bci religijnej  uczni\u00f3w&#8221;. Ponadto nakaza\u0142 pa\u0144stwu w\u0142oskiemu wyp\u0142at\u0119 pochodz\u0105cej z  Finlandii obywatelce w\u0142oskiej odszkodowania w wysoko\u015bci 5 tysi\u0119cy euro  za &#8222;straty moralne&#8221; poniesione przez ni\u0105 z powodu obecno\u015bci krzy\u017ca w  szkole, do kt\u00f3rej ucz\u0119szcza\u0142o jej dziecko.<\/p>\r\n<p>&#8211; Wyrok przeciw obecno\u015bci  krzy\u017ca we w\u0142oskiej szkole z jednej strony pokaza\u0142, w jak ogromnym  stopniu laicyzm wnikn\u0105\u0142 do struktur europejskich, z drugiej za\u015b, \u017ce  ludzie tego laicyzmu po prostu nie chc\u0105 &#8211; zauwa\u017ca w rozmowie z &#8222;Naszym  Dziennikiem&#8221; w\u0142oski socjolog religii Massimo Introvigne, delegat OBWE  ds. walki z rasizmem, ksenofobi\u0105, dyskryminacj\u0105 i nietolerancj\u0105 wzgl\u0119dem  chrze\u015bcijan i wyznawc\u00f3w innych religii. Podkre\u015bla, \u017ce we W\u0142oszech  wszystkie partie polityczne, z wyj\u0105tkiem kilku ma\u0142ych ugrupowa\u0144 skrajnej  lewicy, zaprotestowa\u0142y przeciwko temu wyrokowi. Z przeprowadzonego w  tej kwestii sonda\u017cu wynika, \u017ce ponad 80 proc. W\u0142och\u00f3w, w tym tak\u017ce tych  niewierz\u0105cych, opowiada si\u0119 za obecno\u015bci\u0105 krzy\u017ca w szko\u0142ach. &#8211; Wielu  prawnik\u00f3w, tak\u017ce niechrze\u015bcijan, pot\u0119pi\u0142o ten wyrok, uznaj\u0105c go za  absurdalny, bo inaczej si\u0119 go okre\u015bli\u0107 nie da. Wierz\u0119 zatem, \u017ce tym  razem Trybuna\u0142 tego absurdu nie powt\u00f3rzy. Ale nigdy nie wiadomo&#8230; &#8211;  podkre\u015bla Massimo Introvigne.<\/p>\r\n<p>Trzeba zauwa\u017cy\u0107, \u017ce pa\u0144stwo w\u0142oskie,  kt\u00f3re wnios\u0142o odwo\u0142anie od decyzji Trybuna\u0142u w sprawie krzy\u017ca w szkole,  zosta\u0142o wsparte przez rz\u0105dy 14 pa\u0144stw. Polski jednak zabrak\u0142o w tym  gronie. Nasze Ministerstwo Spraw Zagranicznych w dniu rozprawy  odwo\u0142awczej w czerwcu ubieg\u0142ego roku wyda\u0142o jedynie lakoniczny komunikat  w j\u0119zyku polskim, \u017ce Polska wyra\u017ca swoje poparcie dla dzia\u0142a\u0144 w\u0142oskiego  rz\u0105du. Wspomniane obrady s\u0119dzi\u00f3w Wielkiej Izby Europejskiego Trybuna\u0142u  Praw Cz\u0142owieka mia\u0142y burzliwy przebieg i nie przynios\u0142y rozstrzygni\u0119cia.  St\u0105d te\u017c wyrok ma zapa\u015b\u0107 dopiero dzisiaj.<\/p>\r\n<p>&#8211; Chrze\u015bcijanie chc\u0105  obecno\u015bci krzy\u017ca w \u017cyciu publicznym, dlatego \u017ce ten znak towarzyszy nam  od pocz\u0105tku istnienia naszej religii. Krzy\u017c wyznacza nasz\u0105 to\u017csamo\u015b\u0107 i  trwale wtopi\u0142 si\u0119 tak\u017ce w to\u017csamo\u015b\u0107 europejsk\u0105 i stanowi jej podstaw\u0119 &#8211;  podkre\u015bla w rozmowie z &#8222;Naszym Dziennikiem&#8221; ks. prof. Waldemar  Chrostowski z Uniwersytetu Kardyna\u0142a Stefana Wyszy\u0144skiego. Jak zaznacza,  te wsp\u00f3\u0142czesne tendencje, kt\u00f3rych ostrze obraca si\u0119 przeciwko krzy\u017cowi,  s\u0105 w istocie pr\u00f3b\u0105 budowania nowej Europy pozbawionej swojego  chrze\u015bcija\u0144skiego wymiaru. Europy, kt\u00f3rej proponuje si\u0119 zupe\u0142nie inny  fundament ni\u017c ten, na kt\u00f3rym zosta\u0142a zbudowana.<\/p>\r\n<p>&#8211; Ten bardzo mocny  sprzeciw wobec Ewangelii i wobec krzy\u017ca wcze\u015bniej czy p\u00f3\u017aniej przyniesie  tragiczne \u017cniwo &#8211; przestrzega ks. prof. Waldemar Chrostowski, zwracaj\u0105c  uwag\u0119, \u017ce miejsce religii zajmie bezbo\u017cna ideologia. &#8211; Trzeba ju\u017c  dzisiaj powiedzie\u0107 g\u0142o\u015bne &#8222;nie&#8221; wobec pr\u00f3b wprowadzenia tego rodzaju  ideologii, kt\u00f3ra pr\u00f3buje przeforsowa\u0107 realizowanie wizji \u015bwiata bez Boga  &#8211; zauwa\u017ca. &#8211; Ale \u015bwiat bez Boga ma to do siebie, \u017ce zawsze obraca si\u0119  przeciwko cz\u0142owiekowi &#8211; dodaje.<\/p>\r\n<p>Walka o krzy\u017c w szkole, kt\u00f3rego  obecno\u015b\u0107 w krajach o katolickich korzeniach jak W\u0142ochy czy Polska od  zawsze by\u0142a przyjmowana w spos\u00f3b naturalny, rozpocz\u0119\u0142a si\u0119 w 2002 roku.  Wtedy Soile Lautsi Albertin, z pochodzenia Finka, u dyrekcji szko\u0142y, do  kt\u00f3rej ucz\u0119szcza\u0142y jej dzieci, i w s\u0105dach pr\u00f3bowa\u0142a uzyska\u0107 nakaz, by  zdj\u0119to krzy\u017ce w klasach. Nie uda\u0142o si\u0119 jej. Jednak 3 listopada 2009 r.  po jej stronie stan\u0105\u0142 Trybuna\u0142 Praw Cz\u0142owieka w Strasburgu, do kt\u00f3rego  zaskar\u017cy\u0142a W\u0142ochy. Reakcje by\u0142y natychmiastowe. Przedstawiciele rz\u0105du i  r\u00f3\u017cnych \u015brodowisk przypomnieli, \u017ce krzy\u017c jest g\u0142\u0119boko wpisany w histori\u0119  tego pa\u0144stwa. &#8211; W naszym kraju nikt nie chce narzuci\u0107 religii  katolickiej, a ju\u017c tym bardziej nie narzuca si\u0119 jej poprzez obecno\u015b\u0107  krzy\u017ca &#8211; m\u00f3wi\u0142a po og\u0142oszeniu wyroku Mariastella Gelmini, w\u0142oska  minister o\u015bwiaty. Pa\u0144stwo w\u0142oskie wnios\u0142o odwo\u0142anie od tej decyzji, a  dzi\u015b ma zapa\u015b\u0107 ostateczny wyrok w sprawie.<\/p>\r\n<p>Jak podkre\u015bla w rozmowie z  nami senator Zbigniew Cicho\u0144, adwokat, w tej sprawie bardzo du\u017ce  znaczenie mo\u017ce mie\u0107 zasada precedensu. &#8211; Wyznacza bowiem kierunek  interpretacji Konwencji Praw Cz\u0142owieka &#8211; wyja\u015bnia senator, przypominaj\u0105c  jednak, \u017ce po orzeczeniu pierwszej instancji m\u00f3wi\u0142o si\u0119, i\u017c krzy\u017c w  salach szkolnych mo\u017ce wisie\u0107 i nie narusza Europejskiej Konwencji Praw  Cz\u0142owieka. &#8211; Przez to bowiem, \u017ce wisi, nie zmusza nikogo do wyznawania  wiary &#8211; dodaje senator Cicho\u0144.<\/p>\r\n<p>Ale jak si\u0119 mo\u017cna by\u0142o spodziewa\u0107,  orzeczenie Europejskiego Trybuna\u0142u Praw Cz\u0142owieka z 2009 r. w sprawie  krzy\u017ca we w\u0142oskiej szkole sprowokowa\u0142o burzliw\u0105 debat\u0119 o miejscu krzy\u017ca w  przestrzeni publicznej w og\u00f3le, tak\u017ce w Polsce. Sprowokowa\u0142y te\u017c  przypadki bulwersuj\u0105cej agresji wobec tego znaku, kt\u00f3rej symbolem sta\u0142a  si\u0119 walka o krzy\u017c smole\u0144ski przed Pa\u0142acem Prezydenckim. Jednocze\u015bnie  jednak dyskusja o obecno\u015bci krzy\u017ca w przestrzeni publicznej by\u0142a  impulsem dla samych chrze\u015bcijan, by przemy\u015ble\u0107 t\u0119 spraw\u0119. Ruszy\u0142y akcje  wieszania krzy\u017cy tam, gdzie ich do tej pory nie by\u0142o, nawet w  instytucjach publicznych. Zawi\u0105za\u0142y si\u0119 grupy obrony krzy\u017ca i symboli  religijnych w przestrzeni publicznej.<\/p>\r\n<p><em><strong>Maria Popielewicz<\/strong><\/em><\/p>\r\n<blockquote>\r\n<h2>Z\u0142e t\u0142o dla minister<\/h2>\r\n<p><em><strong>Minister Katarzyna Hall zgodzi\u0142a si\u0119 wyst\u0105pi\u0107 w katolickiej szkole. Ale nie na tle krzy\u017ca<\/strong><\/em><\/p>\r\n<p><strong>Tym razem krzy\u017c okaza\u0142 si\u0119 przeszkod\u0105 w wyst\u0105pieniu minister edukacji  Katarzyny Hall, kt\u00f3ra odwiedzi\u0142a Zesp\u00f3\u0142 Szk\u00f3\u0142 Katolickich im. ks. Jana  D\u0142ugosza we W\u0142oc\u0142awku. Zosta\u0142 wi\u0119c zas\u0142oni\u0119ty na czas jej przem\u00f3wienia.<\/strong><\/p>\r\n<p>Minister  Katarzyna Hall pojecha\u0142a do W\u0142oc\u0142awka, aby z samorz\u0105dowcami i  dyrektorami szk\u00f3\u0142 porozmawia\u0107 o planowanych zmianach w o\u015bwiacie.  Spotkanie zosta\u0142o przygotowane w auli, na tle panoramy miasta, w kt\u00f3rej  centrum znajduje si\u0119 krzy\u017c na tamie &#8211; sk\u0105d oprawcy zrzucili do wody  cia\u0142o b\u0142. ks. Jerzego Popie\u0142uszki.<\/p>\r\n<p>Do tej pory ten krzy\u017c jeszcze  nikomu nie przeszkadza\u0142. &#8211; Krzy\u017c na tamie w\u0142oc\u0142awskiej wpisuje si\u0119 w  histori\u0119 Polski i naszego miasta. Odbywaj\u0105 si\u0119 przy nim uroczysto\u015bci  ponad podzia\u0142ami politycznymi z udzia\u0142em duchowie\u0144stwa, mieszka\u0144c\u00f3w, a  tak\u017ce polityk\u00f3w r\u00f3\u017cnych opcji &#8211; m\u00f3wi Katarzyna Zarzecka, wicedyrektor  szko\u0142y, odpowiedzialna za opraw\u0119 spotkania.<br \/>Jednak jeszcze zanim  minister zacz\u0119\u0142a przemawia\u0107, wicedyrektor z zaskoczeniem zauwa\u017cy\u0142a, \u017ce  krzy\u017c zosta\u0142 zas\u0142oni\u0119ty plansz\u0105 z napisem &#8222;W\u0142oc\u0142awek&#8221;. Bez wahania  ods\u0142oni\u0142a znak m\u0119cze\u0144stwa Chrystusa. Ale gdy tylko podesz\u0142a do drzwi,  banner ponownie go zas\u0142ania\u0142. &#8211; W tym momencie podbieg\u0142 do mnie cz\u0142owiek  z otoczenia minister Hall i bardzo stanowczo zakaza\u0142 mi przesuwania  banneru. Zapyta\u0142am, o co mu chodzi. W odpowiedzi us\u0142ysza\u0142am: &#8222;To ma  zas\u0142ania\u0107 krzy\u017c!&#8221; &#8211; relacjonuje Katarzyna Zarzecka. &#8211; Nie pomog\u0142y  argumenty, \u017ce jest to odwzorowanie panoramy naszego miasta. M\u0119\u017cczyzna  skwitowa\u0142 je wypowiedzi\u0105: &#8222;To tylko pani to wie, a my nie jeste\u015bmy na  spotkaniu modlitewnym&#8221; &#8211; przytacza wicedyrektor. &#8211; Jako osob\u0119 wierz\u0105c\u0105  bardzo mnie to zabola\u0142o &#8211; dodaje.<\/p>\r\n<p>Wicedyrektor Zespo\u0142u Szk\u00f3\u0142  Katolickich im. ks. Jana D\u0142ugosza we W\u0142oc\u0142awku &#8211; cho\u0107 mia\u0142a taki zamiar &#8211;  nie zd\u0105\u017cy\u0142a ponownie ods\u0142oni\u0107 krzy\u017ca, poniewa\u017c szefowa resortu wraz z  innymi go\u015b\u0107mi wesz\u0142a ju\u017c na aul\u0119.<\/p>\r\n<p>Dyrektor plac\u00f3wki ks. dr Jacek  K\u0119dzierski towarzyszy\u0142 wtedy minister Katarzynie Hall, a o ca\u0142ym zaj\u015bciu  dowiedzia\u0142 si\u0119 ju\u017c w trakcie przem\u00f3wienia. Zdarzenie z 28 lutego br.  ocenia bardzo krytycznie, a zachowanie otoczenia minister edukacji uwa\u017ca  za skrajnie naganne i niegodne.<br \/>Ksi\u0105dz K\u0119dzierski w swojej  10-letniej pracy na stanowisku dyrektora szko\u0142y katolickiej nigdy nie  spotka\u0142 si\u0119 z sytuacj\u0105, \u017ceby w tym miejscu symbole religijne kogokolwiek  dra\u017cni\u0142y. Nikt w jego szkole nie domaga\u0142 si\u0119 dot\u0105d usuni\u0119cia krzy\u017ca.  Samo spotkanie na temat szkolnictwa jego zesp\u00f3\u0142 przygotowywa\u0142 starannie,  maj\u0105c \u015bwiadomo\u015b\u0107, \u017ce b\u0119d\u0105 na nim obecne osoby z r\u00f3\u017cnych \u015brodowisk.<\/p>\r\n<p>&#8211;  Decyduj\u0105c si\u0119 na wizyt\u0119 w naszej szkole, pani minister Katarzyna Hall  mia\u0142a pe\u0142n\u0105 \u015bwiadomo\u015b\u0107, \u017ce udaje si\u0119 do szko\u0142y katolickiej, w kt\u00f3rej  dyrektorem jest ksi\u0105dz, i \u017ce nawi\u0105zanie do symboli religijnych jest tu  naturalne. Dlatego zachowanie os\u00f3b towarzysz\u0105cych pani minister jest dla  mnie wci\u0105\u017c niezrozumia\u0142e. Pytanie &#8211; czy by\u0142o to tylko nadu\u017cycie samych  pracownik\u00f3w, czy mo\u017ce realizacja wcze\u015bniejszych, z g\u00f3ry za\u0142o\u017conych  ustale\u0144. Niewykluczone, \u017ce s\u0105 to za\u0142o\u017cenia, kt\u00f3re dotycz\u0105 tak\u017ce innych  resort\u00f3w tego rz\u0105du &#8211; zastanawia si\u0119 ks. Jacek K\u0119dzierski.<br \/>Pose\u0142  Stanis\u0142aw O\u017c\u00f3g (PiS) nie wyobra\u017ca sobie, \u017ceby tego typu incydenty  zdarza\u0142y si\u0119 bez wiedzy i przyzwolenia szefowej MEN. &#8211; W ko\u0144cu to ka\u017cdy  minister dobiera sobie kadr\u0119 wsp\u00f3\u0142pracownik\u00f3w, kt\u00f3rym wydaje bie\u017c\u0105ce  polecenia i za kt\u00f3rych osobi\u015bcie odpowiada &#8211; podkre\u015bla parlamentarzysta.  Przypomina, \u017ce niezdrowa atmosfera wok\u00f3\u0142 dzia\u0142a\u0144 ministerstw  odpowiedzialnych za o\u015bwiat\u0119 i wychowanie na r\u00f3\u017cnych szczeblach jeszcze  si\u0119 pog\u0142\u0119bia. Pose\u0142 wskazuje na marginalizacj\u0119 historii w nauczaniu  podstawowym czy gimnazjalnym.<br \/>Jak powiedzia\u0142 w rozmowie z &#8222;Naszym  Dziennikiem&#8221; Grzegorz \u0179urawski, rzecznik prasowy MEN, nie by\u0142o intencj\u0105  kogokolwiek zas\u0142anianie symboli religijnych. &#8211; Mog\u0142o doj\u015b\u0107 jedynie do  niefortunnego zas\u0142oni\u0119cia panoramy W\u0142oc\u0142awka, na kt\u00f3rej widnieje krzy\u017c,  banerem z nazw\u0105 miasta &#8211; twierdzi \u0179urawski. W jego opinii, nie zrobi\u0142  tego nikt z otoczenia minister Hall, lecz jeden z organizator\u00f3w.  Tymczasem ks. dr Jacek K\u0119dzierski stanowczo podtrzymuje, \u017ce krzy\u017c  zakry\u0142a osoba towarzysz\u0105ca szefowej resortu.<\/p>\r\n<p>Skandal z W\u0142oc\u0142awka w  przekonaniu Stanis\u0142awa O\u017coga to przejaw dyskryminowania katolik\u00f3w w  Polsce i \u017ale rozumianego rozdzia\u0142u Ko\u015bcio\u0142a od pa\u0144stwa. Pose\u0142 wspomina,  \u017ce kiedy by\u0142 starost\u0105 rzeszowskim, sesje rozpoczyna\u0142a modlitwa ks.  Piotra Skargi &#8211; i nikomu to nie przeszkadza\u0142o. Tak zreszt\u0105 jest do  dzisiaj. W ocenie parlamentarzysty, krzy\u017c przeszkadza tylko tym, kt\u00f3rzy  boj\u0105 si\u0119 prawdy. &#8211; Strach przed prawd\u0105 powoduje ucieczk\u0119 od krzy\u017ca. W  imi\u0119 tzw. poprawno\u015bci politycznej czy \u017ale poj\u0119tej tolerancji nie wolno  ucieka\u0107 od krzy\u017ca, kt\u00f3ry towarzyszy\u0142 naszej bogatej, ale i trudnej  historii i kt\u00f3ry wpisany jest na trwa\u0142e w \u017cycie naszego Narodu. Komu  dzi\u015b przeszkadza krzy\u017c, \u017ce trzeba go zas\u0142ania\u0107? &#8211; pyta pose\u0142 O\u017c\u00f3g.<\/p>\r\n<p><strong>Hall odpowie na interpelacj\u0119<\/strong><\/p>\r\n<p>Tym  bardziej bulwersuje fakt, \u017ce do zdarzenia dosz\u0142o w katolickiej szkole  publicznej. Jaki to przyk\u0142ad dla m\u0142odzie\u017cy? Dlatego Stanis\u0142aw O\u017c\u00f3g  zapowiada, \u017ce niezw\u0142ocznie skieruje do minister Hall interpelacj\u0119  poselsk\u0105.<\/p>\r\n<p>&#8211; Niech minister Hall wyja\u015bni, niech publicznie przyzna si\u0119  do swojego zdania. Dlaczego tak si\u0119 zdarzy\u0142o, czemu mia\u0142o to s\u0142u\u017cy\u0107 i  czy jest to pojedynczy przypadek, czy mo\u017ce tak\u017ce w zwi\u0105zku z wizytacjami  plac\u00f3wek o\u015bwiatowych minister za ka\u017cdym razem wydaje dyspozycje, by  zas\u0142ania\u0107 wszelkie symbole religijne? Nie po to po okresie niewoli  komunistycznej Polacy zawieszali krzy\u017ce w szko\u0142ach i miejscach  publicznych, by teraz w\u0142adza, kt\u00f3ra mieni si\u0119 spadkobierczyni\u0105 pokolenia  &#8222;Solidarno\u015bci&#8221;, zn\u00f3w wymazywa\u0142a je z \u017cycia &#8211; oburza si\u0119 pose\u0142 O\u017c\u00f3g. <br \/>Decyzja  z W\u0142oc\u0142awka wpisuje si\u0119 w ca\u0142y ci\u0105g podobnych dzia\u0142a\u0144. Z ostatnich  doniesie\u0144 prasowych znamy chocia\u017cby spraw\u0119 kalendarza dla Europy, z  kt\u00f3rego zosta\u0142y wymazane wszystkie \u015bwi\u0119ta katolickie, a w ich miejsce  pojawi\u0142y si\u0119 daty uroczysto\u015bci wa\u017cnych dla niechrze\u015bcijan. Nasi rozm\u00f3wcy  zastanawiaj\u0105 si\u0119, czy goszcz\u0105c w szkole muzu\u0142ma\u0144skiej, Katarzyna Hall  odwa\u017cy\u0142aby si\u0119 zas\u0142oni\u0107 p\u00f3\u0142ksi\u0119\u017cyc, a w \u017cydowskiej &#8211; menor\u0119. I jakie  mia\u0142oby to dla niej konsekwencje.<\/p>\r\n<p><em><strong>Mariusz Kamieniecki<\/strong><\/em><\/p>\r\n<p class=\"zrodlo\">Za: <a href=\"http:\/\/www.naszdziennik.pl\/index.php?dat=20110318&amp;typ=po&amp;id=po12.txt\">Nasz Dziennik, Pi\u0105tek, 18 marca 2011, Nr 64 (3995)<\/a><\/p>\r\n<\/blockquote>","protected":false},"excerpt":{"rendered":"Dzi\u015b zapadnie ostateczny wyrok w sprawie obecno\u015bci krzy\u017ca w jednej z w\u0142oskich szk\u00f3\u0142 Czy kampania ateistyczna, kt\u00f3rej symbolem sta\u0142a si\u0119 walka z krzy\u017cem, dzi\u015b otrzyma kolejne wsparcie Europejskiego Trybuna\u0142u Praw Cz\u0142owieka w Strasburgu? Wszystko zale\u017cy od ostatecznego wyroku w sprawie odwo\u0142awczej &#8222;W\u0142ochy contra Lautsi&#8221;, kt\u00f3ry ma dzisiaj zapa\u015b\u0107. Cho\u0107 sprawa dotyczy obecno\u015bci krzy\u017ca w klasach [&hellip;]","protected":false},"author":1,"featured_media":0,"comment_status":"closed","ping_status":"closed","sticky":false,"template":"","format":"standard","meta":{"_acf_changed":false,"_monsterinsights_skip_tracking":false,"_monsterinsights_sitenote_active":false,"_monsterinsights_sitenote_note":"","_monsterinsights_sitenote_category":0,"ngg_post_thumbnail":0,"footnotes":"","_wp_rev_ctl_limit":""},"categories":[6],"tags":[132,98],"acf":[],"_links":{"self":[{"href":"https:\/\/www.bibula.com\/index.php?rest_route=\/wp\/v2\/posts\/34801"}],"collection":[{"href":"https:\/\/www.bibula.com\/index.php?rest_route=\/wp\/v2\/posts"}],"about":[{"href":"https:\/\/www.bibula.com\/index.php?rest_route=\/wp\/v2\/types\/post"}],"author":[{"embeddable":true,"href":"https:\/\/www.bibula.com\/index.php?rest_route=\/wp\/v2\/users\/1"}],"replies":[{"embeddable":true,"href":"https:\/\/www.bibula.com\/index.php?rest_route=%2Fwp%2Fv2%2Fcomments&post=34801"}],"version-history":[{"count":0,"href":"https:\/\/www.bibula.com\/index.php?rest_route=\/wp\/v2\/posts\/34801\/revisions"}],"wp:attachment":[{"href":"https:\/\/www.bibula.com\/index.php?rest_route=%2Fwp%2Fv2%2Fmedia&parent=34801"}],"wp:term":[{"taxonomy":"category","embeddable":true,"href":"https:\/\/www.bibula.com\/index.php?rest_route=%2Fwp%2Fv2%2Fcategories&post=34801"},{"taxonomy":"post_tag","embeddable":true,"href":"https:\/\/www.bibula.com\/index.php?rest_route=%2Fwp%2Fv2%2Ftags&post=34801"}],"curies":[{"name":"wp","href":"https:\/\/api.w.org\/{rel}","templated":true}]}}