{"id":34782,"date":"2011-03-17T12:57:40","date_gmt":"2011-03-17T17:57:40","guid":{"rendered":"http:\/\/www.bibula.com\/?p=34782"},"modified":"2011-03-17T12:57:40","modified_gmt":"2011-03-17T17:57:40","slug":"sejm-zadal-cios-szkolnictwu-polskiemu-na-litwie","status":"publish","type":"post","link":"https:\/\/www.bibula.com\/?p=34782","title":{"rendered":"Sejm zada\u0142 cios szkolnictwu polskiemu na Litwie"},"content":{"rendered":"<p><strong>Lekcje z historii i geografii w szko\u0142ach mniejszo\u015bci  narodowych na Litwie, w tym polskich, ju\u017c od wrze\u015bnia maj\u0105 si\u0119 odbywa\u0107  po litewsku, ujednolicony egzamin maturalny z litewskiego ju\u017c za dwa  lata \u201d\u201d taki wyrok szko\u0142om mniejszo\u015bci wyda\u0142 w czwartek litewski Sejm. <\/strong><\/p>\r\n<p>Przeforsowana w Sejmie Ustawa zak\u0142ada r\u00f3wnie\u017c 4 godziny tygodniowo  nauki litewskiego w klasach przygotowawczych oraz optymalizacj\u0119 sieci  szk\u00f3\u0142. Je\u017celi prezydent podpisze Ustaw\u0119, wiele szk\u00f3\u0142 polskich w naszym  kraju po prostu przestanie istnie\u0107.<\/p>\r\n<p>W czwartek w Sejmie odby\u0142o si\u0119 g\u0142osowanie nad kontrowersyjnym  projektem nowelizacji Ustawy o O\u015bwiacie, kt\u00f3ry uderza w szkolnictwo  mniejszo\u015bci narodowych na Litwie, w tym szkolnictwo polskie. G\u0142osuj\u0105c  kolejno nad osobnymi artyku\u0142ami nowej redakcji Ustawy o O\u015bwiacie,  pos\u0142owie zaaprobowali wi\u0119kszo\u015bci\u0105 g\u0142os\u00f3w, \u017ceby w szko\u0142ach mniejszo\u015bci w  j\u0119zyku litewskim odbywa\u0142y si\u0119 lekcje zwi\u0105zane z histori\u0105 i geografi\u0105  Litwy, a tak\u017ce \u201d\u201d poznaniem \u015bwiata i nauki o spo\u0142ecze\u0144stwie. Przytakni\u0119to  r\u00f3wnie\u017c ujednoliceniu w 2013 r. egzaminu maturalnego z j\u0119zyka  litewskiego dla szk\u00f3\u0142 z litewskim j\u0119zykiem nauczania i szk\u00f3\u0142 mniejszo\u015bci  narodowych. Wchodz\u0105ca w \u017cycie w lipcu nowa Ustawa przewiduje te\u017c  optymalizacj\u0119 sieci szk\u00f3\u0142, m. in. przez zamykanie w ma\u0142ych  miejscowo\u015bciach szk\u00f3\u0142 mniejszo\u015bci narodowych i pozostawienie tam jedynie  szk\u00f3\u0142 litewskich. Przewiduje tak\u017ce od 2015 r. wprowadzenie gimnazj\u00f3w i  progimnazj\u00f3w, kosztem szk\u00f3\u0142 \u015brednich.<\/p>\r\n<p>Zg\u0142oszone wcze\u015bniej przez naszych pos\u0142\u00f3w poprawki do Ustawy, kt\u00f3re  pomog\u0142yby zachowa\u0107 stan obecny szk\u00f3\u0142 mniejszo\u015bci lub przynajmniej  znacznie z\u0142agodzi\u0107 wymierzony w nie cios zosta\u0142y przez Sejmowy Komitet  O\u015bwiaty odrzucone.<\/p>\r\n<p>\u201d\u201d Nowa Ustawa o O\u015bwiacie uszczupla prawa mniejszo\u015bci narodowych. Ju\u017c  dlatego jest niew\u0142a\u015bciwa. Je\u017celi mamy prawo uczy\u0107 si\u0119 wszystkich  przedmiot\u00f3w w j\u0119zyku ojczystym od plac\u00f3wki przedszkolnej a\u017c do  uko\u0144czenia szko\u0142y, a odt\u0105d ma by\u0107 inaczej, to jest to uszczuplenie stanu  posiadania. W ten spos\u00f3b wi\u0119kszo\u015b\u0107 litewska wykaza\u0142a swoj\u0105 s\u0142abo\u015b\u0107.  \u015awiadczy to tylko o tym, \u017ce jeszcze nie potrafi, boi si\u0119 \u017cy\u0107 w pa\u0144stwie  demokratycznym \u201d\u201d skomentowa\u0142 w rozmowie z \u201eKurierem\u201d wyniki g\u0142osowania w  Sejmie Jaros\u0142aw Narkiewicz, pose\u0142 na Sejm z ramienia AWPL.<\/p>\r\n<p>Za za\u0142o\u017ceniami Ustawy o O\u015bwiacie g\u0142osowa\u0142o 76 cz\u0142onk\u00f3w Sejmu, 14 by\u0142o przeciw, 29 si\u0119 wstrzyma\u0142o od g\u0142osowania.<\/p>\r\n<p>Jak wyrazi\u0142 si\u0119 pose\u0142 Narkiewicz, wielu parlamentarzyst\u00f3w po prostu nie odwa\u017cy\u0142o si\u0119 wyrazi\u0107 swojego zdania.<\/p>\r\n<p>Jak nas poinformowa\u0142 pose\u0142, nowa Ustawa pozbawi\u0142a r\u00f3wnie\u017c plac\u00f3wki  zagraniczne finansowania przez pa\u0144stwo litewskie. Zatem w my\u015bl nowego  dokumentu studenci Wile\u0144skiej Filii Uniwersytetu w Bia\u0142ymstoku utrac\u0105  mo\u017cliwo\u015b\u0107 otrzymania stypendi\u00f3w socjalnych, kt\u00f3re dopiero niedawno  zosta\u0142y im przyznane.<\/p>\r\n<p>Ustawa zosta\u0142a przeforsowana do Sejmu mimo licznych protest\u00f3w  spo\u0142eczno\u015bci mniejszo\u015bci narodowych. Polska spo\u0142eczno\u015b\u0107 na Litwie  zebra\u0142a ponad 60 tysi\u0119cy podpis\u00f3w w obronie polskich plac\u00f3wek. We wtorek  petycja wraz z podpisami zosta\u0142a z\u0142o\u017cona na r\u0119ce najwy\u017cszych w\u0142adz  Litwy. Tymczasem nowa, dyskryminuj\u0105ca szko\u0142y mniejszo\u015bci narodowych  Ustawa czeka jedynie na podpis prezydent Litwy Dalii Grybauskait\u00c4\u2014. W  przededniu g\u0142osowania nad Ustaw\u0105 prezydent zapowiedzia\u0142a, \u017ce b\u0119dzie si\u0119  kierowa\u0142a zasad\u0105 polityki lustrzanej: Polacy na Litwie nie mog\u0105 mie\u0107  gorzej ni\u017c Litwini w Polsce\u2026<\/p>\r\n<p>\u201d\u201d B\u0119dziemy pr\u00f3bowali przekona\u0107 pani\u0105 prezydent, \u017ce to nie jest  wariant lustrzany. I wkr\u00f3tce si\u0119 przekonamy, czy jest to prezydent  wszystkich obywateli, czy tylko wybranych \u201d\u201d nie ukrywa\u0142 oburzenia w  rozmowie z naszym dziennikiem pose\u0142 Narkiewicz.<\/p>\r\n<p>Poprzednia, obowi\u0105zuj\u0105ca do lipca br., Ustawa o O\u015bwiacie  przewidywa\u0142a, \u017ce ca\u0142y proces nauczania w szko\u0142ach mniejszo\u015bci narodowych  przebiega\u0142 w j\u0119zyku mniejszo\u015bci. Tylko lekcje j\u0119zyka litewskiego  odbywa\u0142y si\u0119 w j\u0119zyku pa\u0144stwowym.<\/p>","protected":false},"excerpt":{"rendered":"Lekcje z historii i geografii w szko\u0142ach mniejszo\u015bci narodowych na Litwie, w tym polskich, ju\u017c od wrze\u015bnia maj\u0105 si\u0119 odbywa\u0107 po litewsku, ujednolicony egzamin maturalny z litewskiego ju\u017c za dwa lata \u201d\u201d taki wyrok szko\u0142om mniejszo\u015bci wyda\u0142 w czwartek litewski Sejm. Przeforsowana w Sejmie Ustawa zak\u0142ada r\u00f3wnie\u017c 4 godziny tygodniowo nauki litewskiego w klasach przygotowawczych [&hellip;]","protected":false},"author":1,"featured_media":0,"comment_status":"closed","ping_status":"closed","sticky":false,"template":"","format":"standard","meta":{"_acf_changed":false,"_monsterinsights_skip_tracking":false,"_monsterinsights_sitenote_active":false,"_monsterinsights_sitenote_note":"","_monsterinsights_sitenote_category":0,"ngg_post_thumbnail":0,"footnotes":"","_wp_rev_ctl_limit":""},"categories":[6],"tags":[65],"acf":[],"_links":{"self":[{"href":"https:\/\/www.bibula.com\/index.php?rest_route=\/wp\/v2\/posts\/34782"}],"collection":[{"href":"https:\/\/www.bibula.com\/index.php?rest_route=\/wp\/v2\/posts"}],"about":[{"href":"https:\/\/www.bibula.com\/index.php?rest_route=\/wp\/v2\/types\/post"}],"author":[{"embeddable":true,"href":"https:\/\/www.bibula.com\/index.php?rest_route=\/wp\/v2\/users\/1"}],"replies":[{"embeddable":true,"href":"https:\/\/www.bibula.com\/index.php?rest_route=%2Fwp%2Fv2%2Fcomments&post=34782"}],"version-history":[{"count":0,"href":"https:\/\/www.bibula.com\/index.php?rest_route=\/wp\/v2\/posts\/34782\/revisions"}],"wp:attachment":[{"href":"https:\/\/www.bibula.com\/index.php?rest_route=%2Fwp%2Fv2%2Fmedia&parent=34782"}],"wp:term":[{"taxonomy":"category","embeddable":true,"href":"https:\/\/www.bibula.com\/index.php?rest_route=%2Fwp%2Fv2%2Fcategories&post=34782"},{"taxonomy":"post_tag","embeddable":true,"href":"https:\/\/www.bibula.com\/index.php?rest_route=%2Fwp%2Fv2%2Ftags&post=34782"}],"curies":[{"name":"wp","href":"https:\/\/api.w.org\/{rel}","templated":true}]}}