{"id":34544,"date":"2011-03-14T11:27:30","date_gmt":"2011-03-14T16:27:30","guid":{"rendered":"http:\/\/www.bibula.com\/?p=34544"},"modified":"2011-03-14T11:27:30","modified_gmt":"2011-03-14T16:27:30","slug":"slowaccy-zboczency-atakuja-rzad","status":"publish","type":"post","link":"https:\/\/www.bibula.com\/?p=34544","title":{"rendered":"S\u0142owaccy zbocze\u0144cy atakuj\u0105 rz\u0105d"},"content":{"rendered":"<p><strong>S\u0142owacki rz\u0105d znalaz\u0142 si\u0119 pod ostrza\u0142em tamtejszych  zbocze\u0144c\u00f3w. Atak w tamtejszych mediach, przeprowadza Komitet Praw  Lesbijek, Gej\u00f3w, Biseksualist\u00f3w i Transseksualist\u00f3w, kt\u00f3ry zarzuca  premier Ivecie Radi\u00c4\u008dovej, \u017ce nie podj\u0119\u0142a wsp\u00f3\u0142pracy z komitetem w ramach  Rady Praw Cz\u0142owieka, Mniejszo\u015bci i R\u00f3wnouprawnienia.<\/strong><\/p>\r\n<p>J\u00c3\u00balius Koleni\u00c4\u008d z Inicjatywy \u201eInno\u015b\u0107\u201d (Iniciat\u00c3\u00adva Inakos\u00c5\u00a5) twierdzi,  \u017ce centroprawicowy rz\u0105d, nie podj\u0105\u0142 jeszcze decyzji o ustanowieniu  zarz\u0105du wspomnianej Rady oraz okre\u015bleniu jej statutu. Jak powiedzia\u0142  lider s\u0142owackich pederast\u00f3w \u201e<em>skandaliczne stanowisko tego rz\u0105du jest  dla nas, nie do przyj\u0119cia. Teraz jest ju\u017c jasne, \u017ce w rz\u0105dzie Ivety  Radicovej znajduj\u0105 si\u0119 homofobiczni politycy i partie, kt\u00f3re  wielokrotnie zdradzi\u0142y swoich wyborc\u00f3w i nie spe\u0142niaj\u0105 przedwyborczych  obietnic, dotycz\u0105cych praw cz\u0142owieka<\/em>\u201e. Rz\u0105d odpiera zarzuty  twierdz\u0105c, \u017ce powo\u0142anie Rady, nie jest spraw\u0105 priorytetow\u0105, gdy\u017c  istniej\u0105ce prawo pozwala na walk\u0119 z dyskryminacj\u0105 os\u00f3b innej, od  normalnej, orientacji seksualnej. Koleni\u00c4\u008d twierdzi natomiast, \u017ce partie  znajduj\u0105ce si\u0119 w koalicji rz\u0105dowej, \u201eoszuka\u0142y\u201d zboczon\u0105 cz\u0119\u015b\u0107 swoich  wyborc\u00f3w, chc\u0105c pozyska\u0107 ich poparcie. Dotyczy to przede wszystkim  partii Wolno\u015b\u0107 i Solidarno\u015b\u0107 (Sloboda a solidarita &#8211; SaS), kt\u00f3ra w swoim  programie zawar\u0142a postulat legalizacji zwi\u0105zk\u00f3w homoseksualnych. Co  ciekawe w ubieg\u0142ym miesi\u0105cu z partii zosta\u0142 wyrzucony jeden z jej  parlamentarzyst\u00f3w, Igor Matovi\u00c4\u008d kt\u00f3ry zdaniem w\u0142adz partii dopu\u015bci\u0142 si\u0119  homofobicznych wypowiedzi.<\/p>\r\n<p>Decyzje w sprawie wsp\u00f3\u0142pracy ze zbocze\u0144cami, zdaniem medi\u00f3w  zablokowa\u0142 Ruch Chrze\u015bcija\u0144sko-Demokratyczny (Kres\u00c5\u00a5anskodemokratick\u00c3\u00a9  hnutie &#8211; KDH), kt\u00f3ry jest najbardziej konserwatywn\u0105 cz\u0119\u015bci\u0105,  centroprawicowej koalicji rz\u0105dz\u0105cej S\u0142owacj\u0105. Przyznanie praw  homoseksualistom i innym odst\u0119pstwom od przyj\u0119tych norm, sprzeciwia si\u0119,  tak\u017ce tamtejsze spo\u0142ecze\u0144stwo, kt\u00f3re blokowa\u0142o ubieg\u0142oroczn\u0105 parad\u0119  r\u00f3wno\u015bci w Bratys\u0142awie.<\/p>\r\n<p>\u0179r\u00f3d\u0142a: <a href=\"http:\/\/spravy.pravda.sk\/gejovia-a-lesby-sa-citia-oklamani-vlada-odmietla-zriadit-vybor-pre-ich-prava-166-\/sk_domace.asp?c=A110313_134121_sk_domace_p58\">Pravda<\/a>, <a href=\"http:\/\/www.strana-sas.sk\/stanovisko-k-homofobnym-vyjadreniam-igora-matovica\/238\">Sloboda a solidarita<\/a>,<\/p>","protected":false},"excerpt":{"rendered":"S\u0142owacki rz\u0105d znalaz\u0142 si\u0119 pod ostrza\u0142em tamtejszych zbocze\u0144c\u00f3w. Atak w tamtejszych mediach, przeprowadza Komitet Praw Lesbijek, Gej\u00f3w, Biseksualist\u00f3w i Transseksualist\u00f3w, kt\u00f3ry zarzuca premier Ivecie Radi\u00c4\u008dovej, \u017ce nie podj\u0119\u0142a wsp\u00f3\u0142pracy z komitetem w ramach Rady Praw Cz\u0142owieka, Mniejszo\u015bci i R\u00f3wnouprawnienia. J\u00c3\u00balius Koleni\u00c4\u008d z Inicjatywy \u201eInno\u015b\u0107\u201d (Iniciat\u00c3\u00adva Inakos\u00c5\u00a5) twierdzi, \u017ce centroprawicowy rz\u0105d, nie podj\u0105\u0142 jeszcze decyzji o [&hellip;]","protected":false},"author":1,"featured_media":0,"comment_status":"closed","ping_status":"closed","sticky":false,"template":"","format":"standard","meta":{"_acf_changed":false,"_monsterinsights_skip_tracking":false,"_monsterinsights_sitenote_active":false,"_monsterinsights_sitenote_note":"","_monsterinsights_sitenote_category":0,"ngg_post_thumbnail":0,"footnotes":"","_wp_rev_ctl_limit":""},"categories":[6],"tags":[26],"acf":[],"_links":{"self":[{"href":"https:\/\/www.bibula.com\/index.php?rest_route=\/wp\/v2\/posts\/34544"}],"collection":[{"href":"https:\/\/www.bibula.com\/index.php?rest_route=\/wp\/v2\/posts"}],"about":[{"href":"https:\/\/www.bibula.com\/index.php?rest_route=\/wp\/v2\/types\/post"}],"author":[{"embeddable":true,"href":"https:\/\/www.bibula.com\/index.php?rest_route=\/wp\/v2\/users\/1"}],"replies":[{"embeddable":true,"href":"https:\/\/www.bibula.com\/index.php?rest_route=%2Fwp%2Fv2%2Fcomments&post=34544"}],"version-history":[{"count":0,"href":"https:\/\/www.bibula.com\/index.php?rest_route=\/wp\/v2\/posts\/34544\/revisions"}],"wp:attachment":[{"href":"https:\/\/www.bibula.com\/index.php?rest_route=%2Fwp%2Fv2%2Fmedia&parent=34544"}],"wp:term":[{"taxonomy":"category","embeddable":true,"href":"https:\/\/www.bibula.com\/index.php?rest_route=%2Fwp%2Fv2%2Fcategories&post=34544"},{"taxonomy":"post_tag","embeddable":true,"href":"https:\/\/www.bibula.com\/index.php?rest_route=%2Fwp%2Fv2%2Ftags&post=34544"}],"curies":[{"name":"wp","href":"https:\/\/api.w.org\/{rel}","templated":true}]}}