{"id":34422,"date":"2011-03-11T22:35:40","date_gmt":"2011-03-12T03:35:40","guid":{"rendered":"http:\/\/www.bibula.com\/?p=34422"},"modified":"2011-03-11T22:35:40","modified_gmt":"2011-03-12T03:35:40","slug":"lipowicz-nie-bada-akt-z-ludwigsburga","status":"publish","type":"post","link":"https:\/\/www.bibula.com\/?p=34422","title":{"rendered":"Lipowicz nie bada akt z Ludwigsburga"},"content":{"rendered":"<p><strong>Tu\u017c przed katastrof\u0105 smole\u0144sk\u0105 prof. Janusz Kochanowski, rzecznik  praw obywatelskich, podj\u0105\u0142 si\u0119 zbadania g\u0142o\u015bnej sprawy wysy\u0142ki dowod\u00f3w  zbrodni niemieckich do Ludwigsburga, ale nie zd\u0105\u017cy\u0142 tego uczyni\u0107. Akta  zosta\u0142y odes\u0142ane przez biuro RPO prokuraturze, zanim ze spraw\u0105 zapozna\u0142a  si\u0119 nast\u0119pczyni prof. Kochanowskiego na stanowisku RPO prof. Irena  Lipowicz.<\/strong><br \/><br \/>Janusz Kochanowski \u015bci\u0105gn\u0105\u0142 do biura RPO akta tzw.  sprawy Ludwigsburga. Chodzi o g\u0142o\u015bn\u0105 spraw\u0119 wyekspediowania do Niemiec  przez G\u0142\u00f3wn\u0105 Komisj\u0119 Badania Zbrodni przeciwko Narodowi Polskiemu i jej  poprzedniczki dowod\u00f3w niemieckich zbrodni na Polakach w okresie II wojny  \u015bwiatowej. Profesor Kochanowski chcia\u0142 przyjrze\u0107 si\u0119 bli\u017cej aferze.  Wkr\u00f3tce potem zgin\u0105\u0142 w katastrofie smole\u0144skiej.<\/p>\r\n<p>\u015aledztwo w sprawie  Ludwigsburga zosta\u0142o wszcz\u0119te 18 sierpnia 2006 r. na wniosek prof.  Janusza Kurtyki, szefa IPN, kt\u00f3ry potem zgin\u0105\u0142 pod Smole\u0144skiem.  Prowadzone by\u0142o pod k\u0105tem naruszenia art. 231 par. 1, to jest  przekroczenia uprawnie\u0144 lub niedope\u0142nienia obowi\u0105zk\u00f3w przez  funkcjonariuszy pa\u0144stwowych. Po trzech latach zapoznawania si\u0119 z  wynikami scontrum w archiwach IPN i przes\u0142uchiwania \u015bwiadk\u00f3w, w tym  by\u0142ego szefa G\u0142\u00f3wnej Komisji Witolda Kuleszy, Prokuratura Okr\u0119gowa w  Warszawie po cichutku, nie informuj\u0105c medi\u00f3w, umorzy\u0142a post\u0119powanie w  fazie ad rem. Pow\u00f3d? Przedawnienie karalno\u015bci czyn\u00f3w.<\/p>\r\n<p>Decyzja o umorzeniu \u015bledztwa, podj\u0119ta 12 pa\u017adziernika 2009 r., zbulwersowa\u0142a opini\u0119 publiczn\u0105. <br \/>Rzecznik  praw obywatelskich prof. Kochanowski zaalarmowany m.in. przez &#8222;Nasz  Dziennik&#8221; postanowi\u0142 bli\u017cej przyjrze\u0107 si\u0119 tej sprawie z uwagi na jej  bezprecedensowy charakter. Pod koniec marca 2010 r. do jego biura  \u015bci\u0105gni\u0119to 9 tom\u00f3w akt \u015bledztwa. Kilka dni p\u00f3\u017aniej Janusz Kochanowski  wyruszy\u0142 w podr\u00f3\u017c do Smole\u0144ska&#8230;<\/p>\r\n<p>Zapytali\u015bmy w biurze RPO, jak po  jego \u015bmierci zako\u0144czy\u0142a si\u0119 sprawa umorzonej afery. Jak wynika z  odpowiedzi przygotowanej przez zesp\u00f3\u0142 prawa karnego w biurze RPO,  prawnicy badali wielotomowe akta umorzonego post\u0119powania  przygotowawczego Prokuratury Okr\u0119gowej w Warszawie (sygn. VI Ds.  270\/09.) wiosn\u0105 2010 roku. &#8222;Post\u0119powanie prowadzone by\u0142o w sprawie  przekroczenia uprawnie\u0144 w okresie od 21 wrze\u015bnia 1961 r. do 7 listopada  1999 r. przez pracownik\u00f3w by\u0142ych G\u0142\u00f3wnej i Okr\u0119gowych Komisji \u015acigania  Zbrodni przeciwko Narodowi Polskiemu oraz obecnej G\u0142\u00f3wnej i Oddzia\u0142owych  Komisji, czyli dzia\u0142ania funkcjonariuszy publicznych na szkod\u0119 interesu  spo\u0142ecznego &#8211; tj. o czyn okre\u015blony w art. 231 \u00a4 1 kk&#8221; &#8211; czytamy w  odpowiedzi nades\u0142anej przez biuro prasowe RPO. &#8222;Nieprawid\u0142owe zachowania  funkcjonariuszy dotyczy\u0142y kwestii przekazywania bez podstawy prawnej  materia\u0142\u00f3w post\u0119powa\u0144 karnych prowadzonych w by\u0142ych G\u0142\u00f3wnej i Okr\u0119gowych  Komisjach \u015acigania Zbrodni przeciwko Narodowi Polskiemu oraz obecnej  G\u0142\u00f3wnej i Oddzia\u0142owych Komisjach &#8211; nieuprawnionym organom pa\u0144stw obcych.  Materia\u0142y trafia\u0142y g\u0142\u00f3wnie do Niemiec, a konkretnie do Centralnego  Urz\u0119du Administracji S\u0105downictwa Krajowego do Badania Zbrodni  Hitlerowskich w Ludwigsburgu. Podstaw\u0105 prawn\u0105 umorzenia \u015bledztwa by\u0142o  stwierdzenie zaistnienia ujemnej przes\u0142anki procesowej w postaci  przedawnienia karalno\u015bci czynu z art. 231 \u00a4 1 kk. Motywy stanowiska  procesowego zosta\u0142y przez prokuratora zaprezentowane w obszernym  uzasadnieniu postanowienia o umorzeniu \u015bledztwa. Analizowane w Biurze  RPO materia\u0142y jednoznacznie wskazywa\u0142y, i\u017c uznany przez prokuratora za  pokrzywdzonego Instytut Pami\u0119ci Narodowej, po dor\u0119czeniu tam za zwrotnym  potwierdzeniem odbioru odpisu &#8211; kopii postanowienia o umorzeniu  \u015bledztwa, nie skorzysta\u0142 z prawa do zaskar\u017cenia omawianego  rozstrzygni\u0119cia&#8221; &#8211; informuje biuro RPO.<\/p>\r\n<p>&#8222;W tym stanie rzeczy, nie  dopatruj\u0105c si\u0119 prawnej mo\u017cliwo\u015bci zakwestionowania omawianego  rozstrzygni\u0119cia prokuratorskiego przez Rzecznika Praw Obywatelskich,  dnia 31 maja 2010 roku, za aprobat\u0105 zast\u0119pcy rzecznika praw  obywatelskich zako\u0144czono dzia\u0142ania w tej sprawie&#8221; &#8211; podaje biuro RPO. <br \/>Zast\u0119pc\u0105 RPO od lat, tak\u017ce obecnie, jest Stanis\u0142aw Trociuk.<\/p>\r\n<p>&#8222;Nast\u0119pnego  dnia, tj. 1.06.2010 r. akta przes\u0142ano &#8211; zwr\u00f3cono Prokuraturze Okr\u0119gowej  w Warszawie. Tak wi\u0119c Pani prof. Lipowicz nie kontynuowa\u0142a dzia\u0142a\u0144 w  tym zakresie, a obecnie Biuro RPO nie dysponuje aktami omawianej sprawy  karnej&#8221; &#8211; czytamy w pi\u015bmie.<\/p>\r\n<p>Mo\u017ce gdyby prof. Kochanowski m\u00f3g\u0142 sam  przyjrze\u0107 si\u0119 tej sprawie, przybra\u0142aby ona inny obr\u00f3t? Wszak RPO jest od  tego, by interweniowa\u0107 tam, gdzie s\u0105 naruszane prawa obywateli (co w  tym wypadku niew\u0105tpliwie nast\u0105pi\u0142o), a obowi\u0105zuj\u0105cy system prawny nie  potrafi temu zapobiec. Niestety, tego ju\u017c si\u0119 nie dowiemy. Profesor  Lipowicz wybrano na nowego RPO 10 czerwca 2010 r., a w lipcu  zaprzysi\u0119\u017cono.<br \/><br \/><em><strong>Ma\u0142gorzata Goss<\/strong><\/em><\/p>","protected":false},"excerpt":{"rendered":"Tu\u017c przed katastrof\u0105 smole\u0144sk\u0105 prof. Janusz Kochanowski, rzecznik praw obywatelskich, podj\u0105\u0142 si\u0119 zbadania g\u0142o\u015bnej sprawy wysy\u0142ki dowod\u00f3w zbrodni niemieckich do Ludwigsburga, ale nie zd\u0105\u017cy\u0142 tego uczyni\u0107. Akta zosta\u0142y odes\u0142ane przez biuro RPO prokuraturze, zanim ze spraw\u0105 zapozna\u0142a si\u0119 nast\u0119pczyni prof. Kochanowskiego na stanowisku RPO prof. Irena Lipowicz.Janusz Kochanowski \u015bci\u0105gn\u0105\u0142 do biura RPO akta tzw. sprawy [&hellip;]","protected":false},"author":1,"featured_media":0,"comment_status":"closed","ping_status":"closed","sticky":false,"template":"","format":"standard","meta":{"_acf_changed":false,"_monsterinsights_skip_tracking":false,"_monsterinsights_sitenote_active":false,"_monsterinsights_sitenote_note":"","_monsterinsights_sitenote_category":0,"ngg_post_thumbnail":0,"footnotes":"","_wp_rev_ctl_limit":""},"categories":[8],"tags":[166,98,59],"acf":[],"_links":{"self":[{"href":"https:\/\/www.bibula.com\/index.php?rest_route=\/wp\/v2\/posts\/34422"}],"collection":[{"href":"https:\/\/www.bibula.com\/index.php?rest_route=\/wp\/v2\/posts"}],"about":[{"href":"https:\/\/www.bibula.com\/index.php?rest_route=\/wp\/v2\/types\/post"}],"author":[{"embeddable":true,"href":"https:\/\/www.bibula.com\/index.php?rest_route=\/wp\/v2\/users\/1"}],"replies":[{"embeddable":true,"href":"https:\/\/www.bibula.com\/index.php?rest_route=%2Fwp%2Fv2%2Fcomments&post=34422"}],"version-history":[{"count":0,"href":"https:\/\/www.bibula.com\/index.php?rest_route=\/wp\/v2\/posts\/34422\/revisions"}],"wp:attachment":[{"href":"https:\/\/www.bibula.com\/index.php?rest_route=%2Fwp%2Fv2%2Fmedia&parent=34422"}],"wp:term":[{"taxonomy":"category","embeddable":true,"href":"https:\/\/www.bibula.com\/index.php?rest_route=%2Fwp%2Fv2%2Fcategories&post=34422"},{"taxonomy":"post_tag","embeddable":true,"href":"https:\/\/www.bibula.com\/index.php?rest_route=%2Fwp%2Fv2%2Ftags&post=34422"}],"curies":[{"name":"wp","href":"https:\/\/api.w.org\/{rel}","templated":true}]}}