{"id":34402,"date":"2011-03-11T13:18:50","date_gmt":"2011-03-11T18:18:50","guid":{"rendered":"http:\/\/www.bibula.com\/?p=34402"},"modified":"2011-03-11T13:18:50","modified_gmt":"2011-03-11T18:18:50","slug":"degradacja-najwyzszego-polskiego-odznaczenia-ordery-dla-przyjaciol-przyjaciol","status":"publish","type":"post","link":"https:\/\/www.bibula.com\/?p=34402","title":{"rendered":"Degradacja najwy\u017cszego polskiego odznaczenia: Ordery dla przyjaci\u00f3\u0142 &#8222;przyjaci\u00f3\u0142&#8221;"},"content":{"rendered":"<p><strong>Re\u017cyser Andrzej Wajda ma otrzyma\u0107 Order Or\u0142a Bia\u0142ego. Wniosek w tej  sprawie z\u0142o\u017cony przez ministra kultury Bogdana Zdrojewskiego  rozpatrywa\u0142a wczoraj Kapitu\u0142a Orderu Or\u0142a Bia\u0142ego. By\u0142ym cz\u0142onkom  Kapitu\u0142y nie podoba si\u0119 umasowienie wr\u0119czania tych odznacze\u0144.  Zastanawiaj\u0105 si\u0119, jak dzi\u015b przebiega weryfikacja osi\u0105gni\u0119\u0107 os\u00f3b, kt\u00f3rym  s\u0105 przyznawane.<\/strong><br \/><br \/>Andrzej Wajda, cz\u0142onek honorowego komitetu  wspierania Bronis\u0142awa Komorowskiego w wyborach prezydenckich, ma 85 lat.  W kampanii wyborczej zagrzewa\u0142 do zwyci\u0119stwa, podpieraj\u0105c si\u0119 tez\u0105 o  zaprzyja\u017anionych mediach, w tym &#8222;przyjacio\u0142ach&#8221; z TVN.<br \/>Wyre\u017cyserowa\u0142  takie filmy jak m.in. &#8222;Lotna&#8221; (polscy u\u0142ani s\u0105 tu pokazani jak szale\u0144cy,  kt\u00f3rzy szablami ci\u0119li niemieckie czo\u0142gi &#8211; takiego incydentu nigdy nie  by\u0142o w kampanii wrze\u015bniowej) czy &#8222;Popi\u00f3\u0142 i diament&#8221; (studium  przeobra\u017cenia \u017co\u0142nierza Armii Krajowej w bandyt\u0119 to pierwszoplanowy  w\u0105tek fabu\u0142y filmu). Najlepszym dzie\u0142em Wajdy jest niew\u0105tpliwie  ekranizacja &#8222;Ziemi obiecanej&#8221; z 1975 r., wybitnej powie\u015bci W\u0142adys\u0142awa  Reymonta. W 2007 r. re\u017cyser nakr\u0119ci\u0142 &#8222;Katy\u0144&#8221;, bardzo ciep\u0142o przyj\u0119ty w  Rosji.<\/p>\r\n<p>Z\u0142o\u017cony przez Bogdana Zdrojewskiego wniosek o przyznanie  re\u017cyserowi najwy\u017cszego odznaczenia pa\u0144stwowego uzyska\u0142 akceptacj\u0119  Bronis\u0142awa Komorowskiego, o czym informowa\u0142a Kancelaria Prezydenta 4  marca. Wczoraj rozpatrywa\u0142a go w Belwederze Kapitu\u0142a Orderu Or\u0142a Bia\u0142ego  pod przewodnictwem Wielkiego Mistrza Orderu &#8211; Prezydenta RP.<\/p>\r\n<p>Order  ustanowiony zosta\u0142 w 1705 r., reaktywowany w 1921 r., a przywr\u00f3cony w  roku 1992. Przyznawany jest z regu\u0142y za znamienite zas\u0142ugi cywilne i  wojskowe dla Rzeczypospolitej Polskiej, po\u0142o\u017cone zar\u00f3wno w czasie  pokoju, jak i w czasie wojny. <br \/>S\u0119dzia Bogus\u0142aw Nizie\u0144ski, by\u0142y  cz\u0142onek Kapitu\u0142y Orderu Or\u0142a Bia\u0142ego, zastrzega, \u017ce nie chce ocenia\u0107  samego zamiaru odznaczenia re\u017cysera. Wskazuje natomiast na og\u00f3ln\u0105  tendencj\u0119 do degradacji rangi samego orderu. &#8211; To, co si\u0119 obecnie sta\u0142o z  tym orderem, mo\u017cna nazwa\u0107 &#8222;mas\u00f3wk\u0105&#8221;. Prosz\u0119 por\u00f3wna\u0107, jak to wygl\u0105da\u0142o  za \u015bp. prezydenta Kaczy\u0144skiego, jak oszcz\u0119dnie wr\u0119czano w\u00f3wczas  odznaczenia &#8211; zauwa\u017ca Nizie\u0144ski. I dodaje, \u017ce poprzedni prezydent  nakazywa\u0142 szczeg\u00f3\u0142owo bada\u0107 i weryfikowa\u0107 zas\u0142ugi kandydat\u00f3w do orderu.<\/p>\r\n<p>&#8211;  To, co si\u0119 teraz dzieje, bardzo mnie boli, ale nie jestem ju\u017c cz\u0142onkiem  Kapitu\u0142y. Da\u0142em zreszt\u0105 temu wyraz, sk\u0142adaj\u0105c w listopadzie ub.r.  rezygnacj\u0119, podobnie jak pan Andrzej Gwiazda i premier Jan Olszewski.  Nie wiem, jakimi wzgl\u0119dami kieruj\u0105 si\u0119 cz\u0142onkowie Kapitu\u0142y co do  przyznawania odznacze\u0144. Niew\u0105tpliwie jednak mamy do czynienia z masowym  wr\u0119czaniem Order\u00f3w Or\u0142a Bia\u0142ego &#8211; konkluduje s\u0119dzia.<\/p>\r\n<p>Istotnie,  por\u00f3wnuj\u0105c liczb\u0119 uhonorowanych, mo\u017cna stwierdzi\u0107, \u017ce Bronis\u0142aw  Komorowski hojnie szafuje najwy\u017cszym odznaczeniem pa\u0144stwowym. W wykazie  zamieszczonym na stronach internetowych Kancelarii Prezydenta za rok  2010 r. figuruje a\u017c 10 odznaczonych. Nale\u017cy wzi\u0105\u0107 pod uwag\u0119 fakt, \u017ce  formalnie Komorowski obj\u0105\u0142 urz\u0105d Prezydenta RP dopiero w sierpniu, a  wcze\u015bniej &#8211; po katastrofie smole\u0144skiej &#8211; pe\u0142ni\u0142 obowi\u0105zki g\u0142owy pa\u0144stwa.  Po\u015br\u00f3d wyr\u00f3\u017cnionych przez niego tym orderem znalaz\u0142y si\u0119 tak  kontrowersyjne osoby, jak: Jan Krzysztof Bielecki czy Adam Michnik.<\/p>\r\n<p>Prezydent  Lech Kaczy\u0144ski w latach 2006-2010 co roku przyznawa\u0142 od 4 do 8 takich  odznacze\u0144. Wieloma z nich uhonorowano po\u015bmiertnie polskich bohater\u00f3w  walk o niepodleg\u0142o\u015b\u0107 oraz wybitne osobisto\u015bci z zagranicy. Na przyk\u0142ad w  2007 r. na czterech wyr\u00f3\u017cnionych dw\u00f3ch otrzyma\u0142o Ordery Or\u0142a Bia\u0142ego  po\u015bmiertnie: pp\u0142k \u0141ukasz Ciepli\u0144ski, cz\u0142onek Zarz\u0105du G\u0142\u00f3wnego Zrzeszenia  &#8222;Wolno\u015b\u0107 i Niezawis\u0142o\u015b\u0107&#8221;, oraz Ronald Reagan, prezydent Stan\u00f3w  Zjednoczonych z okresu zimnej wojny. Natomiast w 2008 r. cztery ordery  zosta\u0142y przyznane po \u015bmierci dla: Gustawa Holoubka, wybitnego aktora,  ks. Stanis\u0142awa Brz\u00f3ski, bohatera Powstania Styczniowego, oraz Wincentego  Kwieci\u0144skiego i Franciszka Niepok\u00f3lczyckiego, cz\u0142onk\u00f3w ZG WiN.<br \/><br \/><em><strong>Jacek Dytkowski<\/strong><\/em><\/p>","protected":false},"excerpt":{"rendered":"Re\u017cyser Andrzej Wajda ma otrzyma\u0107 Order Or\u0142a Bia\u0142ego. Wniosek w tej sprawie z\u0142o\u017cony przez ministra kultury Bogdana Zdrojewskiego rozpatrywa\u0142a wczoraj Kapitu\u0142a Orderu Or\u0142a Bia\u0142ego. By\u0142ym cz\u0142onkom Kapitu\u0142y nie podoba si\u0119 umasowienie wr\u0119czania tych odznacze\u0144. Zastanawiaj\u0105 si\u0119, jak dzi\u015b przebiega weryfikacja osi\u0105gni\u0119\u0107 os\u00f3b, kt\u00f3rym s\u0105 przyznawane.Andrzej Wajda, cz\u0142onek honorowego komitetu wspierania Bronis\u0142awa Komorowskiego w wyborach prezydenckich, [&hellip;]","protected":false},"author":1,"featured_media":0,"comment_status":"closed","ping_status":"closed","sticky":false,"template":"","format":"standard","meta":{"_acf_changed":false,"_monsterinsights_skip_tracking":false,"_monsterinsights_sitenote_active":false,"_monsterinsights_sitenote_note":"","_monsterinsights_sitenote_category":0,"ngg_post_thumbnail":0,"footnotes":"","_wp_rev_ctl_limit":""},"categories":[8],"tags":[98,144],"acf":[],"_links":{"self":[{"href":"https:\/\/www.bibula.com\/index.php?rest_route=\/wp\/v2\/posts\/34402"}],"collection":[{"href":"https:\/\/www.bibula.com\/index.php?rest_route=\/wp\/v2\/posts"}],"about":[{"href":"https:\/\/www.bibula.com\/index.php?rest_route=\/wp\/v2\/types\/post"}],"author":[{"embeddable":true,"href":"https:\/\/www.bibula.com\/index.php?rest_route=\/wp\/v2\/users\/1"}],"replies":[{"embeddable":true,"href":"https:\/\/www.bibula.com\/index.php?rest_route=%2Fwp%2Fv2%2Fcomments&post=34402"}],"version-history":[{"count":0,"href":"https:\/\/www.bibula.com\/index.php?rest_route=\/wp\/v2\/posts\/34402\/revisions"}],"wp:attachment":[{"href":"https:\/\/www.bibula.com\/index.php?rest_route=%2Fwp%2Fv2%2Fmedia&parent=34402"}],"wp:term":[{"taxonomy":"category","embeddable":true,"href":"https:\/\/www.bibula.com\/index.php?rest_route=%2Fwp%2Fv2%2Fcategories&post=34402"},{"taxonomy":"post_tag","embeddable":true,"href":"https:\/\/www.bibula.com\/index.php?rest_route=%2Fwp%2Fv2%2Ftags&post=34402"}],"curies":[{"name":"wp","href":"https:\/\/api.w.org\/{rel}","templated":true}]}}