{"id":34398,"date":"2011-03-11T12:51:34","date_gmt":"2011-03-11T17:51:34","guid":{"rendered":"http:\/\/www.bibula.com\/?p=34398"},"modified":"2011-03-11T12:51:34","modified_gmt":"2011-03-11T17:51:34","slug":"wzrost-napiec-przed-%e2%80%9edniem-legionisty%e2%80%9d-plakat-z-zolnierzami-ss-w-lotewskim-sejmie","status":"publish","type":"post","link":"https:\/\/www.bibula.com\/?p=34398","title":{"rendered":"Wzrost napi\u0119\u0107 przed \u201eDniem Legionisty&#8221;: Plakat z \u017co\u0142nierzami SS w \u0142otewskim sejmie"},"content":{"rendered":"<p><strong>W \u0142otewskim parlamencie, obok sejmowej sto\u0142\u00f3wki,\u00a0zawis\u0142\u00a0plakat  zach\u0119caj\u0105cy do udzia\u0142u w uroczysto\u015bciach upami\u0119tniaj\u0105cych \u0141otewski  Legion SS.<\/strong><\/p>\r\n<p>Na plakacie przedstawieni s\u0105 dwaj \u017co\u0142nierze z podpisem: \u201e16 marca &#8211;  dzie\u0144 pami\u0119ci \u0142otewskich legionist\u00f3w\u201d. Plakat wywo\u0142a\u0142 oburzenie  deputowanych z partii \u201eCentrum Zgody\u201d, kt\u00f3ra reprezentuje interesy  rosyjskoj\u0119zycznej mniejszo\u015bci na \u0141otwie. Wiceprzewodnicz\u0105cy partii  Walerij Ageszyn podkre\u015bli\u0142, \u017ce zgodnie z niepisanym prawem w budynku  sejmu mo\u017cna umieszcza\u0107 tylko informacje dotycz\u0105ce wszystkich  deputowanych, takie jak np. porz\u0105dek obrad. Dla agitacyjnych materia\u0142\u00f3w,  zdaniem przedstawiciela \u201eCentrum Zgody\u201d, jest miejsce w pomieszczeniach  partyjnych. Deputowani narodowej koalicji VL-TB\/LLNK o\u015bwiadczyli, \u017ce  nie wiedz\u0105 nic na temat rozmieszczenia plakatu, lecz nie widz\u0105 te\u017c  powod\u00f3w do szczeg\u00f3lnego niepokoju w zwi\u0105zku z tym faktem.<\/p>\r\n<p>Pojawienie si\u0119 plakatu jest zwi\u0105zane z wzrostem napi\u0119cia jaki  obserwujemy w Rydze w zwi\u0105zku z nadchodz\u0105cymi obchodami \u201eDnia  Legionisty&#8221;. 7 marca 2011 r. Ryska Duma wyda\u0142a zakaz przeprowadzenia w  dniu 16 marca wszystkich zaplanowanych wydarze\u0144 zwi\u0105zanych z Dniem  Legionisty. W ich sk\u0142ad wchodzi\u0142y zaplanowany przez organizacj\u0119 <em>Daugavas vanagi Latvij\u00c4\u0081<\/em> tradycyjny marsz upami\u0119tniaj\u0105cy legionist\u00f3w, a tak\u017ce organizowane przez  \u201eSojusz Obywateli i Nieobywateli\u201d oraz \u0141otewski Komitet  Antyfaszystowski imprezy przeciwko gloryfikacji Waffen SS. Obecnie  wszystkie zainteresowane organizacje zwr\u00f3ci\u0142y si\u0119 do rejonowego s\u0105du  administracyjnego z pro\u015bb\u0105 o uchylenie zakaz\u00f3w.<\/p>\r\n<p>Jednocze\u015bnie przedstawiciele <em>Daugavas Vanagi<\/em> o\u015bwiadczyli, \u017ce \u201e\u017cadne formalne zakazy nie powstrzymaj\u0105 ani 'siwych wojownik\u00f3w&#8217;,\u00a0ani narodowo usposobionych \u0141otyszy od zamiaru uczestnictwa w corocznym pochodzie\u201d.<\/p>\r\n<p>Podczas II wojny \u015bwiatowej Niemcy sformowali z miejscowej ludno\u015bci  \u0142otewskiej dwie dywizje grenedier\u00f3w SS (15 i 19), kt\u00f3re nast\u0119pnie  zosta\u0142y po\u0142\u0105czone w <strong>\u0141otewski Legion SS<\/strong>. 16 marca 1944 r. obie dywizje po  raz pierwszy wsp\u00f3lnie stawi\u0142y zbrojny op\u00f3r Armii Czerwonej. Dla cz\u0119\u015bci  \u0141otyszy te formacje stanowi\u0105 symbol\u00a0walki o niepodleg\u0142o\u015b\u0107 i\u00a0sprzeciwu  wobec komunizmu.<\/p>\r\n<p>\u0179r\u00f3d\u0142a: <a href=\"http:\/\/rus.delfi.lv\/news\/daily\/latvia\/16-marta-dumskij-zapret-osporili-v-sude.d?id=37269962\" target=\"_blank\">delfi.lv<\/a>, <a href=\"http:\/\/rian.ru\/world\/20100504\/230178556.html\" target=\"_blank\">rian.ru<\/a>, <a href=\"http:\/\/rus.delfi.lv\/news\/daily\/latvia\/rd-zapretila-vse-zayavlennye-na-16-marta-meropriyatiya.d?id=37235269\" target=\"_blank\">delfi.lv<\/a>, <a href=\"http:\/\/rus.delfi.lv\/news\/daily\/politics\/v-sejme-poyavilsya-plakat-v-chest-legionerov-cs-vozmuschen.d?id=37300783\" target=\"_blank\">delfi.lv<\/a>, <a href=\"http:\/\/rus.delfi.lv\/news\/daily\/latvia\/sud-vozbudil-dela-o-zaprete-na-meropriyatiya-16-marta.d?id=37289442\" target=\"_blank\">delfi.lv<\/a><\/p>","protected":false},"excerpt":{"rendered":"W \u0142otewskim parlamencie, obok sejmowej sto\u0142\u00f3wki,\u00a0zawis\u0142\u00a0plakat zach\u0119caj\u0105cy do udzia\u0142u w uroczysto\u015bciach upami\u0119tniaj\u0105cych \u0141otewski Legion SS. Na plakacie przedstawieni s\u0105 dwaj \u017co\u0142nierze z podpisem: \u201e16 marca &#8211; dzie\u0144 pami\u0119ci \u0142otewskich legionist\u00f3w\u201d. Plakat wywo\u0142a\u0142 oburzenie deputowanych z partii \u201eCentrum Zgody\u201d, kt\u00f3ra reprezentuje interesy rosyjskoj\u0119zycznej mniejszo\u015bci na \u0141otwie. Wiceprzewodnicz\u0105cy partii Walerij Ageszyn podkre\u015bli\u0142, \u017ce zgodnie z niepisanym prawem [&hellip;]","protected":false},"author":1,"featured_media":0,"comment_status":"closed","ping_status":"closed","sticky":false,"template":"","format":"standard","meta":{"_acf_changed":false,"_monsterinsights_skip_tracking":false,"_monsterinsights_sitenote_active":false,"_monsterinsights_sitenote_note":"","_monsterinsights_sitenote_category":0,"ngg_post_thumbnail":0,"footnotes":"","_wp_rev_ctl_limit":""},"categories":[6],"tags":[66,102,29,59],"acf":[],"_links":{"self":[{"href":"https:\/\/www.bibula.com\/index.php?rest_route=\/wp\/v2\/posts\/34398"}],"collection":[{"href":"https:\/\/www.bibula.com\/index.php?rest_route=\/wp\/v2\/posts"}],"about":[{"href":"https:\/\/www.bibula.com\/index.php?rest_route=\/wp\/v2\/types\/post"}],"author":[{"embeddable":true,"href":"https:\/\/www.bibula.com\/index.php?rest_route=\/wp\/v2\/users\/1"}],"replies":[{"embeddable":true,"href":"https:\/\/www.bibula.com\/index.php?rest_route=%2Fwp%2Fv2%2Fcomments&post=34398"}],"version-history":[{"count":0,"href":"https:\/\/www.bibula.com\/index.php?rest_route=\/wp\/v2\/posts\/34398\/revisions"}],"wp:attachment":[{"href":"https:\/\/www.bibula.com\/index.php?rest_route=%2Fwp%2Fv2%2Fmedia&parent=34398"}],"wp:term":[{"taxonomy":"category","embeddable":true,"href":"https:\/\/www.bibula.com\/index.php?rest_route=%2Fwp%2Fv2%2Fcategories&post=34398"},{"taxonomy":"post_tag","embeddable":true,"href":"https:\/\/www.bibula.com\/index.php?rest_route=%2Fwp%2Fv2%2Ftags&post=34398"}],"curies":[{"name":"wp","href":"https:\/\/api.w.org\/{rel}","templated":true}]}}