{"id":34280,"date":"2011-03-09T22:20:32","date_gmt":"2011-03-10T03:20:32","guid":{"rendered":"http:\/\/www.bibula.com\/?p=34280"},"modified":"2011-03-09T22:20:32","modified_gmt":"2011-03-10T03:20:32","slug":"parlament-europejski-widzi-w-zabijaniu-prawo-czlowieka","status":"publish","type":"post","link":"https:\/\/www.bibula.com\/?p=34280","title":{"rendered":"Parlament Europejski widzi w zabijaniu prawo cz\u0142owieka"},"content":{"rendered":"<p><strong>8 marca Parlament europejski przyj\u0105\u0142 dwa  raporty, kt\u00f3re uznaj\u0105 zamordowanie nienarodzonego dziecka za prawo  kobiety. Na szcz\u0119\u015bcie nie maj\u0105 one znaczenia prawnego.<\/strong><\/p>\r\n<p>Chodzi o raporty \u201eWyr\u00f3wnanie nier\u00f3wno\u015bci zdrowotnych w UE\u201d i  \u201eR\u00f3wnouprawnienie kobiet i m\u0119\u017cczyzn w UE\u201d. Pierwszy z nich stwierdza  m.in., \u017ce \u201eUnia Europejska i pa\u0144stwa cz\u0142onkowskie musz\u0105 (zagwarantowa\u0107  kobietom \u0142atwy dost\u0119p do \u015brodk\u00f3w antykoncepcyjnych, a tak\u017ce prawo do  bezpiecznej aborcji\u201d.<\/p>\r\n<p>Z kolei raport o r\u00f3wno\u015bci kobiet i m\u0119\u017cczyzn &#8222;opowiada si\u0119 za dost\u0119pem  kobiet i m\u0119\u017cczyzn do odpowiednich informacji i wsparcia w dziedzinie  opieki nad zdrowiem reprodukcyjnym, a tak\u017ce podkre\u015bla, \u017ce kobiety  powinny mie\u0107 te same prawa i mo\u017cliwo\u015bci, co m\u0119\u017cczy\u017ani w zakresie dost\u0119pu  do us\u0142ug w tej dziedzinie; podkre\u015bla, \u017ce kobiety powinny mie\u0107 kontrol\u0119  nad swoimi prawami seksualnymi i rozrodczymi, szczeg\u00f3lnie poprzez \u0142atwy  dost\u0119p do \u015brodk\u00f3w antykoncepcyjnych i mo\u017cliwo\u015b\u0107 aborcji; wzywa pa\u0144stwa  cz\u0142onkowskie i Komisj\u0119 Europejsk\u0105 do realizacji \u015brodk\u00f3w i dzia\u0142a\u0144  u\u015bwiadamiaj\u0105cych m\u0119\u017cczyznom ich odpowiedzialno\u015b\u0107 w kwestiach seksualnych  i rozrodczych\u201d.<\/p>\r\n<p>&#8211; Te dokumenty nie maj\u0105 znaczenia prawnego, ale polityczne.  Zwolennicy aborcji b\u0119d\u0105 mogli nimi wymachiwa\u0107 w swoich krajach i u\u017cywa\u0107  jako argument\u00f3w za legalizacj\u0105 tego procederu &#8211; m\u00f3wi portalowi Fronda.pl  Konrad Szyma\u0144ski z Prawa i Sprawiedliwo\u015bci. &#8211; Na szcz\u0119\u015bcie Unia  Europejska nie mo\u017ce podejmowa\u0107 decyzji odno\u015bnie ustawodawstwa  dotycz\u0105cego aborcji w pa\u0144stwach cz\u0142onkowskich i nie powinna m\u00f3c. Jednak  to jest znak, \u017ce gdyby mog\u0142a, to by pewnie zalegalizowa\u0142a j\u0105 tak\u017ce w  pa\u0144stwach cz\u0142onkowskich &#8211; dodaje europose\u0142.<\/p>\r\n<p>Polscy europos\u0142owie pr\u00f3cz przedstawicieli SLD g\u0142osowali przeciwko antyludzkim zapisom.<\/p>\r\n<p>sks\/KonradSzymanski.pl<\/p>","protected":false},"excerpt":{"rendered":"8 marca Parlament europejski przyj\u0105\u0142 dwa raporty, kt\u00f3re uznaj\u0105 zamordowanie nienarodzonego dziecka za prawo kobiety. Na szcz\u0119\u015bcie nie maj\u0105 one znaczenia prawnego. Chodzi o raporty \u201eWyr\u00f3wnanie nier\u00f3wno\u015bci zdrowotnych w UE\u201d i \u201eR\u00f3wnouprawnienie kobiet i m\u0119\u017cczyzn w UE\u201d. Pierwszy z nich stwierdza m.in., \u017ce \u201eUnia Europejska i pa\u0144stwa cz\u0142onkowskie musz\u0105 (zagwarantowa\u0107 kobietom \u0142atwy dost\u0119p do \u015brodk\u00f3w [&hellip;]","protected":false},"author":1,"featured_media":0,"comment_status":"closed","ping_status":"closed","sticky":false,"template":"","format":"standard","meta":{"_acf_changed":false,"_monsterinsights_skip_tracking":false,"_monsterinsights_sitenote_active":false,"_monsterinsights_sitenote_note":"","_monsterinsights_sitenote_category":0,"ngg_post_thumbnail":0,"footnotes":"","_wp_rev_ctl_limit":""},"categories":[6],"tags":[94,23],"acf":[],"_links":{"self":[{"href":"https:\/\/www.bibula.com\/index.php?rest_route=\/wp\/v2\/posts\/34280"}],"collection":[{"href":"https:\/\/www.bibula.com\/index.php?rest_route=\/wp\/v2\/posts"}],"about":[{"href":"https:\/\/www.bibula.com\/index.php?rest_route=\/wp\/v2\/types\/post"}],"author":[{"embeddable":true,"href":"https:\/\/www.bibula.com\/index.php?rest_route=\/wp\/v2\/users\/1"}],"replies":[{"embeddable":true,"href":"https:\/\/www.bibula.com\/index.php?rest_route=%2Fwp%2Fv2%2Fcomments&post=34280"}],"version-history":[{"count":0,"href":"https:\/\/www.bibula.com\/index.php?rest_route=\/wp\/v2\/posts\/34280\/revisions"}],"wp:attachment":[{"href":"https:\/\/www.bibula.com\/index.php?rest_route=%2Fwp%2Fv2%2Fmedia&parent=34280"}],"wp:term":[{"taxonomy":"category","embeddable":true,"href":"https:\/\/www.bibula.com\/index.php?rest_route=%2Fwp%2Fv2%2Fcategories&post=34280"},{"taxonomy":"post_tag","embeddable":true,"href":"https:\/\/www.bibula.com\/index.php?rest_route=%2Fwp%2Fv2%2Ftags&post=34280"}],"curies":[{"name":"wp","href":"https:\/\/api.w.org\/{rel}","templated":true}]}}