{"id":34171,"date":"2011-03-08T13:18:30","date_gmt":"2011-03-08T18:18:30","guid":{"rendered":"http:\/\/www.bibula.com\/?p=34171"},"modified":"2011-03-08T13:18:30","modified_gmt":"2011-03-08T18:18:30","slug":"matki-powinny-otrzymywac-wynagrodzenie-za-prace-w-domu","status":"publish","type":"post","link":"https:\/\/www.bibula.com\/?p=34171","title":{"rendered":"Matki powinny otrzymywa\u0107 wynagrodzenie za prac\u0119 w domu"},"content":{"rendered":"<p><strong>Dzie\u0144 Kobiet jest znakomit\u0105 okazj\u0105 do pochylenia  si\u0119 nad sytuacj\u0105 wsp\u00f3\u0142czesnej Polki. Jest to istotne zw\u0142aszcza w  kontek\u015bcie pog\u0142\u0119biaj\u0105cego si\u0119 kryzysu demograficznego.<\/strong><\/p>\r\n<p>Problemy polityki prorodzinnej zosta\u0142y w obszerny spos\u00f3b  przedstawione podczas ubieg\u0142otygodniowej konferencji, kt\u00f3ra odby\u0142a si\u0119 w  Sejmie. Eksperci s\u0105 zgodni &#8211; dzietno\u015b\u0107 w Polsce musi ulec  zwi\u0119kszeniu.\u00a0W przeciwnym razie polska gospodarka za kilkana\u015bcie lat  znajdzie si\u0119 w bardzo trudnej sytuacji.<\/p>\r\n<p>\u201eDzi\u015b naszym najwi\u0119kszym atutem jest potencja\u0142 demograficzny, gdy\u017c to  on wyznacza miejsce Polski w\u00a0 \u015bwiecie. Trzeba przezwyci\u0119\u017cy\u0107 uprzedzenia  spo\u0142eczne w stosunku do wielodzietno\u015bci\u201d &#8211; wskazuje pos\u0142anka Anna  Sobecka. Zauwa\u017ca, \u017ce jest to ostatni moment na zapobie\u017cenie kryzysowi  demograficznemu.<\/p>\r\n<p>\u201eTymczasem propozycje rz\u0105dowe zak\u0142adaj\u0105 z jednej strony u\u0142atwienia  dla kobiet na rynku pracy, z drugiej za\u015b s\u0105 pr\u00f3b\u0105 zminimalizowania  koszt\u00f3w polityki prorodzinnej\u201d &#8211; wskazuje. Przypomina, \u017ce w por\u00f3wnaniu z  innymi pa\u0144stwami UE wydatki na polityk\u0119 prorodzinn\u0105 w Polsce s\u0105 bardzo  niskie. We Francji na ten cel przeznacza si\u0119 2 proc. PKB, podczas gdy u  nas jest to zaledwie 0,5 proc.<\/p>\r\n<p>&#8222;Nie da si\u0119 prowadzi\u0107 polityki prorodzinnej w spos\u00f3b bezkosztowy&#8221; &#8211;  t\u0142umaczy pos\u0142anka. Sobecka zaznacza, \u017ce musz\u0105 zosta\u0107 podj\u0119te systemowe  dzia\u0142ania, za\u015b \u015brodki powinny trafia\u0107 bezpo\u015brednio do rodzin. Zauwa\u017ca,  \u017ce jedn\u0105 z najprostszych form pomocy jest\u00a0 zwi\u0119kszenie odpisu na dzieci  ze 100 do 500 z\u0142.<\/p>\r\n<p>Pos\u0142anka proponuje tak\u017ce inne rozwi\u0105zanie, podkre\u015blaj\u0105c, \u017ce jego  wprowadzenie\u00a0wymaga gruntownej reformy m.in. w zakresie pomocy socjalnej  &#8211;\u00a0zdaniem Sobeckiej kobiety-matki pracuj\u0105ce w domu powinny otrzymywa\u0107  pensje.<\/p>\r\n<p>Pos\u0142anka wskazuje, \u017ce z szacunk\u00f3w ekonomist\u00f3w wynika, i\u017c warto\u015b\u0107  pracy domowej w Polsce wynosi ok. 30 proc. PKB. Zaznacza, \u017ce kobieta  powinna mie\u0107 swobod\u0119 wyboru odno\u015bnie tego, czy chce robi\u0107 karier\u0119  zawodow\u0105, czy te\u017c decyduje si\u0119 po\u015bwi\u0119ci\u0107 pracy w domu. W obu przypadkach  praca powinna wlicza\u0107 si\u0119 do wys\u0142ugi lat. Sobecka proponuje, by  wysoko\u015b\u0107 wynagrodzenia kobiety-matki w domu by\u0142a uzale\u017cniona od liczby  dzieci &#8211; matka z 1 dzieckiem otrzymywa\u0142aby 10 proc. \u015bredniej miesi\u0119cznej  pensji krajowej, z 2 dzieci &#8211; 25 proc., z 3 &#8211; 50 proc., z 4 &#8211;\u00a075 proc.,  za\u015b z 5 i wi\u0119cej &#8211; 100 proc.<\/p>\r\n<p>Sk\u0105d wzi\u0105\u0107 na to fundusze? Zdaniem Anny Sobeckiej baz\u0105 powinny by\u0107  obecne \u015bwiadczenia &#8211; zasi\u0142ki, zapomogi, a tak\u017ce Fundusz Opieki  Spo\u0142ecznej. Pos\u0142anka zauwa\u017ca, \u017ce uszczelnienie systemu pozwoli na  wygospodarowanie \u015brodk\u00f3w na ten cel. Ponadto w zwi\u0105zku z opiek\u0105, jak\u0105  matki otoczy\u0142yby w domu swoje pociechy, mo\u017cliwe by\u0142oby r\u00f3wnie\u017c  zmniejszenie dofinansowania \u017c\u0142obk\u00f3w i przedszkoli.<\/p>\r\n<p>Anna Sobecka wskazuje, \u017ce proponowane rozwi\u0105zanie przyniesie liczne  korzy\u015bci w wielu dziedzinach \u017cycia spo\u0142ecznego, m.in. spadek bezrobocia,  wzrost demograficzny, popraw\u0119 sytuacji ekonomicznej rodzin. Ponadto  pozostanie tak\u017ce nie bez wp\u0142ywu na spos\u00f3b wychowania przysz\u0142ych pokole\u0144.<\/p>","protected":false},"excerpt":{"rendered":"Dzie\u0144 Kobiet jest znakomit\u0105 okazj\u0105 do pochylenia si\u0119 nad sytuacj\u0105 wsp\u00f3\u0142czesnej Polki. Jest to istotne zw\u0142aszcza w kontek\u015bcie pog\u0142\u0119biaj\u0105cego si\u0119 kryzysu demograficznego. Problemy polityki prorodzinnej zosta\u0142y w obszerny spos\u00f3b przedstawione podczas ubieg\u0142otygodniowej konferencji, kt\u00f3ra odby\u0142a si\u0119 w Sejmie. Eksperci s\u0105 zgodni &#8211; dzietno\u015b\u0107 w Polsce musi ulec zwi\u0119kszeniu.\u00a0W przeciwnym razie polska gospodarka za kilkana\u015bcie lat [&hellip;]","protected":false},"author":1,"featured_media":0,"comment_status":"closed","ping_status":"closed","sticky":false,"template":"","format":"standard","meta":{"_acf_changed":false,"_monsterinsights_skip_tracking":false,"ngg_post_thumbnail":0,"footnotes":"","_wp_rev_ctl_limit":""},"categories":[8],"tags":[177],"acf":[],"_links":{"self":[{"href":"https:\/\/www.bibula.com\/index.php?rest_route=\/wp\/v2\/posts\/34171"}],"collection":[{"href":"https:\/\/www.bibula.com\/index.php?rest_route=\/wp\/v2\/posts"}],"about":[{"href":"https:\/\/www.bibula.com\/index.php?rest_route=\/wp\/v2\/types\/post"}],"author":[{"embeddable":true,"href":"https:\/\/www.bibula.com\/index.php?rest_route=\/wp\/v2\/users\/1"}],"replies":[{"embeddable":true,"href":"https:\/\/www.bibula.com\/index.php?rest_route=%2Fwp%2Fv2%2Fcomments&post=34171"}],"version-history":[{"count":0,"href":"https:\/\/www.bibula.com\/index.php?rest_route=\/wp\/v2\/posts\/34171\/revisions"}],"wp:attachment":[{"href":"https:\/\/www.bibula.com\/index.php?rest_route=%2Fwp%2Fv2%2Fmedia&parent=34171"}],"wp:term":[{"taxonomy":"category","embeddable":true,"href":"https:\/\/www.bibula.com\/index.php?rest_route=%2Fwp%2Fv2%2Fcategories&post=34171"},{"taxonomy":"post_tag","embeddable":true,"href":"https:\/\/www.bibula.com\/index.php?rest_route=%2Fwp%2Fv2%2Ftags&post=34171"}],"curies":[{"name":"wp","href":"https:\/\/api.w.org\/{rel}","templated":true}]}}