{"id":33985,"date":"2011-03-05T22:37:18","date_gmt":"2011-03-06T03:37:18","guid":{"rendered":"http:\/\/www.bibula.com\/?p=33985"},"modified":"2011-03-05T22:37:18","modified_gmt":"2011-03-06T03:37:18","slug":"moskwa-rocznica-smierci-stalina","status":"publish","type":"post","link":"https:\/\/www.bibula.com\/?p=33985","title":{"rendered":"Moskwa: rocznica \u015bmierci Stalina"},"content":{"rendered":"<p><strong>Na grobie J\u00f3zefa Stalina, na Placu Czerwonym w Moskwie, w 58 rocznic\u0119  jego \u015bmierci grupa rosyjskich komunist\u00f3w z\u0142o\u017cy\u0142a wi\u0105zanki kwiat\u00f3w.  Wed\u0142ug bada\u0144 socjologicznych, w Rosji wci\u0105\u017c ponad 20 procent obywateli  uznaje Stalina za wielkiego przyw\u00f3dc\u0119 narodu rosyjskiego.<\/strong><\/p>\r\n<p>R\u00f3wnie\u017c w\u0142adze Federacji, w ostatnich latach,  wielokrotnie oburza\u0142y si\u0119  na rezolucje OBWE i Rady Europy pot\u0119piaj\u0105ce stalinizm i zr\u00f3wnuj\u0105ce  przyw\u00f3dc\u0119 pa\u0144stwa sowieckiego z Adolfem Hitlerem.           Jednocze\u015bnie jednak prezydent Dmitrij Miedwiediew zapowiada  rozpocz\u0119cie procesu destalinizacji  i odwo\u0142uj\u0105c si\u0119 do reform cara  Aleksandra II podkre\u015bla, \u017ce wsp\u00f3\u0142czesna Rosja b\u0119dzie korzysta\u0107 z  do\u015bwiadcze\u0144 cara reformatora, a nie \u201esowieckich eksperyment\u00f3w\u201d.         Krytycznie oceniaj\u0105 dyskusj\u0119 o destalinizacji rosyjscy  komuni\u015bci. Ci, kt\u00f3rzy z\u0142o\u017cyli dzi\u015b kwiaty na grobie radzieckiego  przyw\u00f3dcy, m\u00f3wi\u0105 wprost &#8211; &#8222;To bardzo z\u0142a dyskusja, bo nie mo\u017cna miesza\u0107 z  b\u0142otem cz\u0142owieka, kt\u00f3ry kierowa\u0142 pa\u0144stwem prze prawie 30 lat\u201e. \u201dNie ma  destalinizacji, a jest proces wymazywania sowieckiej cywilizacji z  powierzchni ziemi. Stalin by\u0142 wiernym uczniem Lenina i kontynuowa\u0142  wielkie dzie\u0142o, o kt\u00f3rym marzyli przez setki lat obywatele Rosji  wszystkich narodowo\u015bci&#8221; &#8211; dodaj\u0105 zwolennicy stalinowskich idei.         Takie stanowisko jest ju\u017c jednak w Rosji marginalizowane.  Eksperci i obro\u0144cy praw cz\u0142owieka wsp\u00f3\u0142pracuj\u0105cy z prezydentem Dmitrijem  Miedwiediewem przyznaj\u0105, \u017ce proces destalinizacji jest nieunikniony. Za  jego pocz\u0105tek wielu politolog\u00f3w uznaje ubieg\u0142oroczn\u0105 uchwa\u0142\u0119 Dumy  Pa\u0144stwowej, w kt\u00f3rej pot\u0119piono zbrodnie NKWD pope\u0142nione w latach  1937-1953, w tym zamordowanie na rozkaz J\u00f3zefa Stalina wiosn\u0105 1940 roku  ponad 25 tysi\u0119cy polskich oficer\u00f3w.<br \/><br \/>IAR\/Kresy.pl<\/p>","protected":false},"excerpt":{"rendered":"Na grobie J\u00f3zefa Stalina, na Placu Czerwonym w Moskwie, w 58 rocznic\u0119 jego \u015bmierci grupa rosyjskich komunist\u00f3w z\u0142o\u017cy\u0142a wi\u0105zanki kwiat\u00f3w. Wed\u0142ug bada\u0144 socjologicznych, w Rosji wci\u0105\u017c ponad 20 procent obywateli uznaje Stalina za wielkiego przyw\u00f3dc\u0119 narodu rosyjskiego. R\u00f3wnie\u017c w\u0142adze Federacji, w ostatnich latach, wielokrotnie oburza\u0142y si\u0119 na rezolucje OBWE i Rady Europy pot\u0119piaj\u0105ce stalinizm i [&hellip;]","protected":false},"author":1,"featured_media":0,"comment_status":"closed","ping_status":"closed","sticky":false,"template":"","format":"standard","meta":{"_acf_changed":false,"_monsterinsights_skip_tracking":false,"_monsterinsights_sitenote_active":false,"_monsterinsights_sitenote_note":"","_monsterinsights_sitenote_category":0,"ngg_post_thumbnail":0,"footnotes":"","_wp_rev_ctl_limit":""},"categories":[6],"tags":[66,141],"acf":[],"_links":{"self":[{"href":"https:\/\/www.bibula.com\/index.php?rest_route=\/wp\/v2\/posts\/33985"}],"collection":[{"href":"https:\/\/www.bibula.com\/index.php?rest_route=\/wp\/v2\/posts"}],"about":[{"href":"https:\/\/www.bibula.com\/index.php?rest_route=\/wp\/v2\/types\/post"}],"author":[{"embeddable":true,"href":"https:\/\/www.bibula.com\/index.php?rest_route=\/wp\/v2\/users\/1"}],"replies":[{"embeddable":true,"href":"https:\/\/www.bibula.com\/index.php?rest_route=%2Fwp%2Fv2%2Fcomments&post=33985"}],"version-history":[{"count":0,"href":"https:\/\/www.bibula.com\/index.php?rest_route=\/wp\/v2\/posts\/33985\/revisions"}],"wp:attachment":[{"href":"https:\/\/www.bibula.com\/index.php?rest_route=%2Fwp%2Fv2%2Fmedia&parent=33985"}],"wp:term":[{"taxonomy":"category","embeddable":true,"href":"https:\/\/www.bibula.com\/index.php?rest_route=%2Fwp%2Fv2%2Fcategories&post=33985"},{"taxonomy":"post_tag","embeddable":true,"href":"https:\/\/www.bibula.com\/index.php?rest_route=%2Fwp%2Fv2%2Ftags&post=33985"}],"curies":[{"name":"wp","href":"https:\/\/api.w.org\/{rel}","templated":true}]}}