{"id":33964,"date":"2011-03-06T19:50:28","date_gmt":"2011-03-07T00:50:28","guid":{"rendered":"http:\/\/www.bibula.com\/?p=33964"},"modified":"2011-03-06T19:50:49","modified_gmt":"2011-03-07T00:50:49","slug":"po-wypowiedzi-prezydenta-zachecalbym-zeby-postapil-krok-dalej-niech-moze-w-ogole-nie-rozpisuje-zadnych-wyborow","status":"publish","type":"post","link":"https:\/\/www.bibula.com\/?p=33964","title":{"rendered":"Po wypowiedzi prezydenta: &#8222;Zach\u0119ca\u0142bym, \u017ceby post\u0105pi\u0142 krok dalej &#8211; niech mo\u017ce w og\u00f3le nie rozpisuje \u017cadnych wybor\u00f3w!&#8221;"},"content":{"rendered":"<p><strong>To nie wyborcy, ale  prezydent Komorowski &#8211; jak oznajmi\u0142  czytelnikom \u201eNewsweeka&#8221; &#8211; wska\u017ce  cz\u0142owieka, kt\u00f3ry dostanie misj\u0119  sformowania rz\u0105du. Konstytucja nie  przes\u0105dza przecie\u017c, \u017ce pierwszy powinien dosta\u0107 \u00a0szans\u0119 lider  zwyci\u0119skiej partii.<\/strong><\/p>\r\n<p>Prezydent podj\u0105\u0142 s\u0142uszn\u0105 decyzj\u0119, \u00a0akurat on \u00a0sam  przecie\u017c \u00a0wie  najlepiej, \u017ce \u00a0wybory nie s\u0105 \u017cadn\u0105 gwarancj\u0105, i\u017c wybrany  zostanie  \u00a0najlepszy. \u00a0Dlatego prezydent chce mie\u0107 gwarancj\u0119, \u017ce rz\u0105d  sformuje  \u201ezwolennik \u00a0modernizacji i zdrowego rozs\u0105dku&#8221;.<\/p>\r\n<p><strong>Zach\u0119ca\u0142bym pana  prezydenta, \u017ceby post\u0105pi\u0142 krok dalej w swym poczciwym dziele. Niech w  og\u00f3le nie rozpisuje \u017cadnych wybor\u00f3w! <\/strong>Premiera  i przysz\u0142y rz\u0105d wska\u017c\u0105 nam  \u00a0si\u0142y \u201erozs\u0105dku i post\u0119pu&#8221; obficie  \u00a0nagromadzone ju\u017c \u00a0w kancelarii  prezydenta, premiera i w kilku  koncernach medialnych. Tak b\u0119dzie lepiej  dla Polski i dla jej m\u0142odej  demokracji!<\/p>\r\n<p><strong><em>Krzysztof Czaba\u0144ski<\/em><\/strong><\/p>\r\n<blockquote>\r\n<h2>Bronis\u0142aw Komorowski: po wyborach to ja wska\u017c\u0119 kandydata na premiera<\/h2>\r\n<p>Lider zwyci\u0119skiej partii ma najwi\u0119ksze szanse, ale nie ma gwarancji &#8211; m\u00f3wi prezydent Bronis\u0142aw Komorowski.<\/p>\r\n<p>Prezydent powiedzia\u0142 w wywiadzie dla \u201eNewsweeka\u201d, \u017ce ma suwerenne prawo wybra\u0107 kandydata na premiera.<\/p>\r\n<p>To wa\u017cna deklaracja, bo do tej pory w\u015br\u00f3d polityk\u00f3w panowa\u0142o  przekonanie, \u017ce lider zwyci\u0119skiego ugrupowania ma nominacj\u0119 w kieszeni &#8211;  czytamy na stronach tygodnika. Wedle konstytucji, to prezydent  desygnuje premiera. I mo\u017ce wskaza\u0107 dowolnego kandydata.<\/p>\r\n<p>&#8211; Mam nadziej\u0119, \u017ce po jesiennych wyborach b\u0119d\u0119 m\u00f3g\u0142 powierzy\u0107 misj\u0119  tworzenia rz\u0105du zwolennikom modernizacji, ale i zdrowego rozs\u0105dku &#8211; m\u00f3wi  Komorowski.<\/p>\r\n<p>Dziennikarze \u201eNewsweeka\u201d zapytali prezydenta wprost, czy w razie  zwyci\u0119stwa PiS Kaczy\u0144ski ma szanse na fotel premiera. Prezydent  zasugerowa\u0142, \u017ce nie. &#8211; Prosz\u0119 mnie zwolni\u0107 z odpowiedzi na to pytanie &#8211;  oznajmi\u0142.<\/p>\r\n<p>IAR\/to<\/p>\r\n<p class=\"zrodlo\">Za: <a href=\"http:\/\/www.polskieradio.pl\/5\/115\/Artykul\/322437,Bronislaw-Komorowski-po-wyborach-to-ja-wskaze-kandydata-na-premiera\">Polskie Radio<\/a><\/p>\r\n<\/blockquote>","protected":false},"excerpt":{"rendered":"To nie wyborcy, ale prezydent Komorowski &#8211; jak oznajmi\u0142 czytelnikom \u201eNewsweeka&#8221; &#8211; wska\u017ce cz\u0142owieka, kt\u00f3ry dostanie misj\u0119 sformowania rz\u0105du. Konstytucja nie przes\u0105dza przecie\u017c, \u017ce pierwszy powinien dosta\u0107 \u00a0szans\u0119 lider zwyci\u0119skiej partii. Prezydent podj\u0105\u0142 s\u0142uszn\u0105 decyzj\u0119, \u00a0akurat on \u00a0sam przecie\u017c \u00a0wie najlepiej, \u017ce \u00a0wybory nie s\u0105 \u017cadn\u0105 gwarancj\u0105, i\u017c wybrany zostanie \u00a0najlepszy. \u00a0Dlatego prezydent chce mie\u0107 [&hellip;]","protected":false},"author":1,"featured_media":0,"comment_status":"closed","ping_status":"closed","sticky":false,"template":"","format":"standard","meta":{"_acf_changed":false,"_monsterinsights_skip_tracking":false,"_monsterinsights_sitenote_active":false,"_monsterinsights_sitenote_note":"","_monsterinsights_sitenote_category":0,"ngg_post_thumbnail":0,"footnotes":"","_wp_rev_ctl_limit":""},"categories":[8],"tags":[147,98,144],"acf":[],"_links":{"self":[{"href":"https:\/\/www.bibula.com\/index.php?rest_route=\/wp\/v2\/posts\/33964"}],"collection":[{"href":"https:\/\/www.bibula.com\/index.php?rest_route=\/wp\/v2\/posts"}],"about":[{"href":"https:\/\/www.bibula.com\/index.php?rest_route=\/wp\/v2\/types\/post"}],"author":[{"embeddable":true,"href":"https:\/\/www.bibula.com\/index.php?rest_route=\/wp\/v2\/users\/1"}],"replies":[{"embeddable":true,"href":"https:\/\/www.bibula.com\/index.php?rest_route=%2Fwp%2Fv2%2Fcomments&post=33964"}],"version-history":[{"count":0,"href":"https:\/\/www.bibula.com\/index.php?rest_route=\/wp\/v2\/posts\/33964\/revisions"}],"wp:attachment":[{"href":"https:\/\/www.bibula.com\/index.php?rest_route=%2Fwp%2Fv2%2Fmedia&parent=33964"}],"wp:term":[{"taxonomy":"category","embeddable":true,"href":"https:\/\/www.bibula.com\/index.php?rest_route=%2Fwp%2Fv2%2Fcategories&post=33964"},{"taxonomy":"post_tag","embeddable":true,"href":"https:\/\/www.bibula.com\/index.php?rest_route=%2Fwp%2Fv2%2Ftags&post=33964"}],"curies":[{"name":"wp","href":"https:\/\/api.w.org\/{rel}","templated":true}]}}