{"id":3395,"date":"2008-11-21T15:55:17","date_gmt":"2008-11-21T20:55:17","guid":{"rendered":"http:\/\/www.bibula.com\/?p=3395"},"modified":"2008-11-21T17:30:16","modified_gmt":"2008-11-21T22:30:16","slug":"pierwszy-krok-do-kanonizacji-swietego-obamy-rozpoczety-szkola-otrzymala-imie-prezydenta-elekta","status":"publish","type":"post","link":"https:\/\/www.bibula.com\/?p=3395","title":{"rendered":"Pierwszy krok do kanonizacji &#8222;\u015bwi\u0119tego Obamy&#8221;: szko\u0142a otrzyma\u0142a imi\u0119 prezydenta-elekta"},"content":{"rendered":"<p>W zaledwie dwa tygodnie po zako\u0144czeniu wybor\u00f3w prezydenckich i na dwa miesi\u0105ce przed oficjalnym zaprzysi\u0119\u017ceniem, prezydent-elekt Barack Obama d\u0105\u017cy szybkimi krokami do uzyskania tytu\u0142u &#8222;\u015bwi\u0119tego&#8221; ca\u0142ego liberalnego, komunistycznego i czarno-rasistowskiego \u015bwiatka.<\/p>\r\n\r\n<p>Oto w nowojorskim Long Island w\u0142adze szkolne miejscowo\u015bci Hempstead jednog\u0142o\u015bnie podj\u0119\u0142y decyzj\u0119 o nadaniu szkole podstawowej imienia Baraka Obamy. Kurator wydzia\u0142u edukacji, Joseph Laria powiedzia\u0142 w wywiadzie dla dziennika <em>Newsday<\/em>, \u017ce decyzja wchodzi w \u017cycie w trybie natychmiastowym, chocia\u017c wydzia\u0142 nie przygotowa\u0142 jeszcze nowych napis\u00f3w na szkole i nie zmieni\u0142 jej dokument\u00f3w. Jak twiedzi Laria, zmiana nazwy dotychczasowej szko\u0142y <em>Ludlum Elementary School<\/em>, skupiaj\u0105cej &#8222;w wi\u0119kszo\u015bci mniejszo\u015bci&#8221; [czytaj: Murzyn\u00f3w], odby\u0142a si\u0119 &#8222;z wielkim poparciem uczni\u00f3w, kt\u00f3rzy wspierani byli przez nauczycieli i pracownik\u00f3w szko\u0142y&#8221;.<\/p>\r\n\r\n<p>Na podstawie: <a href=\"http:\/\/www.upi.com\/Top_News\/2008\/11\/21\/Grade_school_takes_Obamas_name\/UPI-99551227295536\/\" target=\"_blank\">UPI<\/a><\/p>\r\n\r\n<p><br class=\"spacer_\" \/><\/p>","protected":false},"excerpt":{"rendered":"W zaledwie dwa tygodnie po zako\u0144czeniu wybor\u00f3w prezydenckich i na dwa miesi\u0105ce przed oficjalnym zaprzysi\u0119\u017ceniem, prezydent-elekt Barack Obama d\u0105\u017cy szybkimi krokami do uzyskania tytu\u0142u &#8222;\u015bwi\u0119tego&#8221; ca\u0142ego liberalnego, komunistycznego i czarno-rasistowskiego \u015bwiatka. Oto w nowojorskim Long Island w\u0142adze szkolne miejscowo\u015bci Hempstead jednog\u0142o\u015bnie podj\u0119\u0142y decyzj\u0119 o nadaniu szkole podstawowej imienia Baraka Obamy. Kurator wydzia\u0142u edukacji, Joseph Laria [&hellip;]","protected":false},"author":1,"featured_media":0,"comment_status":"closed","ping_status":"closed","sticky":false,"template":"","format":"standard","meta":{"_acf_changed":false,"_monsterinsights_skip_tracking":false,"_monsterinsights_sitenote_active":false,"_monsterinsights_sitenote_note":"","_monsterinsights_sitenote_category":0,"ngg_post_thumbnail":0,"footnotes":"","_wp_rev_ctl_limit":""},"categories":[7],"tags":[21],"acf":[],"_links":{"self":[{"href":"https:\/\/www.bibula.com\/index.php?rest_route=\/wp\/v2\/posts\/3395"}],"collection":[{"href":"https:\/\/www.bibula.com\/index.php?rest_route=\/wp\/v2\/posts"}],"about":[{"href":"https:\/\/www.bibula.com\/index.php?rest_route=\/wp\/v2\/types\/post"}],"author":[{"embeddable":true,"href":"https:\/\/www.bibula.com\/index.php?rest_route=\/wp\/v2\/users\/1"}],"replies":[{"embeddable":true,"href":"https:\/\/www.bibula.com\/index.php?rest_route=%2Fwp%2Fv2%2Fcomments&post=3395"}],"version-history":[{"count":0,"href":"https:\/\/www.bibula.com\/index.php?rest_route=\/wp\/v2\/posts\/3395\/revisions"}],"wp:attachment":[{"href":"https:\/\/www.bibula.com\/index.php?rest_route=%2Fwp%2Fv2%2Fmedia&parent=3395"}],"wp:term":[{"taxonomy":"category","embeddable":true,"href":"https:\/\/www.bibula.com\/index.php?rest_route=%2Fwp%2Fv2%2Fcategories&post=3395"},{"taxonomy":"post_tag","embeddable":true,"href":"https:\/\/www.bibula.com\/index.php?rest_route=%2Fwp%2Fv2%2Ftags&post=3395"}],"curies":[{"name":"wp","href":"https:\/\/api.w.org\/{rel}","templated":true}]}}