{"id":33873,"date":"2011-03-04T10:00:01","date_gmt":"2011-03-04T15:00:01","guid":{"rendered":"http:\/\/www.bibula.com\/?p=33873"},"modified":"2011-03-04T10:00:01","modified_gmt":"2011-03-04T15:00:01","slug":"w-izraelu-stanie-pomnik-ku-czci-armii-czerwonej","status":"publish","type":"post","link":"https:\/\/www.bibula.com\/?p=33873","title":{"rendered":"W Izraelu stanie pomnik ku czci Armii Czerwonej"},"content":{"rendered":"<p><strong>W Izraelu prawdopodobnie jeszcze w tym roku  zbuduj\u0105 pomnik czcz\u0105cy Armi\u0119 Czerwon\u0105 i jej zwyci\u0119stwo nad hitlerowskimi  Niemcami. Pomnik ma powsta\u0107 ze sk\u0142adek \u017byd\u00f3w z ca\u0142ego \u015bwiata.<\/strong><\/p>\r\n<p>Projekt pomnika zosta\u0142 wy\u0142oniony w wyniku mi\u0119dzynarodowego konkursu,  kt\u00f3ry Izrael og\u0142osi\u0142 jesieni\u0105 ubieg\u0142ego roku. Zwyci\u0119\u017cy\u0142 projekt  zaproponowany przez rosyjskich artyst\u00f3w.<\/p>\r\n<table class=\"outset\" align=\"left\">\r\n<tbody>\r\n<tr>\r\n<td><img decoding=\"async\" src=\"http:\/\/www.fronda.pl\/files\/pomnik%20rosja%20izrael%20logo%20txt.jpg\" alt=\"Logo konkursu na pomnik Armii Czerwonej.\" \/><\/td>\r\n<\/tr>\r\n<tr>\r\n<td>\r\n<p>Logo konkursu na pomnik Armii Czerwonej.<\/p>\r\n<\/td>\r\n<\/tr>\r\n<\/tbody>\r\n<\/table>\r\n<p>Przedstawia on labirynt, w kt\u00f3rym poszczeg\u00f3lne skrzy\u017cowania  symbolizuj\u0105 najbardziej tragiczne wydarzenia w dziejach narodu  \u017cydowskiego. Labirynt ko\u0144czy si\u0119 wyj\u015bciem na otwart\u0105 przestrze\u0144, w  centrum kt\u00f3rej znajduj\u0105 si\u0119 skrzyd\u0142a wzlatuj\u0105cego bia\u0142ego go\u0142\u0119bia.<\/p>\r\n<p>Pomnik ma stan\u0105\u0107 w mie\u015bcie Nietania i zostanie zbudowany ze sk\u0142adek  \u017byd\u00f3w z ca\u0142ego \u015bwiata. Jego budowa ma si\u0119 rozpocz\u0105\u0107 w najbli\u017cszym  czasie.<\/p>\r\n<p>O ch\u0119ci upami\u0119tnienia \u017co\u0142nierzy Armii Czerwonej poinformowa\u0142 premiera  Rosji W\u0142adimira Putina w ubieg\u0142ym roku izraelski premier Beniamin  Netanjahu. Jego zdaniem rola Armii Czerwonej w zwyci\u0119stwie nad nazistami  jest obecnie coraz bardziej umniejszana.<\/p>\r\n<p>Pomnik ma by\u0107 wyrazem wdzi\u0119czno\u015bci Izraela dla narodu rosyjskiego,  kt\u00f3ry odegra\u0142 kluczow\u0105 rol\u0119 w zwyci\u0119stwie odniesionym przez koalicj\u0119  antyhitlerowsk\u0105 w drugiej wojnie \u015bwiatowej i wyzwoleniu \u017byd\u00f3w z oboz\u00f3w  koncentracyjnych. Pomnik stanie si\u0119 r\u00f3wnie\u017c symbolem bohaterstwa i  ofiarno\u015bci blisko p\u00f3\u0142 miliona \u017byd\u00f3w, kt\u00f3rzy walczyli w szeregach Armii  Czerwonej.<\/p>\r\n<p>roja\/GazetaWyborcza<\/p>","protected":false},"excerpt":{"rendered":"W Izraelu prawdopodobnie jeszcze w tym roku zbuduj\u0105 pomnik czcz\u0105cy Armi\u0119 Czerwon\u0105 i jej zwyci\u0119stwo nad hitlerowskimi Niemcami. Pomnik ma powsta\u0107 ze sk\u0142adek \u017byd\u00f3w z ca\u0142ego \u015bwiata. Projekt pomnika zosta\u0142 wy\u0142oniony w wyniku mi\u0119dzynarodowego konkursu, kt\u00f3ry Izrael og\u0142osi\u0142 jesieni\u0105 ubieg\u0142ego roku. Zwyci\u0119\u017cy\u0142 projekt zaproponowany przez rosyjskich artyst\u00f3w. Logo konkursu na pomnik Armii Czerwonej. Przedstawia on [&hellip;]","protected":false},"author":1,"featured_media":0,"comment_status":"closed","ping_status":"closed","sticky":false,"template":"","format":"standard","meta":{"_acf_changed":false,"_monsterinsights_skip_tracking":false,"_monsterinsights_sitenote_active":false,"_monsterinsights_sitenote_note":"","_monsterinsights_sitenote_category":0,"ngg_post_thumbnail":0,"footnotes":"","_wp_rev_ctl_limit":""},"categories":[6],"tags":[66,61,55,141],"acf":[],"_links":{"self":[{"href":"https:\/\/www.bibula.com\/index.php?rest_route=\/wp\/v2\/posts\/33873"}],"collection":[{"href":"https:\/\/www.bibula.com\/index.php?rest_route=\/wp\/v2\/posts"}],"about":[{"href":"https:\/\/www.bibula.com\/index.php?rest_route=\/wp\/v2\/types\/post"}],"author":[{"embeddable":true,"href":"https:\/\/www.bibula.com\/index.php?rest_route=\/wp\/v2\/users\/1"}],"replies":[{"embeddable":true,"href":"https:\/\/www.bibula.com\/index.php?rest_route=%2Fwp%2Fv2%2Fcomments&post=33873"}],"version-history":[{"count":0,"href":"https:\/\/www.bibula.com\/index.php?rest_route=\/wp\/v2\/posts\/33873\/revisions"}],"wp:attachment":[{"href":"https:\/\/www.bibula.com\/index.php?rest_route=%2Fwp%2Fv2%2Fmedia&parent=33873"}],"wp:term":[{"taxonomy":"category","embeddable":true,"href":"https:\/\/www.bibula.com\/index.php?rest_route=%2Fwp%2Fv2%2Fcategories&post=33873"},{"taxonomy":"post_tag","embeddable":true,"href":"https:\/\/www.bibula.com\/index.php?rest_route=%2Fwp%2Fv2%2Ftags&post=33873"}],"curies":[{"name":"wp","href":"https:\/\/api.w.org\/{rel}","templated":true}]}}