{"id":338,"date":"2006-05-09T00:00:00","date_gmt":"2006-05-09T00:00:00","guid":{"rendered":""},"modified":"-0001-11-30T00:00:00","modified_gmt":"-0001-11-30T04:00:00","slug":"","status":"publish","type":"post","link":"https:\/\/www.bibula.com\/?p=338","title":{"rendered":"Belgijscy biskupi oddaj\u0105 ko\u015bcio\u0142y muzu\u0142manom"},"content":{"rendered":"<p>Belgijscy biskupi, za zgod\u0105  kardyna\u0142a  Godfrieda Danneelsa, udost\u0119pnili ko\u015bcio\u0142y katolickie  muzu\u0142ma\u0144skim imigrantom. W ob\u0142\u0119dnej (i politycznie wysoce b\u0142\u0119dnej!) walce biskup\u00f3w z w\u0142adzami chc\u0105cymi zaostrzy\u0107 polityk\u0119 imigracyjn\u0105, biskupi otworzyli ko\u015bcio\u0142y, dok\u0105d udaj\u0105 si\u0119 muzu\u0142manie, gdzie mieszkaj\u0105 i odprawiaj\u0105 w nich swe mod\u0142y. Na oczach wszystkich nast\u0119puje profanacja miejsc \u015bwi\u0119tych, profanacja \u015bwi\u0105ty\u0144! W ko\u015bcio\u0142ach belgijskich rozwieszone zosta\u0142y muzu\u0142ma\u0144skie flagi, o\u0142tarze zosta\u0142y przesuni\u0119te,  figury Matki Bo\u017cej zas\u0142oni\u0119te, a Muzu\u0142manie swobodnie odmawiaja swe blu\u017aniercze mod\u0142y do Allaha. &#346;wiadkowie widzieli rozpalanie ognisk w \u015bwi\u0105tyniach. <\/p>\r\n<p>Dzia\u0142anie biskup\u00f3w belgijskich wo\u0142a o pomst\u0119 do Nieba! Biskupi-apostaci, ci sami kt\u00f3rzy doprowadzili do obecnej sytuacji kryzysowej, gdzie u\u0142amek procenta ludzi ucz\u0119szcza na msze, a dla wi\u0119kszo\u015bci Ko\u015bci\u00f3\u0142 z Jego niezmienn\u0105 Nauk\u0105 jest ju\u017c odleg\u0142\u0105 przesz\u0142o\u015bci\u0105 &#8211; teraz dopuszczaj\u0105 do profanacji \u015bwi\u0105ty\u0144 bo\u017cych. Czy mo\u017cna spodziewa\u0107 si\u0119 ekskomunikacji takich biskup\u00f3w ?- pytanie retoryczne. W dzisiejszych czasach &#8222;ekskomunikuje&#8221; si\u0119 bowiem tych, kt\u00f3rzy dbaj\u0105 o zachowanie ci\u0105g\u0142o\u015bci Tradycji i wype\u0142niaj\u0105 Nauk\u0119 Ko\u015bcio\u0142a.<\/p>\r\n<p><strong>Zareaguj i sprzeciw si\u0119 diabolicznej polityce prowadzonej przez biskup\u00f3w &#8211; powiedz NIE imigrantom nap\u0142ywaj\u0105cym z innych cywilizacji!<BR \/>Powiedz NIE wszystkim nielegalnym imigrantom! <\/strong><\/p>\r\n<p>&nbsp; <\/p>\r\n<p><IMG SRC=\"http:\/\/www.bibula.com\/new\/images\/church-allah-1.jpg\" \/><BR \/>\r\n  Flagi muzu\u0142ma\u0144skie rozwieszane w belgijskich ko\u015bcio\u0142ach<\/p>\r\n<p>&nbsp;<\/p>\r\n<p><IMG SRC=\"http:\/\/www.bibula.com\/new\/images\/church-allah-4.jpg\" \/><BR \/>\r\n  Namioty, w kt\u00f3rych mieszkaj\u0105 imigranci muzu\u0142ma\u0144scy, ustawione w belgijskich ko\u015bcio\u0142ach. W namioty wyposa\u017cy\u0142y ich organizacje katolickie, przekazuj\u0105c im r\u00f3wnie\u017c odbiorniki radiowe i telewizyjne.<\/p>\r\n<p class=\"content_sz\">Photo Source: http:\/\/www.brusselsjournal.com\/node\/1053<\/p>\r\n<p class=\"content_sz\">&nbsp;<\/p>\r\n<table width=\"400\" border=\"1\" align=\"center\" bordercolor=\"#999999\"><tr><td bordercolor=\"#999999\">\r\n<p class=\"content_sz\">&nbsp;<\/p>\r\n\r\n  <p class=\"content\">Libijski przyw\u00f3dca Muammar al-Kadafi, w wywiadzie udzielonym 10 kwietnia br. dla telewizji <em>Al-Jazeera<\/em>:<\/p>\r\n  <p class=\"content\">&#8222;Mamy 50 milion\u00f3w Muzu\u0142man\u00f3w w Europie. To s\u0105 znaki, kt\u00f3re za\u015bwiadczaj\u0105, \u017ce Allah przyznaje zwyci\u0119stwo Islamowi w Europie &#8211; zwyciestwo bez mieczy, bez karabin\u00f3w, bez konwisty. <strong>Pi\u0119\u0107dziesi\u0105t milion\u00f3w Muzu\u0142man\u00f3w w Europie przmieni j\u0105 w Muzu\u0142ma\u0144ski kontynet w przeci\u0105gu kilku dekad.<\/strong>[&#8230;]<\/p>\r\n  <p class=\"content\">Allah mobilizuje Muzu\u0142ma\u0144ski nar\u00f3d turecki, by Turcja zosta\u0142a przyj\u0119ta do Unii Europejskiej. To jest dodatkowe 50 milion\u00f3w Muzu\u0142man\u00f3w, co da nam razem 100 milion\u00f3w Muzu\u0142man\u00f3w w Europie. Albania, kt\u00f3ra jest muzu\u0142ma\u0144skim krajem, ju\u017c nale\u017cy do Unii Europejskiej, Bo\u015bnia, kt\u00f3ra jest kolejnym krajem muzu\u0142ma\u0144skim, r\u00f3wnie\u017c jest ju\u017c w Unii Europejskiej. Po\u0142owa obywateli tych kraj\u00f3w to Muzu\u0142manie&#8221;.<\/p>\r\n  <p class=\"content_sz\">&#377;rod\u0142o: http:\/\/www.memritv.org\/Transcript.asp?P1=1121<\/p>\r\n<p class=\"content_sz\">&nbsp;<\/p>\r\n<\/td><\/tr><\/table>\r\n<p class=\"content_sz\">&nbsp;<\/p>\r\n<p>Zob. r\u00f3wnie\u017c: <a class=\"content_sz\" href=\"http:\/\/www.bibula.com\/?p=00030\" target=\"_blank\">Kardyna\u0142 McCarrick modli si\u0119 do Allaha!<\/a><\/p>\r\n<p>&nbsp;<\/p>\r\n\r\n","protected":false},"excerpt":{"rendered":"Belgijscy biskupi, za zgod\u0105 kardyna\u0142a Godfrieda Danneelsa, udost\u0119pnili ko\u015bcio\u0142y katolickie muzu\u0142ma\u0144skim imigrantom. W ob\u0142\u0119dnej (i politycznie wysoce b\u0142\u0119dnej!) walce biskup\u00f3w z w\u0142adzami chc\u0105cymi zaostrzy\u0107 polityk\u0119 imigracyjn\u0105, biskupi otworzyli ko\u015bcio\u0142y, dok\u0105d udaj\u0105 si\u0119 muzu\u0142manie, gdzie mieszkaj\u0105 i odprawiaj\u0105 w nich swe mod\u0142y. Na oczach wszystkich nast\u0119puje profanacja miejsc \u015bwi\u0119tych, profanacja \u015bwi\u0105ty\u0144! W ko\u015bcio\u0142ach belgijskich rozwieszone zosta\u0142y [&hellip;]","protected":false},"author":1,"featured_media":0,"comment_status":"closed","ping_status":"open","sticky":false,"template":"","format":"standard","meta":{"_acf_changed":false,"_monsterinsights_skip_tracking":false,"_monsterinsights_sitenote_active":false,"_monsterinsights_sitenote_note":"","_monsterinsights_sitenote_category":0,"ngg_post_thumbnail":0,"footnotes":"","_wp_rev_ctl_limit":""},"categories":[3],"tags":[],"acf":[],"_links":{"self":[{"href":"https:\/\/www.bibula.com\/index.php?rest_route=\/wp\/v2\/posts\/338"}],"collection":[{"href":"https:\/\/www.bibula.com\/index.php?rest_route=\/wp\/v2\/posts"}],"about":[{"href":"https:\/\/www.bibula.com\/index.php?rest_route=\/wp\/v2\/types\/post"}],"author":[{"embeddable":true,"href":"https:\/\/www.bibula.com\/index.php?rest_route=\/wp\/v2\/users\/1"}],"replies":[{"embeddable":true,"href":"https:\/\/www.bibula.com\/index.php?rest_route=%2Fwp%2Fv2%2Fcomments&post=338"}],"version-history":[{"count":0,"href":"https:\/\/www.bibula.com\/index.php?rest_route=\/wp\/v2\/posts\/338\/revisions"}],"wp:attachment":[{"href":"https:\/\/www.bibula.com\/index.php?rest_route=%2Fwp%2Fv2%2Fmedia&parent=338"}],"wp:term":[{"taxonomy":"category","embeddable":true,"href":"https:\/\/www.bibula.com\/index.php?rest_route=%2Fwp%2Fv2%2Fcategories&post=338"},{"taxonomy":"post_tag","embeddable":true,"href":"https:\/\/www.bibula.com\/index.php?rest_route=%2Fwp%2Fv2%2Ftags&post=338"}],"curies":[{"name":"wp","href":"https:\/\/api.w.org\/{rel}","templated":true}]}}