{"id":33797,"date":"2011-03-03T16:59:32","date_gmt":"2011-03-03T21:59:32","guid":{"rendered":"http:\/\/www.bibula.com\/?p=33797"},"modified":"2011-03-03T17:12:02","modified_gmt":"2011-03-03T22:12:02","slug":"zydzi-tez-nie-swieci-who-is-bartoszewski","status":"publish","type":"post","link":"https:\/\/www.bibula.com\/?p=33797","title":{"rendered":"W\u0105tpliwo\u015bci wok\u00f3\u0142 wojennej dzia\u0142alno\u015bci Bartoszewskiego"},"content":{"rendered":"<p><strong>Gdy wybuch\u0142a wojna W\u0142adys\u0142aw Bartoszewski mia\u0142 17 lat. 19 wrze\u015bnia 1940 zosta\u0142 zatrzymany na \u0179oliborzu w masowej ob\u0142awie zorganizowanej przez hitlerowc\u00f3w. Przypadkowo dosta\u0142 si\u0119 do O\u015bwi\u0119cimia, by\u0142 w tym samym transporcie co Witold Pilecki. Od 22 wrze\u015bnia 1940 zosta\u0142 wi\u0119\u017aniem niemieckiego obozu koncentracyjnego Auschwitz-Birkenau (Auschwitz I, numer obozowy 4427).<\/strong><\/p>\r\n<p><strong>Zwolniony z O\u015bwi\u0119cimia po kilku miesi\u0105cach &#8211; 8 kwietnia 1941, co by\u0142o wydarzeniem niespotykanym. <\/strong>Wed\u0142ug Bartoszewskiego zwolnienie zawdzi\u0119cza przyjacio\u0142om z Polskiego Czerwonego Krzy\u017ca, oficjalnym powodem by\u0142 z\u0142y stan zdrowia. Nieoficjalnie zwolnienie przypisywano stawiennictwu siostry Bartoszewskiego, kt\u00f3ra kolaborowa\u0142a z Niemcami, nawet wysz\u0142a za m\u0105\u017c za SS-mana. Jednak wed\u0142ug relacji prof. Miry Modelskiej-Creech z <em>Georgetown University<\/em> w Waszyngtonie, pracownika administracji Bia\u0142ego Domu, istnieje \u015bwiadek, kt\u00f3ry prze\u017cy\u0142 O\u015bwi\u0119cim i twierdzi, \u017ce Bartoszewski by\u0142 kolaborantem. \u015awiadek opowiada\u0142, \u017ce spotka\u0142 si\u0119 z Bartoszewskim w O\u015bwi\u0119cimu, zna\u0142 m.in. szczeg\u00f3\u0142y na temat wykszta\u0142cenia Bartoszewskiego. Twierdzi\u0142, \u017ce za spraw\u0105 Bartoszewskiego i 14 innych donosicieli, kt\u00f3rzy opu\u015bcili O\u015bwi\u0119cim (notabene poci\u0105giem pierwszej klasy) zlikwidowano 21 wysokich rang\u0105 AK-owc\u00f3w. \u00d3w \u015bwiadek jest przekonany, \u017ce Bartoszewski by\u0142 konfidentem. [<a href=\" http:\/\/www.youtube.com\/watch?v=w91VGIYqmbI\">link &#8211; YouTube<\/a>]<\/p>\r\n<p><strong>Nikogo nie zwalniano z Auschwitz, przynajmniej nie uczciwych ludzi, co innego kolaboranci&#8230; <\/strong>T\u0142umaczenie, \u017ce go zwolnili ze wzgl\u0119d\u00f3w zdrowotnych wydaje si\u0119 co najmniej podejrzane.<br \/>Bartoszewski niemal natychmiastowo po wyj\u015bciu z O\u015bwi\u0119cimia zosta\u0142 wzi\u0119ty do struktur konspiracyjnych. Jest to sytuacja nie do pomy\u015blenia, taki cz\u0142owiek by\u0142 zbyt podejrzany, tacy ludzi mogli by\u0107 pod obserwacja, dla konspiracji to zbyt du\u017ce ryzyko&#8230; Bartoszewski prawdopodobnie albo zatai\u0142 ten niewygodny fakt, albo zosta\u0142 wci\u0105gni\u0119ty do konspiracji z pomoc\u0105 niemieckiej agentury.<\/p>\r\n<p><strong>W tym czasie niemiecka agentura by\u0142a niezwykle rozwini\u0119t\u0105.<\/strong> Dzisiaj milczy si\u0119 o tej niechlubnej przesz\u0142o\u015bci has\u0142o Grupa 13 nikomu nic nie m\u00f3wi podobnie jak \u0179GW! dla kt\u00f3rej pracowa\u0142y tysi\u0105ce \u017cydowskich agent\u00f3w. \u0179agiew czyli \u017bydowska Gwardia Wolno\u015bci dzia\u0142a\u0142a nie tylko w getcie warszawskim, a w ca\u0142ej Warszawie. S\u0142u\u017cy\u0142a do infiltrowania \u017cydowskich i polskich organizacji podziemnych, w tym nios\u0105cych pomoc \u017bydom. Niemcy wyposa\u017cali swoich \u017cydowskich agent\u00f3w tak\u017ce w bro\u0144! Agenci mieli za zadanie udawa\u0107, \u017ce szukaj\u0105<br \/>pomocy, a gdy znale\u017ali Polak\u00f3w, kt\u00f3rzy im j\u0105 zaoferowali,\u00a0 po prostu donosili na nich skazuj\u0105c ich i tym samym cz\u0119sto ich rodziny na \u015bmier\u0107.<\/p>\r\n<p><strong>\u0179GW zajmowa\u0142a si\u0119 tak\u017ce szmalcownictwem tropi\u0105c i wydaj\u0105c Niemcom \u017byd\u00f3w ukrywaj\u0105cych si\u0119 w tzw. aryjskiej cz\u0119\u015bci Warszawy. <\/strong>Podobnych organizacji by\u0142o wiele, w r\u00f3\u017cnych miastach, jednak najwi\u0119ksze znaczenie mia\u0142y Judenraty, bez nich holocaust nie uda\u0142by si\u0119, Judenraty wyj\u0105tkowo gorliwie pomaga\u0142y Niemcom mordowa\u0107 w\u0142asny nar\u00f3d.<\/p>\r\n<p><strong><em>Internaut<\/em><\/strong><\/p>\r\n<p>&nbsp;<\/p>\r\n<blockquote>\r\n<h2>Pytania do Bartoszewskiego<\/h2>\r\n<p>&#8211; Dlaczego zgodzi\u0142 si\u0119 Pan na uroczyste  wr\u0119czenie Panu  medalu ku czci najwi\u0119kszego niemieckiego polako\u017cercy lat  dwudziestych  Gustawa Stresemanna?<\/p>\r\n<p>&#8211; Dlaczego w 2006 r. jako sekretarz  kapitu\u0142y Orderu Or\u0142a Bia\u0142ego  sprzeciwi\u0142 si\u0119 Pan przyznaniu Orderu Or\u0142a  Bia\u0142ego (po\u015bmiertnie)  genera\u0142owi Augustowi E. Fieldorfowi i rotmistrzowi  Witoldowi  Pileckiemu? Czy mo\u017cna w og\u00f3le por\u00f3wna\u0107 Pana zas\u0142ugi jako  kawalera Or\u0142a  Bia\u0142ego z zas\u0142ugami dw\u00f3ch wspomnianych bohater\u00f3w?<\/p>\r\n<p>&#8211; Dlaczego, b\u0119d\u0105c oficjalnym go\u015bciem  Izraela jako polski minister  spraw zagranicznych, milcza\u0142 Pan jak gr\u00f3b w  parlamencie izraelskim w  czasie, gdy obra\u017cano Pana kraj, gdy Polak\u00f3w  publicznie nazywano  wsp\u00f3\u0142winnymi wraz z Niemcami zag\u0142ady \u017byd\u00f3w (robi\u0142 to  m.in.  wiceprzewodnicz\u0105cy parlamentu R. Rivlin)?<\/p>\r\n<p>&#8211; Je\u015bli nie mia\u0142 Pan odwagi na publiczn\u0105  polemik\u0119 z antypolskimi  oszczerstwami, dlaczego nie wyszed\u0142 Pan z sali,  jak doradza\u0142a Panu  wi\u0119kszo\u015b\u0107 polskiej delegacji?<\/p>\r\n<p>&#8211; Dlaczego k\u0142ama\u0142 Pan (w 2000 r.), \u017ce Polak\u00f3w zaatakowa\u0142 w Knesecie tylko &#8222;g\u0142upi ekstremista&#8221;?<\/p>\r\n<p>&#8211; Dlaczego u\u017cywa Pan bezprawnie tytu\u0142u  profesora w sytuacji, gdy  jest Pan tylko maturzyst\u0105, absolwentem  gimnazjum? Jak wiadomo,  obowi\u0105zuj\u0105 twarde regu\u0142y: aby zosta\u0107 profesorem,  trzeba mie\u0107  magisterium, doktorat i habilitacj\u0119, a \u017cadnej z tego typu  prac Pan nie  obroni\u0142, nie m\u00f3wi\u0105c o sko\u0144czeniu studi\u00f3w.<\/p>\r\n<p>&#8211; Dlaczego nie zdoby\u0142 si\u0119 Pan na  publiczne wyst\u0105pienie w obronie  pami\u0119ci s\u0142ynnej pisarki Zofii Kossak,  kt\u00f3rej Pan tyle zawdzi\u0119cza, jak  Pan sam wielokrotnie przyznawa\u0142?<\/p>\r\n<p>&#8211; Dlaczego zgodzi\u0142 si\u0119 Pan na  zamieszczenie w ksi\u0105\u017cce &#8211; wywiadzie z  Panem &#8211; cytatu z k\u0142amliwym  twierdzeniem Stefana Niesio\u0142owskiego, \u017ce  jakoby: &#8222;Zapisa\u0142 (Pan) pi\u0119kn\u0105  kart\u0119 walki o Polsk\u0119 z broni\u0105 w r\u0119ku&#8221;. W  jakim to by\u0142o oddziale? Przy  jakiej ulicy? Jakich ma Pan \u015bwiadk\u00f3w tej  rzekomej walki?<\/p>\r\n<p>&#8211; Dlaczego tak mocno, a k\u0142amliwie,  przesadza Pan z eksponowaniem  swej roli jako rzekomo jednej z g\u0142\u00f3wnych  postaci organizuj\u0105cych pomoc  dla \u017byd\u00f3w w ramach \u0179egoty w 1942 roku? Mia\u0142  Pan wtedy tylko 20 lat i  by\u0142 podw\u0142adnym faktycznej wielkiej  organizatorki pomocy \u017bydom Zofii  Kossak.<\/p>\r\n<p>&#8211; Dlaczego nie zareagowa\u0142 Pan na poturbowanie polskich, katolickich wiernych przez moskiewsk\u0105 milicj\u0119?<\/p>\r\n<p>&#8211; Dlaczego nie zrobi\u0142 Pan nic, aby  zaprotestowa\u0107 przeciwko brutalnej  ob\u0142awie policyjnej na 300 Polak\u00f3w we  Frankfurcie nad Odr\u0105, pot\u0119pionej  nawet przez 7 niemieckich pos\u0142\u00f3w?<\/p>\r\n<p>&#8211; Kto upowa\u017cni\u0142 Pana jako ministra do przepraszania Niemc\u00f3w cytatem z Jana J\u00f3zefa Lipskiego za przesiedlenie?<\/p>\r\n<p>&#8211; Na jakiej podstawie zani\u017cy\u0142 Pan o  milion os\u00f3b &#8211; wbrew sprawdzonym  naukowo statystykom &#8211; liczb\u0119 Polak\u00f3w,  ofiar wojny, w swym wyst\u0105pieniu w  Bundestagu?<\/p>\r\n<p>&#8211; Dlaczego Pan, w latach 60. tak  zdecydowanie reaguj\u0105cy na pocz\u0105tki  fali antypolonizmu, milczy w tej  sprawie, gdy fala antypolonizmu jest  wielokrotnie wi\u0119ksza?<\/p>\r\n<p>&#8211; Dlaczego pi\u0119tnowa\u0142 Pan w Izraelu  anty\u017cydowskich &#8222;polskich  ciemniak\u00f3w&#8221;, a nie wypowiada si\u0119 Pan na temat  skrajnych przejaw\u00f3w  \u017cydowskiego antypolonizmu? Dlaczego nie reaguje Pan  na coraz silniejsz\u0105  fal\u0119 antypolonizmu w niemieckich mediach?<\/p>\r\n<p>&#8211; Dlaczego Pan, by\u0142y \u017co\u0142nierz AK i  Powstania Warszawskiego, nie  zareagowa\u0142 na potworne oszczerstwa rzucane  na powstanie w artykule  Cichego i na AK w tek\u015bcie Yaffy Eliach?<\/p>\r\n<p>&#8211; Dlaczego nic Pan nie zrobi\u0142 w celu  wyst\u0105pienia na arenie  mi\u0119dzynarodowej przeciw u\u017cywaniu oszczerczego  nazewnictwa: &#8222;polskie  obozy zag\u0142ady&#8221; i &#8222;polskie obozy koncentracyjne&#8221;?  (Zrobi\u0142 to dopiero  kilka lat po Panu minister Adam Daniel Rotfeld).<\/p>\r\n<p>&#8211; Co skusi\u0142o Pana, jako 83-letniego  staruszka niemaj\u0105cego zielonego  poj\u0119cia o lotnictwie, do przyj\u0119cia  swoistej synekury, posady prezesa  Rady Nadzorczej LOT, znajduj\u0105cego si\u0119  sk\u0105din\u0105d w bardzo trudnej  sytuacji finansowej? Czy w czasie Pana zarz\u0105du  LOT-em mo\u017ce si\u0119 Pan  pochwali\u0107 cho\u0107 jednym, jedynym posuni\u0119ciem, kt\u00f3re  przyczyni\u0142o si\u0119 do  poprawy sytuacji finansowej firmy?<\/p>\r\n<p>&#8211; Czy w czasie Pana pierwszego  szefowania resortem spraw  zagranicznych zrobi\u0142 Pan w og\u00f3le cho\u0107 jedn\u0105  konkretn\u0105 rzecz dla obrony  polskich interes\u00f3w narodowych w polityce  zagranicznej, czy wystarczy\u0142o  Panu bierne reagowanie na wszelkie  przypadki brutalnego dyskryminowania  Polak\u00f3w?<\/p>\r\n<p>&#8211; Dlaczego Pan po tylekro\u0107 k\u0142amliwie  wychwala\u0142 kanclerza Helmuda  Kohla znanego z niech\u0119ci do Polak\u00f3w i do  uznania granicy na Odrze i  Nysie?<\/p>\r\n<p>&#8211; Dlaczego Pan &#8211; antykomunista &#8211; zgodzi\u0142 si\u0119 by\u0107 ministrem w postkomunistycznym rz\u0105dzie J\u00f3zefa Oleksego?<\/p>\r\n<p>&#8211; Dlaczego nie zdoby\u0142 si\u0119 Pan na publiczne wyst\u0105pienie w obronie pami\u0119ci s\u0142ynnej pisarki Zofii Kossak, swojej by\u0142ej prze\u0142o\u017conej?<\/p>\r\n<p>&#8211; Dlaczego nie zdoby\u0142 si\u0119 Pan &#8211;  &#8222;autorytet&#8221; w Niemczech i Izraelu &#8211;  na publiczne pot\u0119pienie antypolskich  oszczerstw najgorszego polako\u017cercy  i katoliko\u017cercy Jana Tomasza Grossa?<\/p>\r\n<p>&#8211; Czy nie wstydzi si\u0119 Pan swej decyzji  odwo\u0142ania z funkcji polskiego  konsula honorowego wielkiego Polaka Jana  Kobyla\u0144skiego, tylko dlatego  \u017ce zaanga\u017cowa\u0142 si\u0119 on w obron\u0119 prezesa  Kongresu Polonii Ameryka\u0144skiej  Edwarda Moskala?<\/p>\r\n<p>&#8211; Czy nie wstydzi si\u0119 Pan, \u017ce na stare  lata da\u0142 si\u0119 Pan wci\u0105gn\u0105\u0107 w  niegodn\u0105 Pana siwych w\u0142os\u00f3w kampani\u0119 obelg w  stylu &#8222;dewianci&#8221; i  &#8222;byd\u0142o&#8221;?<\/p>\r\n<p>&#8211; Czy popiera\u0142 Pan awansowanie swego  syna na pe\u0142nomocnika rz\u0105du ds.  bezpiecze\u0144stwa energetycznego w randze  ministra w rz\u0105dzie  Marcinkiewicza? Kto pierwszy zach\u0119ci\u0142 premiera  Marcinkiewicza do  rozwa\u017cenia kandydatury Pana syna &#8211; pracuj\u0105cego przez  wiele lat jako  historyk w \u017cydowskim instytucie w Oxfordzie &#8211; na to  stanowisko,  twierdz\u0105c, \u017ce Pana syn jakoby &#8222;od wielu, wielu lat zajmuje  si\u0119  energetyk\u0105&#8221;?<\/p>\r\n<p>&#8211; Dlaczego dziwnie nie m\u00f3wi Pan w swoich  wywiadach o tym, \u017ce Pana  syn pracowa\u0142 przez wiele lat w \u017cydowskim  instytucie w Oxfordzie i w  polsko-\u017cydowskim roczniku &#8222;Polin&#8221;? Przecie\u017c  chyba nie by\u0142o nic  wstydliwego w jego pracy?<\/p>\r\n<p>&#8211; Dlaczego Pan nie wp\u0142yn\u0105\u0142 na swego  syna, by w 1989 r. nie wydawa\u0142  jako &#8222;Editor&#8221; polako\u017cerczej ksi\u0105\u017cki  Samuela Willenberga &#8222;Surviving  Treblinka&#8221;, w kt\u00f3rej znalaz\u0142y si\u0119 m.in.  oszczercze twierdzenia, \u017ce  AK-owcy, uczestnicy Powstania Warszawskiego,  mordowali \u017byd\u00f3w i gwa\u0142cili  \u017byd\u00f3wki?<\/p>\r\n<p>&#8211; Dlaczego w ostatnich kilkunastu latach  milcza\u0142 Pan, nie  protestuj\u0105c publicznie w sprawie oskar\u017ce\u0144 przeciw  Polakom (m.in. w tak  bliskim Panu &#8222;Tygodniku Powszechnym&#8221;), \u017ce rado\u015bnie  bawili si\u0119 na  karuzeli w pobli\u017cu ruin p\u0142on\u0105cego warszawskiego getta?  Przecie\u017c jeszcze  w 1985 r. prostowa\u0142 Pan to k\u0142amstwo na \u0142amach paryskich  &#8222;Zeszyt\u00f3w  Historycznych&#8221;?<\/p>\r\n<p>&#8211; Dlaczego k\u0142amie Pan w wywiadzie-rzece udzielonym Micha\u0142owi   Komarowi, jakoby z\u0142o\u017cy\u0142 Pan rezygnacj\u0119 po obj\u0119ciu na KUL funkcji   dziekana przez prof. Ryszarda Bendera? W rzeczywisto\u015bci by\u0142 Pan   podw\u0142adnym w jego katedrze a\u017c 11 lat, w tym kilka lat w czasie, gdy by\u0142   on dziekanem.<\/p>\r\n<div id=\"blog-title\"><strong><em>Wolna Mowania<\/em><\/strong><\/div>\r\n<p class=\"zrodlo\">Za: <a href=\"http:\/\/mowania.salon24.pl\/283874,wszystkie-pytania-do-bartoszewskiego\">Wolna Mowania (03.03.2011) | Wszystkie pytania do Bartoszewskiego<\/a><\/p>\r\n<p>&nbsp;<\/p>\r\n<p><strong>KOMENTARZ <em>BIBU\u0141Y<\/em><\/strong>: Przytaczamy powy\u017cej tekst 'W\u0105tpliwo\u015bci wok\u00f3\u0142 wojennej dzia\u0142alno\u015bci Bartoszewskiego&#8217; (org. &#8222;\u017bydzi te\u017c nie \u015bwi\u0119ci, who is Bartoszewski?&#8221;) troch\u0119 z rezerw\u0105, bowiem historia pokazuje, \u017ce Niemcy prowadzili bardzo r\u00f3\u017cn\u0105 polityk\u0119 dotycz\u0105c\u0105 zwolnie\u0144 wi\u0119\u017ani\u00f3w z oboz\u00f3w koncentracyjnych, i zdarza\u0142y si\u0119 zwolnienia nie tylko ludzi mog\u0105cych pos\u0142u\u017cy\u0107 do cel\u00f3w wywiadowczo-kolaboracyjnych, lecz tak\u017ce dokonywano tego pod wp\u0142ywem r\u00f3\u017cnych nacisk\u00f3w w\u0142adz administracyjnych, wstawiennictwa wp\u0142ywowych ludzi, legalnie dzia\u0142aj\u0105cych organizacji, a nawet, co cz\u0119sto ulega przeoczeniu, w wyniku zwyk\u0142ych decyzji humanitarnych, na przyk\u0142ad ze wzgl\u0119d\u00f3w zdrowotnych. Obraz niemieckich oboz\u00f3w koncentracyjnych zosta\u0142 w latach powojennych pomalowany zbyt jednostronnie, i brakuje w powszechnym odbiorze wielu zr\u00f3\u017cnicowa\u0144 wynikaj\u0105cych z r\u00f3\u017cnych etap\u00f3w wojny i polityki III Rzeszy, np. gdy w pewnych okresach zwolnienia nie by\u0142y ca\u0142kiem odosobnionymi przypadkami, to w innych by\u0142y nie do pomy\u015blenia.<br \/> Przypadek W. Bartoszewskiego nale\u017cy rozpatrywa\u0107 do\u015b\u0107 ostro\u017cnie, aby nie ponie\u015b\u0107 si\u0119 emocjom zwi\u0105zanym z jego nie do zaakceptowania postaw\u0105 w ostatnich latach. W ka\u017cdym razie publikuj\u0105c powy\u017csze nie pomijamy milczeniem licznych pyta\u0144 do tego pana, a historia poka\u017ce czy uzyskamy na nie odpowiedzi, czy te\u017c spotkaj\u0105 si\u0119 one z milczeniem albo znajom\u0105 nam agresj\u0105. W tym drugim przypadku b\u0119dzie to asumptem do wzmocnienia wysuni\u0119tych podejrze\u0144.<\/p>\r\n<\/blockquote>","protected":false},"excerpt":{"rendered":"Gdy wybuch\u0142a wojna W\u0142adys\u0142aw Bartoszewski mia\u0142 17 lat. 19 wrze\u015bnia 1940 zosta\u0142 zatrzymany na \u0179oliborzu w masowej ob\u0142awie zorganizowanej przez hitlerowc\u00f3w. Przypadkowo dosta\u0142 si\u0119 do O\u015bwi\u0119cimia, by\u0142 w tym samym transporcie co Witold Pilecki. Od 22 wrze\u015bnia 1940 zosta\u0142 wi\u0119\u017aniem niemieckiego obozu koncentracyjnego Auschwitz-Birkenau (Auschwitz I, numer obozowy 4427). Zwolniony z O\u015bwi\u0119cimia po kilku miesi\u0105cach [&hellip;]","protected":false},"author":3,"featured_media":0,"comment_status":"closed","ping_status":"closed","sticky":false,"template":"","format":"standard","meta":{"_acf_changed":false,"_monsterinsights_skip_tracking":false,"_monsterinsights_sitenote_active":false,"_monsterinsights_sitenote_note":"","_monsterinsights_sitenote_category":0,"ngg_post_thumbnail":0,"footnotes":"","_wp_rev_ctl_limit":""},"categories":[8],"tags":[59],"acf":[],"_links":{"self":[{"href":"https:\/\/www.bibula.com\/index.php?rest_route=\/wp\/v2\/posts\/33797"}],"collection":[{"href":"https:\/\/www.bibula.com\/index.php?rest_route=\/wp\/v2\/posts"}],"about":[{"href":"https:\/\/www.bibula.com\/index.php?rest_route=\/wp\/v2\/types\/post"}],"author":[{"embeddable":true,"href":"https:\/\/www.bibula.com\/index.php?rest_route=\/wp\/v2\/users\/3"}],"replies":[{"embeddable":true,"href":"https:\/\/www.bibula.com\/index.php?rest_route=%2Fwp%2Fv2%2Fcomments&post=33797"}],"version-history":[{"count":0,"href":"https:\/\/www.bibula.com\/index.php?rest_route=\/wp\/v2\/posts\/33797\/revisions"}],"wp:attachment":[{"href":"https:\/\/www.bibula.com\/index.php?rest_route=%2Fwp%2Fv2%2Fmedia&parent=33797"}],"wp:term":[{"taxonomy":"category","embeddable":true,"href":"https:\/\/www.bibula.com\/index.php?rest_route=%2Fwp%2Fv2%2Fcategories&post=33797"},{"taxonomy":"post_tag","embeddable":true,"href":"https:\/\/www.bibula.com\/index.php?rest_route=%2Fwp%2Fv2%2Ftags&post=33797"}],"curies":[{"name":"wp","href":"https:\/\/api.w.org\/{rel}","templated":true}]}}