{"id":33746,"date":"2011-03-03T12:07:32","date_gmt":"2011-03-03T17:07:32","guid":{"rendered":"http:\/\/www.bibula.com\/?p=33746"},"modified":"2011-03-03T12:09:28","modified_gmt":"2011-03-03T17:09:28","slug":"masowa-likwidacja-szkol-w-polsce","status":"publish","type":"post","link":"https:\/\/www.bibula.com\/?p=33746","title":{"rendered":"Masowa likwidacja szk\u00f3\u0142 w Polsce"},"content":{"rendered":"<p><strong>Jak podaje dziennik &#8222;Rzeczpospolita\u201d, w  perspektywie pi\u0119ciu ostatnich lat likwidacji uleg\u0142o 3 tysi\u0105ce szk\u00f3\u0142 w  Polsce. Prognozy zapowiadaj\u0105 jeszcze zamkni\u0119cie 300 plac\u00f3wek tego typu.  Samorz\u0105dy, kt\u00f3re s\u0105 odpowiedzialne za finansowanie plac\u00f3wek, t\u0142umacz\u0105  si\u0119 rosn\u0105cymi kosztami utrzymania oraz ni\u017cem demograficznym.<\/strong><\/p>\r\n<p>Likwidowanie szk\u00f3\u0142 jest podobnym zjawiskiem jakie mia\u0142o miejsce w latach  90 XX wieku w przypadku przedszkoli. Wtedy to MEN i samorz\u0105dy b\u0119d\u0105ce  odpowiedzialne za redukcj\u0119 argumentowa\u0142y niskim zainteresowaniem i  rosn\u0105cymi kosztami utrzymania. Obecnie brakuje miejsc w przedszkolach, a  w mniejszych miastach i miejscowo\u015bciach czasami w og\u00f3le nie ma takich  plac\u00f3wek.<\/p>\r\n<p>Zdaniem Zwi\u0105zku Nauczycielstwa Polskiego zamykanie poszczeg\u00f3lnych szk\u00f3\u0142  ze wzgl\u0119du na niskie ob\u0142o\u017cenie jest nieprawd\u0105. Samorz\u0105dy w poszukiwaniu  oszcz\u0119dno\u015bci nie kieruj\u0105 si\u0119 dobrem dzieci, a jedynie zmniejszeniem  generowania koszt\u00f3w. Nie uwzgl\u0119dnia si\u0119 przy tym wychowawczej roli  szko\u0142y w kszta\u0142towaniu przysz\u0142ego pokolenia.<\/p>\r\n<p>Reasumuj\u0105c &#8211; po co nam szko\u0142y, skoro mamy Biedronki\u2026<\/p>\r\n<p>\/JS\/<\/p>\r\n<blockquote>\r\n<h2>PiS: wi\u0119cej pieni\u0119dzy na zawod\u00f3wki<\/h2>\r\n<p><strong>Wed\u0142ug pos\u0142\u00f3w PiS rz\u0105d przeznacza niewystarczaj\u0105ce \u015brodki na  szkolnictwo zawodowe. Ich zdaniem, je\u015bli na ten cel nie trafi wi\u0119cej  pieni\u0119dzy, kszta\u0142cenie zawodowe czeka zapa\u015b\u0107. <\/strong><br \/> <br \/> Pos\u0142owie PiS, m.in. Jaros\u0142aw Zieli\u0144ski, w czwartek podczas posiedzenia  Sejmu pytali przedstawicieli rz\u0105du, czy istnieje zagro\u017cenie  funkcjonowania szkolnictwa zawodowego w Polsce oraz w sprawie podj\u0119tych  dzia\u0142a\u0144 zwi\u0105zanych z odp\u0142ywem m\u0142odzie\u017cy kszta\u0142c\u0105cej si\u0119 zawodowo do  szk\u00f3\u0142 na terenie innych kraj\u00f3w.<br \/> <br \/> <em>&#8222;Za\u017c\u0105dali\u015bmy od ministerstwa pracy i ministerstwa edukacji narodowej  jednoznacznych odpowiedzi w sprawie, kt\u00f3ra dotyczy uczni\u00f3w szk\u00f3\u0142  zawodowych. Na skutek zmniejszenia \u015brodk\u00f3w <a id=\"anchorbbtBubble124\">Funduszu<\/a> Pracy szko\u0142y zawodowe nie mog\u0105 kszta\u0142ci\u0107 m\u0142odych ludzi, nie ma \u015brodk\u00f3w na refundacj\u0119 pracodawcom, kt\u00f3rzy przyjmuj\u0105 na <a id=\"anchorbbtBubble142\">nauk\u0119<\/a> zawodu&#8221; &#8211;<\/em> powiedzia\u0142 Zieli\u0144ski podczas <a id=\"anchorbbtBubble147\">konferencji<\/a> prasowej w Sejmie.<br \/> <br \/> <em>&#8222;Pad\u0142a deklaracja, \u017ce <a id=\"anchorbbtBubble154\">pieni\u0105dze<\/a>,  80 mln z\u0142, maj\u0105 si\u0119 znale\u017a\u0107. Trzymamy za s\u0142owo. B\u0119dziemy to monitorowa\u0107  (&#8230;) Je\u017celi to by nie zosta\u0142o zrealizowane, szkolnictwo zawodowe w  Polsce upadnie&#8221; &#8211;<\/em> doda\u0142 Zieli\u0144ski.<br \/> <br \/> Pos\u0142owie PiS skrytykowali po raz kolejny rz\u0105dowy projekt ustawy o systemie <a id=\"anchorbbtBubble192\">informacji<\/a> o\u015bwiatowej. Mia\u0142y si\u0119 nim dzi\u015b zaj\u0105\u0107 sejmowe komisje edukacji oraz  samorz\u0105du terytorialnego i polityki regionalnej. Posiedzenie zosta\u0142o  prze\u0142o\u017cone. PiS apeluje do rz\u0105du o wycofanie si\u0119 z projektu. Wed\u0142ug  ugrupowania, wej\u015bcie w \u017cycie przepis\u00f3w umo\u017cliwiaj\u0105cych gromadzenie <a id=\"anchorbbtBubble228\">danych<\/a> wra\u017cliwych o uczniach i przedszkolakach, by\u0142oby &#8222;now\u0105 postaci\u0105 pa\u0144stwa  policyjnego&#8221;. System Informacji O\u015bwiatowej funkcjonuje od 2005 r. Jego  zadaniem jest gromadzenie i przetwarzanie danych statystycznych o  szko\u0142ach i plac\u00f3wkach o\u015bwiatowych, uczniach, s\u0142uchaczach, wychowankach i  absolwentach.<\/p>\r\n<p class=\"zrodlo\">Za: <a href=\"http:\/\/niezalezna.pl\/6977-pis-wiecej-pieniedzy-na-zawodowki\">niezalezna.pl<\/a><\/p>\r\n<\/blockquote>","protected":false},"excerpt":{"rendered":"Jak podaje dziennik &#8222;Rzeczpospolita\u201d, w perspektywie pi\u0119ciu ostatnich lat likwidacji uleg\u0142o 3 tysi\u0105ce szk\u00f3\u0142 w Polsce. Prognozy zapowiadaj\u0105 jeszcze zamkni\u0119cie 300 plac\u00f3wek tego typu. Samorz\u0105dy, kt\u00f3re s\u0105 odpowiedzialne za finansowanie plac\u00f3wek, t\u0142umacz\u0105 si\u0119 rosn\u0105cymi kosztami utrzymania oraz ni\u017cem demograficznym. Likwidowanie szk\u00f3\u0142 jest podobnym zjawiskiem jakie mia\u0142o miejsce w latach 90 XX wieku w przypadku przedszkoli. [&hellip;]","protected":false},"author":1,"featured_media":0,"comment_status":"closed","ping_status":"closed","sticky":false,"template":"","format":"standard","meta":{"_acf_changed":false,"_monsterinsights_skip_tracking":false,"_monsterinsights_sitenote_active":false,"_monsterinsights_sitenote_note":"","_monsterinsights_sitenote_category":0,"ngg_post_thumbnail":0,"footnotes":"","_wp_rev_ctl_limit":""},"categories":[8],"tags":[98],"acf":[],"_links":{"self":[{"href":"https:\/\/www.bibula.com\/index.php?rest_route=\/wp\/v2\/posts\/33746"}],"collection":[{"href":"https:\/\/www.bibula.com\/index.php?rest_route=\/wp\/v2\/posts"}],"about":[{"href":"https:\/\/www.bibula.com\/index.php?rest_route=\/wp\/v2\/types\/post"}],"author":[{"embeddable":true,"href":"https:\/\/www.bibula.com\/index.php?rest_route=\/wp\/v2\/users\/1"}],"replies":[{"embeddable":true,"href":"https:\/\/www.bibula.com\/index.php?rest_route=%2Fwp%2Fv2%2Fcomments&post=33746"}],"version-history":[{"count":0,"href":"https:\/\/www.bibula.com\/index.php?rest_route=\/wp\/v2\/posts\/33746\/revisions"}],"wp:attachment":[{"href":"https:\/\/www.bibula.com\/index.php?rest_route=%2Fwp%2Fv2%2Fmedia&parent=33746"}],"wp:term":[{"taxonomy":"category","embeddable":true,"href":"https:\/\/www.bibula.com\/index.php?rest_route=%2Fwp%2Fv2%2Fcategories&post=33746"},{"taxonomy":"post_tag","embeddable":true,"href":"https:\/\/www.bibula.com\/index.php?rest_route=%2Fwp%2Fv2%2Ftags&post=33746"}],"curies":[{"name":"wp","href":"https:\/\/api.w.org\/{rel}","templated":true}]}}